{"id":1244804,"date":"2026-08-18T12:34:21","date_gmt":"2026-08-18T12:34:21","guid":{"rendered":"https:\/\/www.europesays.com\/de\/1244804\/"},"modified":"2026-08-18T12:34:21","modified_gmt":"2026-08-18T12:34:21","slug":"hessen-hessisches-innenministerium-verbietet-verein-palaestina-e-v","status":"publish","type":"post","link":"https:\/\/www.europesays.com\/de\/1244804\/","title":{"rendered":"Hessen: Hessisches Innenministerium verbietet Verein &#8222;Pal\u00e4stina e.V.&#8220;"},"content":{"rendered":"<p>            <img loading=\"lazy\" decoding=\"async\" class=\"ts-image\" src=\"https:\/\/www.europesays.com\/de\/wp-content\/uploads\/2026\/08\/hr-der-verein-palaestina-trat-in-frankfurt-oeffentlich-auf-zum-beispiel-mit-einem-kulturfest-an-der-.jpeg\" alt=\"Eine Flagge mit der Aufschrift &quot;Free Palestine&quot; flattert im Wind. Im Hintergrund sind Hochh\u00e4user zu sehen.\" title=\"Der Verein Pal\u00e4stina trat in Frankfurt \u00f6ffentlich auf - zum Beispiel mit einem Kulturfest an der Hauptwache. | picture alliance\/dpa | Andreas Arnold\"\/><\/p>\n<p class=\"metatextline\">Stand: 18.08.2026 \u2022 14:26 Uhr<\/p>\n<p class=\"article-head__shorttext\">\n        <strong>Das hessische Innenministerium hat den israelfeindlichen Verein &#8222;Pal\u00e4stina e.V.&#8220; verboten. Er versto\u00dfe gegen die verfassungsm\u00e4\u00dfige Ordnung und den Gedanken der V\u00f6lkerverst\u00e4ndigung. Das LKA durchsuchte mehrere Wohnungen und Lagerr\u00e4ume.<\/strong>\n    <\/p>\n<p class=\"textabsatz m-ten m-offset-one l-eight l-offset-two columns twelve\">Dem Verbot sei ein verwaltungsgerichtliches Verfahren vorangegangen, teilte das hessische Innenministerium am Dienstag mit. Der Verwaltungsgerichtshof Kassel sei ebenfalls der Auffassung, dass &#8222;hinreichende tats\u00e4chliche Anhaltspunkte f\u00fcr ein Verbot&#8220; best\u00fcnden.<\/p>\n<p class=\"textabsatz m-ten m-offset-one l-eight l-offset-two columns twelve\">Demnach wird dem Verein &#8222;Pal\u00e4stina e.V.&#8220; vorgeworfen, gegen die verfassungsm\u00e4\u00dfige Ordnung und den Gedanken der V\u00f6lkerverst\u00e4ndigung versto\u00dfen zu haben.<\/p>\n<p>    Durchsuchungen in Wohnungen und Lagerr\u00e4umen<\/p>\n<p class=\"textabsatz m-ten m-offset-one l-eight l-offset-two columns twelve\">In diesem Zusammenhang sei es am Dienstag zu Durchsuchungen in drei Wohnungen sowie zwei Lagerr\u00e4umen in Hessen und einer Wohnung in Baden-W\u00fcrttemberg gekommen. Insgesamt seien f\u00fcnf Personen betroffen gewesen. Festnahmen habe es nicht gegeben.<\/p>\n<p class=\"textabsatz m-ten m-offset-one l-eight l-offset-two columns twelve\">Bei den Razzien seien umfangreiches Beweismaterial und Verm\u00f6genswerte gefunden und sichergestellt worden, &#8222;insbesondere elektronische Datentr\u00e4ger, Laptops, Rechner, Bargeld, Propagandamaterial wie Aufkleber, Banner und Schriftst\u00fccke&#8220;.<\/p>\n<p class=\"textabsatz m-ten m-offset-one l-eight l-offset-two columns twelve\">Der Verein &#8222;Pal\u00e4stina e.V.&#8220; soll sich laut Innenministerium \u00fcber zwei verwaltungsgerichtliche Instanzen vergeblich gegen Durchsuchungen gewehrt haben.<\/p>\n<p>    &#8222;Klares Zeichen gegen Antisemitismus&#8220;<\/p>\n<p class=\"textabsatz m-ten m-offset-one l-eight l-offset-two columns twelve\">Innenminister Roman Poseck (CDU) erkl\u00e4rte, mit dem Verbot setze Hessen ein klares Zeichen &#8222;f\u00fcr das entschlossene Handeln des Rechtsstaates und gegen das Erstarken des Antisemitismus&#8220;. Der Schutz j\u00fcdischen Lebens habe h\u00f6chste Priorit\u00e4t und sei nicht verhandelbar.<\/p>\n<p class=\"textabsatz m-ten m-offset-one l-eight l-offset-two columns twelve\">Der Verein habe mit antisemitischer Propaganda die Grenzen zul\u00e4ssiger politischer Meinungs\u00e4u\u00dferung \u00fcberschritten und seine T\u00e4tigkeit darauf ausgerichtet, &#8222;antisemitische Feindbilder zu verbreiten, gesellschaftliche Spannungen zu vertiefen und den Gedanken der V\u00f6lkerverst\u00e4ndigung nachhaltig zu beeintr\u00e4chtigen&#8220;.<\/p>\n<p>    Durchsuchungen im Januar 2025<\/p>\n<p class=\"textabsatz m-ten m-offset-one l-eight l-offset-two columns twelve\">Ein Vereinsverbot hat die Aufl\u00f6sung der Vereinsstrukturen und die Beschlagnahme des Vereinsverm\u00f6gens zur Folge. Bereits im Januar 2025 durchsuchte das Landeskriminalamt (LKA) <a href=\"https:\/\/www.hessenschau.de\/panorama\/antisemitismus-verdacht-polizei-durchsucht-palaestina-verein-in-frankfurt--v2,verein-ermittlungen-palaestina-100.html\" title=\"Wohnungen des Vereinsvorstands und weiterer Mitglieder\" class=\"textlink--extern\" target=\"_blank\" rel=\"noopener nofollow\">Wohnungen des Vereinsvorstands und weiterer Mitglieder<\/a>.<\/p>\n<p class=\"textabsatz m-ten m-offset-one l-eight l-offset-two columns twelve\">Seit 2023 lief gegen den im Jahr zuvor gegr\u00fcndeten Verein zudem ein vereinsrechtliches Ermittlungsverfahren. In der Folge seien &#8222;die tats\u00e4chlichen Aktivit\u00e4ten, \u00f6ffentliche \u00c4u\u00dferungen sowie Veranstaltungen des Vereins&#8220; umfassend ausgewertet worden, meldete das Innenministerium am Dienstag.<\/p>\n<p class=\"textabsatz m-ten m-offset-one l-eight l-offset-two columns twelve\">Die gewonnenen Erkenntnisse best\u00e4tigten demnach, dass der Verein &#8222;\u00fcber einen l\u00e4ngeren Zeitraum hinweg antisemitische Positionen verbreitet, das Existenzrecht des Staates Israel bestritten und entsprechende Propaganda in die \u00d6ffentlichkeit getragen&#8220; habe.<\/p>\n<p>    Trotz &#8222;Selbstaufl\u00f6sung&#8220; aktiv<\/p>\n<p class=\"textabsatz m-ten m-offset-one l-eight l-offset-two columns twelve\">Dem Innenministerium zufolge trat der Verein seit dem Angriff der Terrororganisation Hamas auf Israel am 7. Oktober 2023 vermehrt \u00f6ffentlich in Erscheinung. Dabei habe er explizit den Terrorangriff bef\u00fcrwortet. Ein f\u00fchrendes Vereinsmitglied etwa habe diesen als &#8222;eine gelungene Widerstandsaktion&#8220; bezeichnet.<\/p>\n<p class=\"textabsatz m-ten m-offset-one l-eight l-offset-two columns twelve\">Eine im November 2024 vom Verein \u00fcber seine Social-Media-Kan\u00e4le mitgeteilte Selbstaufl\u00f6sung gab es demnach nicht: Der Verein habe seine Aktivit\u00e4ten fortgesetzt und &#8222;seine antisemitische Propaganda unver\u00e4ndert beharrlich&#8220; weiterverbreitet.<\/p>\n<p>    Antisemitismusbeauftragter: Wichtiger Schritt<\/p>\n<p class=\"textabsatz m-ten m-offset-one l-eight l-offset-two columns twelve\">Hessens Antisemitismusbeauftragter Uwe Becker (CDU) wertet das Verbot des Vereins &#8222;Pal\u00e4stina e.V.&#8220; als wichtigen Schritt im Kampf gegen den israelbezogenen Antisemitismus. Hessen mache damit klar, dass Hass und Hetze gegen J\u00fcdinnen und Juden hier keinen Platz haben d\u00fcrften.<\/p>\n<p class=\"textabsatz m-ten m-offset-one l-eight l-offset-two columns twelve\">Wer sich mit pal\u00e4stinensischem Terror solidarisiere und die Ausl\u00f6schung des israelischen Staates fordere, der sei in der Gesellschaft fehl am Platz. Laut Becker war der Verein eng mit Vorfeldorganisationen des pal\u00e4stinensischen Terrors und linksextremistischen Gruppen in Deutschland verwoben.<\/p>\n<p>    Mehr antisemitische Straftaten<\/p>\n<p class=\"textabsatz m-ten m-offset-one l-eight l-offset-two columns twelve\">Die Zahl antisemitischer Straftaten in Hessen stieg im vergangenen Jahr erneut: von 357 in 2024 auf 374 F\u00e4lle im Jahr 2025. Auch die Recherche- und Informationsstelle Antisemitismus (RIAS) Hessen verzeichnete mit 1.099 Vorf\u00e4llen einen neuen H\u00f6chstwert im vergangenen Jahr.<\/p>\n<p>                                        <a class=\"backlink__link\" href=\"https:\/\/www.hessenschau.de\/panorama\/hessisches-innenministerium-verbietet-verein-palaestina-ev--v5,palaestina-verein-verboten-100.html\" rel=\"nofollow noopener\" target=\"_blank\"><\/p>\n<p>                                                <img decoding=\"async\" src=\"https:\/\/images.tagesschau.de\/image\/d5dbef2b-a561-4a5d-8a3f-af75f4c80994\/AAABlap_bik\/AAABnR8VW9w\/original\/lra-hr-logo-100.svg\" alt=\"Hessischer Rundfunk\"\/><\/p>\n<p>                                        <\/a><\/p>\n","protected":false},"excerpt":{"rendered":"Stand: 18.08.2026 \u2022 14:26 Uhr Das hessische Innenministerium hat den israelfeindlichen Verein &#8222;Pal\u00e4stina e.V.&#8220; verboten. Er versto\u00dfe gegen&hellip;\n","protected":false},"author":2,"featured_media":1244805,"comment_status":"","ping_status":"","sticky":false,"template":"","format":"standard","meta":{"footnotes":"","_share_on_mastodon":"0"},"categories":[5],"tags":[13,2052,12591,14,15,12,10,8,9,11],"class_list":["post-1244804","post","type-post","status-publish","format-standard","has-post-thumbnail","category-nachrichten","tag-headlines","tag-hessen","tag-hr","tag-nachrichten","tag-news","tag-schlagzeilen","tag-top-news","tag-top-meldungen","tag-topmeldungen","tag-topnews"],"share_on_mastodon":{"url":"https:\/\/pubeurope.com\/@de\/117116539344966779","error":""},"_links":{"self":[{"href":"https:\/\/www.europesays.com\/de\/wp-json\/wp\/v2\/posts\/1244804","targetHints":{"allow":["GET"]}}],"collection":[{"href":"https:\/\/www.europesays.com\/de\/wp-json\/wp\/v2\/posts"}],"about":[{"href":"https:\/\/www.europesays.com\/de\/wp-json\/wp\/v2\/types\/post"}],"author":[{"embeddable":true,"href":"https:\/\/www.europesays.com\/de\/wp-json\/wp\/v2\/users\/2"}],"replies":[{"embeddable":true,"href":"https:\/\/www.europesays.com\/de\/wp-json\/wp\/v2\/comments?post=1244804"}],"version-history":[{"count":0,"href":"https:\/\/www.europesays.com\/de\/wp-json\/wp\/v2\/posts\/1244804\/revisions"}],"wp:featuredmedia":[{"embeddable":true,"href":"https:\/\/www.europesays.com\/de\/wp-json\/wp\/v2\/media\/1244805"}],"wp:attachment":[{"href":"https:\/\/www.europesays.com\/de\/wp-json\/wp\/v2\/media?parent=1244804"}],"wp:term":[{"taxonomy":"category","embeddable":true,"href":"https:\/\/www.europesays.com\/de\/wp-json\/wp\/v2\/categories?post=1244804"},{"taxonomy":"post_tag","embeddable":true,"href":"https:\/\/www.europesays.com\/de\/wp-json\/wp\/v2\/tags?post=1244804"}],"curies":[{"name":"wp","href":"https:\/\/api.w.org\/{rel}","templated":true}]}}