{"id":1244810,"date":"2026-08-18T12:38:25","date_gmt":"2026-08-18T12:38:25","guid":{"rendered":"https:\/\/www.europesays.com\/de\/1244810\/"},"modified":"2026-08-18T12:38:25","modified_gmt":"2026-08-18T12:38:25","slug":"kiel-mettenhof-zeugenaufruf-nach-einbruch-in-juweliergeschaeft","status":"publish","type":"post","link":"https:\/\/www.europesays.com\/de\/1244810\/","title":{"rendered":"Kiel-Mettenhof: Zeugenaufruf nach Einbruch in Juweliergesch\u00e4ft"},"content":{"rendered":"<p>\n                Stand: 18.08.2026 13:32 Uhr<\/p>\n<p>                    <a href=\"https:\/\/www.europesays.com\/de\/wp-content\/uploads\/2026\/07\/einbruch628.webp\" class=\"zoomimage\" title=\"Bild vergr\u00f6\u00dfern\"><\/p>\n<p>        <img decoding=\"async\" src=\"https:\/\/www.europesays.com\/de\/wp-content\/uploads\/2026\/07\/einbruch628.webp\" alt=\"Einbrecher hebelt mit einem Brecheisen ein Fenster auf.\" title=\"Die T\u00e4ter erbeuteten Schmuck im Wert von mehr als 100.000 Euro. | Fotolia.com, sdecoret\" class=\"responsive\" loading=\"lazy\"\/><\/p>\n<p>                    <\/a><\/p>\n<p>                    Die T\u00e4ter erbeuteten Schmuck im Wert von mehr als 100.000 Euro.<\/p>\n<p class=\"\">Nach dem Einbruch in ein Juweliergesch\u00e4ft in <a href=\"https:\/\/www.ndr.de\/nachrichten\/schleswig-holstein\/Kiel-Aktuelle-Nachrichten-News-und-Videos,kiel7262.html\" title=\"Kiel - Aktuelle Nachrichten und Videos\" rel=\"nofollow noopener\" target=\"_blank\">Kiel-Mettenhof<\/a> am vergangenen Freitag (14.8.) sucht die Polizei nun nach Zeugen. Dabei geht es laut Polizei vor allem um verd\u00e4chtige Beobachtungen in der Nacht zu Freitag im Bereich des Einkaufszentrums in Mettenhof. Auch Beobachtungen und Hinweise zu einem roten oder schwarzen VW Golf seien hilfreich. Hinweise nimmt die Polizei Kiel entgegen.<\/p>\n<p>    Schmuck im Wert von 100.000 Euro gestohlen<\/p>\n<p class=\"\">Die T\u00e4ter waren gegen 4 Uhr mit einem Auto in die Passage eines Einkaufszentrums am Kurt-Schumacher-Platz gefahren. Sie erbeuteten Schmuck im Wert von voraussichtlich mehr als 100.000 Euro. Die T\u00e4ter fl\u00fcchteten anschlie\u00dfend und lie\u00dfen einen schwarzen VW Golf am Tatort zur\u00fcck. Nach Zeugenaussagen soll au\u00dferdem ein roter VW Golf am Tatort gewesen sein.<\/p>\n<p class=\"\">Ein entsprechendes Fahrzeug wurde sp\u00e4ter im <a href=\"https:\/\/www.ndr.de\/nachrichten\/schleswig-holstein\/Kreis-Rendsburg-Eckernfoerde-Aktuelle-Nachrichten-und-Videos,rendsburgeckernfoerde118.html\" title=\"Kreis Rendsburg-Eckernf\u00f6rde - Aktuelle Nachrichten und Videos\" rel=\"nofollow noopener\" target=\"_blank\">Kreis Rendsburg-Eckernf\u00f6rde<\/a> verlassen aufgefunden und von der Polizei sichergestellt. Ob der rote Golf mit dem Einbruch in Verbindung steht, ist noch Gegenstand der Ermittlungen.<\/p>\n<p>        <img decoding=\"async\" src=\"https:\/\/www.europesays.com\/de\/wp-content\/uploads\/2026\/08\/juwelier-132.webp\" alt=\"Die Fensterscheibe eines Juweliergesch\u00e4fts ist eingeschlagen\" title=\"Die Fensterscheibe eines Juweliergesch\u00e4fts ist eingeschlagen | Daniel Friederichs\" class=\"responsive\" loading=\"lazy\"\/><\/p>\n<p>Die Einbrecher sind in der Nacht zu Freitag in die Fensterfront des Gesch\u00e4fts gefahren. Die Kriminalpolizei ermittelt.<\/p>\n<p>        <img decoding=\"async\" src=\"https:\/\/www.europesays.com\/de\/wp-content\/uploads\/2026\/08\/juewelierraub-100.webp\" alt=\"Ein Angeklagter im Prozess um den Juewelierraub in Kiel verdeckt sein Gesicht.\" title=\"Ein Angeklagter im Prozess um den Juewelierraub in Kiel verdeckt sein Gesicht. | NDR, Thomas Viet Dang\" class=\"responsive\" loading=\"lazy\"\/><\/p>\n<p>Der Mann wurde nach Jugendstrafrecht verurteilt. Bei dem \u00dcberfall in Gaarden erbeutete er mit einem Komplizen Schmuck im Wert von 200.000 Euro. <\/p>\n<p>        Schlagw\u00f6rter zu diesem Artikel<\/p>\n<p>            <a href=\"https:\/\/www.ndr.de\/nachrichten\/schleswig-holstein\/Kiel-Aktuelle-Nachrichten-News-und-Videos,kiel7262.html\" rel=\"nofollow noopener\" target=\"_blank\">Kiel<\/a><\/p>\n","protected":false},"excerpt":{"rendered":"Stand: 18.08.2026 13:32 Uhr Die T\u00e4ter erbeuteten Schmuck im Wert von mehr als 100.000 Euro. Nach dem Einbruch&hellip;\n","protected":false},"author":2,"featured_media":1201968,"comment_status":"","ping_status":"","sticky":false,"template":"","format":"standard","meta":{"footnotes":"","_share_on_mastodon":"0"},"categories":[1852],"tags":[11056,3364,29,548,663,3934,30,13,4949,14,15,121,4576,12,1971,1997,4578],"class_list":["post-1244810","post","type-post","status-publish","format-standard","has-post-thumbnail","category-kiel","tag-juwelier","tag-de","tag-deutschland","tag-eu","tag-europa","tag-europe","tag-germany","tag-headlines","tag-kiel","tag-nachrichten","tag-news","tag-polizei","tag-raub","tag-schlagzeilen","tag-schleswig-holstein","tag-staatsanwaltschaft","tag-zeugenaufruf"],"share_on_mastodon":{"url":"https:\/\/pubeurope.com\/@de\/117116557409618330","error":""},"_links":{"self":[{"href":"https:\/\/www.europesays.com\/de\/wp-json\/wp\/v2\/posts\/1244810","targetHints":{"allow":["GET"]}}],"collection":[{"href":"https:\/\/www.europesays.com\/de\/wp-json\/wp\/v2\/posts"}],"about":[{"href":"https:\/\/www.europesays.com\/de\/wp-json\/wp\/v2\/types\/post"}],"author":[{"embeddable":true,"href":"https:\/\/www.europesays.com\/de\/wp-json\/wp\/v2\/users\/2"}],"replies":[{"embeddable":true,"href":"https:\/\/www.europesays.com\/de\/wp-json\/wp\/v2\/comments?post=1244810"}],"version-history":[{"count":0,"href":"https:\/\/www.europesays.com\/de\/wp-json\/wp\/v2\/posts\/1244810\/revisions"}],"wp:featuredmedia":[{"embeddable":true,"href":"https:\/\/www.europesays.com\/de\/wp-json\/wp\/v2\/media\/1201968"}],"wp:attachment":[{"href":"https:\/\/www.europesays.com\/de\/wp-json\/wp\/v2\/media?parent=1244810"}],"wp:term":[{"taxonomy":"category","embeddable":true,"href":"https:\/\/www.europesays.com\/de\/wp-json\/wp\/v2\/categories?post=1244810"},{"taxonomy":"post_tag","embeddable":true,"href":"https:\/\/www.europesays.com\/de\/wp-json\/wp\/v2\/tags?post=1244810"}],"curies":[{"name":"wp","href":"https:\/\/api.w.org\/{rel}","templated":true}]}}