{"id":1244908,"date":"2026-08-18T13:39:18","date_gmt":"2026-08-18T13:39:18","guid":{"rendered":"https:\/\/www.europesays.com\/de\/1244908\/"},"modified":"2026-08-18T13:39:18","modified_gmt":"2026-08-18T13:39:18","slug":"prozess-in-muenchen-30-jaehriger-soll-mann-schraubenzieher-in-die-brust-gestochen-haben-muenchen","status":"publish","type":"post","link":"https:\/\/www.europesays.com\/de\/1244908\/","title":{"rendered":"Prozess in M\u00fcnchen: 30-J\u00e4hriger soll Mann Schraubenzieher in die Brust gestochen haben &#8211; M\u00fcnchen"},"content":{"rendered":"<p data-manual=\"paragraph\" data-schema-org-speakable=\"true\" class=\"css-1eosz7k\">Ihm sei klar gewesen, sagt Jan S., dass er sofort\u00a0verhaftet werden w\u00fcrde, sobald er zur\u00fcck nach Deutschland kommt. Schlie\u00dflich lag ein Haftbefehl gegen ihn vor. Im November 2023 hatte sich S. nach Iran zu Verwandten abgesetzt. Doch im vergangenen Jahr, Ende September, kehrte er zur\u00fcck nach <a href=\"https:\/\/www.sueddeutsche.de\/thema\/M%C3%BCnchen\" rel=\"nofollow noopener\" target=\"_blank\">M\u00fcnchen<\/a> \u2013 und wurde, wie er es erwartet hatte, von der Polizei festgenommen. Nun muss sich der 30-j\u00e4hrige Sprachlehrer wegen versuchten Totschlags vor einer Schwurgerichtskammer am <a href=\"https:\/\/www.sueddeutsche.de\/thema\/Landgericht_M%C3%BCnchen\" rel=\"nofollow noopener\" target=\"_blank\">Landgericht M\u00fcnchen<\/a> I verantworten.<\/p>\n<p data-manual=\"paragraph\" data-schema-org-speakable=\"true\" class=\"css-1eosz7k\">Ob er seinen Entschluss, wieder nach Deutschland zu kommen, schon bereut habe, erkundigte sich der Vorsitzende Richter Markus Koppenleitner bei Jan S. zum Auftakt des Prozesses. \u201eBis jetzt nicht, noch nicht\u201c, lautete die Antwort. In der Nacht des 2. November 2023 soll S. einem Dealer in <a href=\"https:\/\/www.sueddeutsche.de\/thema\/Giesing\" rel=\"nofollow noopener\" target=\"_blank\">Giesing<\/a> auf offener Stra\u00dfe zun\u00e4chst zwei Faustschl\u00e4ge ins Gesicht versetzt und ihm anschlie\u00dfend einen Schraubenzieher \u201emit undosierter Wucht in den linken Brustbereich\u201c gestochen haben, so der Vorwurf der Staatsanwaltschaft.<\/p>\n<p data-manual=\"paragraph\" data-schema-org-speakable=\"true\" class=\"css-1eosz7k\">Vor der mutma\u00dflichen Attacke hatte ein Freund von Jan S. bei dem Dealer ein Kilogramm Marihuana zum Preis von 5300 Euro gekauft. Doch das Gras sei \u201eabsoluter Schrott\u201c gewesen, so der 30-J\u00e4hrige. Sein Freund soll sich deshalb bei dem Dealer beschwert und ein weiteres Treffen vereinbart haben, mit dem Ziel, das Gesch\u00e4ft r\u00fcckg\u00e4ngig zu machen.<\/p>\n<p data-manual=\"paragraph\" data-schema-org-speakable=\"true\" class=\"css-1eosz7k\">Nur gut zwei Stunden nach der \u00dcbergabe kam der Dealer zur Wohnung seines Kunden in Untergiesing. Der wartete bereits auf der Stra\u00dfe. Mit dabei ein Freund und Jan S. Es kam zu einem Streit \u00fcber die vermeintlich schlechte Qualit\u00e4t des Marihuanas. Obwohl er mit dem Drogengesch\u00e4ft eigentlich nichts zu tun hatte, soll Jan S. ma\u00dfgeblich dazu beigetragen haben, dass die Situation immer mehr eskalierte.<\/p>\n<p data-manual=\"paragraph\" data-schema-org-speakable=\"true\" class=\"css-1eosz7k\">In einer Erkl\u00e4rung, die sein Verteidiger, Rechtsanwalt Maximilian Pauls, f\u00fcr ihn abgab, r\u00e4umte Jan S. die beinahe t\u00f6dliche Attacke auf den Dealer ein. Da dieser sich gegen\u00fcber seinem Freund bei dem Streit \u00fcber die Qualit\u00e4t des Marihuanas \u201ever\u00e4chtlich\u201c ge\u00e4u\u00dfert habe, sei er, so S., w\u00fctend geworden. Weil der Dealer nach den Faustschl\u00e4gen auf ihn losgegangen sei, habe er diesem \u201espontan\u201c mit einem Schraubenzieher in den Bauch stechen wollen. Dass der Stich tats\u00e4chlich in die Brust ging, sei nicht beabsichtigt gewesen. Er habe in diesem Augenblick stark unter Adrenalin gestanden, behauptet Jan S. in seiner Erkl\u00e4rung. Au\u00dferdem habe er vor der Tat \u00fcber den Tag verteilt 1,5 Gramm Kokain geraucht.<\/p>\n<p data-manual=\"paragraph\" data-schema-org-speakable=\"true\" class=\"css-1eosz7k\">Auf die Frage von Richter Koppenleitner, warum er sich in den Streit um die angeblich schlechte Qualit\u00e4t \u00fcberhaupt eingemischt habe, antwortete Jan S., der auffallend besonnen wirkt und es versteht, sich \u00e4u\u00dferst gew\u00e4hlt auszudr\u00fccken: \u201eEs war eine Torheit.\u201c Nach der Attacke auf den Dealer fl\u00fcchteten der 30-J\u00e4hrige und die beiden anderen jungen M\u00e4nner.<\/p>\n<p data-manual=\"paragraph\" data-schema-org-speakable=\"true\" class=\"css-1eosz7k\">Jan S. ist sechsmal vorbestraft und verb\u00fc\u00dfte auch schon Haftstrafen. Bei zwei Taten ging es ebenfalls um Drogengesch\u00e4fte, bei denen er mit einem Schraubenzieher auf andere losgegangen war. Ob er nichts gelernt habe aus seinen Vorverurteilungen, wollte Richter Koppenleitner von dem 30-J\u00e4hrigen wissen, worauf dieser antwortete: \u201eDamals war ich jung, heute bin ich erwachsen.\u201c Der Prozess wird fortgesetzt.<\/p>\n","protected":false},"excerpt":{"rendered":"Ihm sei klar gewesen, sagt Jan S., dass er sofort\u00a0verhaftet werden w\u00fcrde, sobald er zur\u00fcck nach Deutschland kommt.&hellip;\n","protected":false},"author":2,"featured_media":1244909,"comment_status":"","ping_status":"","sticky":false,"template":"","format":"standard","meta":{"footnotes":"","_share_on_mastodon":"0"},"categories":[1827],"tags":[772,29,2634,30,6787,2553,2638,1268,149,19391],"class_list":["post-1244908","post","type-post","status-publish","format-standard","has-post-thumbnail","category-muenchen","tag-bayern","tag-deutschland","tag-gerichtsprozesse-in-muenchen","tag-germany","tag-giesing","tag-landgericht-muenchen","tag-landgericht-muenchen-i","tag-muenchen","tag-sueddeutsche-zeitung","tag-untergiesing-harlaching"],"share_on_mastodon":{"url":"https:\/\/pubeurope.com\/@de\/117116794761874556","error":""},"_links":{"self":[{"href":"https:\/\/www.europesays.com\/de\/wp-json\/wp\/v2\/posts\/1244908","targetHints":{"allow":["GET"]}}],"collection":[{"href":"https:\/\/www.europesays.com\/de\/wp-json\/wp\/v2\/posts"}],"about":[{"href":"https:\/\/www.europesays.com\/de\/wp-json\/wp\/v2\/types\/post"}],"author":[{"embeddable":true,"href":"https:\/\/www.europesays.com\/de\/wp-json\/wp\/v2\/users\/2"}],"replies":[{"embeddable":true,"href":"https:\/\/www.europesays.com\/de\/wp-json\/wp\/v2\/comments?post=1244908"}],"version-history":[{"count":0,"href":"https:\/\/www.europesays.com\/de\/wp-json\/wp\/v2\/posts\/1244908\/revisions"}],"wp:featuredmedia":[{"embeddable":true,"href":"https:\/\/www.europesays.com\/de\/wp-json\/wp\/v2\/media\/1244909"}],"wp:attachment":[{"href":"https:\/\/www.europesays.com\/de\/wp-json\/wp\/v2\/media?parent=1244908"}],"wp:term":[{"taxonomy":"category","embeddable":true,"href":"https:\/\/www.europesays.com\/de\/wp-json\/wp\/v2\/categories?post=1244908"},{"taxonomy":"post_tag","embeddable":true,"href":"https:\/\/www.europesays.com\/de\/wp-json\/wp\/v2\/tags?post=1244908"}],"curies":[{"name":"wp","href":"https:\/\/api.w.org\/{rel}","templated":true}]}}