{"id":1244917,"date":"2026-08-18T13:44:16","date_gmt":"2026-08-18T13:44:16","guid":{"rendered":"https:\/\/www.europesays.com\/de\/1244917\/"},"modified":"2026-08-18T13:44:16","modified_gmt":"2026-08-18T13:44:16","slug":"berlin-klingbeil-unser-weg-an-spd-spitze-ist-der-richtige","status":"publish","type":"post","link":"https:\/\/www.europesays.com\/de\/1244917\/","title":{"rendered":"Berlin | Klingbeil: Unser Weg an SPD-Spitze ist der richtige"},"content":{"rendered":"<p>Berlin (dpa) &#8211; SPD-Chef Lars Klingbeil sieht trotz heftiger Kritik keinen Anlass f\u00fcr eine grundlegende Kurs\u00e4nderung an der Parteispitze. Der Weg, den Parteichefin B\u00e4rbel Bas und er eingeschlagen h\u00e4tten, \u00abder ist richtig\u00bb, sagte der Vizekanzler im Sommerinterview der Sat.1-Sendung \u00ab:newstime\u00bb. Es sei richtig, sich auf Wirtschaft, Arbeitspl\u00e4tze, einen zukunftsfesten Sozialstaat, Milliardeninvestitionen sowie Sicherheitspolitik zu konzentrieren.\u00a0<\/p>\n<p>\u00abUnd es ist auch richtig, dass wir mit der CDU, mit Friedrich Merz, mit Markus S\u00f6der gemeinsam versuchen, bei allem harten Ringen, bei allen Differenzen, die da sind, dass wir versuchen, in der demokratischen Mitte Kompromisse und gemeinsame L\u00f6sungen f\u00fcr die Herausforderungen in diesem Land zu finden\u00bb, betonte Klingbeil. Er sei in der Politik, um Verantwortung zu tragen. \u00abUnd von dem Weg lasse ich mich auch nicht abbringen.\u00bb<\/p>\n<p>In der SPD war Kritik an den Parteichefs zuletzt immer lauter geworden, in der Basis gibt es den Wunsch nach einem Sonderparteitag zur Neuaufstellung der Parteispitze. Den Unmut k\u00f6nne er angesichts der Umfragewerte nachvollziehen, sagte Klingbeil. Ein neuer Finanzminister oder ein neuer Parteichef st\u00fcnde aber vor den gleichen Problemen: einem Haushalt mit Milliardenl\u00fccken, fehlendem Wirtschaftswachstum und aus dem Ruder laufenden Kosten bei Rente, Pflege und Gesundheit.\u00a0<\/p>\n<p>Es gehe um schwierige Entscheidungen und Verantwortung. \u00abDas ist der Weg, f\u00fcr den ich stehe. Und ich bin mir sicher, das sehen viele in der SPD auch so\u00bb, sagte Klingbeil.<\/p>\n","protected":false},"excerpt":{"rendered":"Berlin (dpa) &#8211; SPD-Chef Lars Klingbeil sieht trotz heftiger Kritik keinen Anlass f\u00fcr eine grundlegende Kurs\u00e4nderung an der&hellip;\n","protected":false},"author":2,"featured_media":1244918,"comment_status":"","ping_status":"","sticky":false,"template":"","format":"standard","meta":{"footnotes":"","_share_on_mastodon":"0"},"categories":[1825],"tags":[1941,1939,296,1937,29,30,1940,1938,2403,184],"class_list":["post-1244917","post","type-post","status-publish","format-standard","has-post-thumbnail","category-berlin","tag-aktuelle-nachrichten-aus-berlin","tag-aktuelle-news-aus-berlin","tag-berlin","tag-berlin-news","tag-deutschland","tag-germany","tag-nachrichten-aus-berlin","tag-news-aus-berlin","tag-partei","tag-spd"],"share_on_mastodon":{"url":"https:\/\/pubeurope.com\/@de\/117116814517576358","error":""},"_links":{"self":[{"href":"https:\/\/www.europesays.com\/de\/wp-json\/wp\/v2\/posts\/1244917","targetHints":{"allow":["GET"]}}],"collection":[{"href":"https:\/\/www.europesays.com\/de\/wp-json\/wp\/v2\/posts"}],"about":[{"href":"https:\/\/www.europesays.com\/de\/wp-json\/wp\/v2\/types\/post"}],"author":[{"embeddable":true,"href":"https:\/\/www.europesays.com\/de\/wp-json\/wp\/v2\/users\/2"}],"replies":[{"embeddable":true,"href":"https:\/\/www.europesays.com\/de\/wp-json\/wp\/v2\/comments?post=1244917"}],"version-history":[{"count":0,"href":"https:\/\/www.europesays.com\/de\/wp-json\/wp\/v2\/posts\/1244917\/revisions"}],"wp:featuredmedia":[{"embeddable":true,"href":"https:\/\/www.europesays.com\/de\/wp-json\/wp\/v2\/media\/1244918"}],"wp:attachment":[{"href":"https:\/\/www.europesays.com\/de\/wp-json\/wp\/v2\/media?parent=1244917"}],"wp:term":[{"taxonomy":"category","embeddable":true,"href":"https:\/\/www.europesays.com\/de\/wp-json\/wp\/v2\/categories?post=1244917"},{"taxonomy":"post_tag","embeddable":true,"href":"https:\/\/www.europesays.com\/de\/wp-json\/wp\/v2\/tags?post=1244917"}],"curies":[{"name":"wp","href":"https:\/\/api.w.org\/{rel}","templated":true}]}}