{"id":1244920,"date":"2026-08-18T13:46:14","date_gmt":"2026-08-18T13:46:14","guid":{"rendered":"https:\/\/www.europesays.com\/de\/1244920\/"},"modified":"2026-08-18T13:46:14","modified_gmt":"2026-08-18T13:46:14","slug":"4-hands-dinner-im-schmidt-zko-berlin","status":"publish","type":"post","link":"https:\/\/www.europesays.com\/de\/1244920\/","title":{"rendered":"4-Hands-Dinner im Schmidt Z&#038;KO | Berlin"},"content":{"rendered":"<p>Am 3. September 2026 treffen im Restaurant Schmidt Z&amp;KO in Steglitz zwei K\u00f6che aufeinander, die unterschiedliche Wege gegangen sind und die doch eines verbindet: der hohe Anspruch an ihr Handwerk. Beim exklusiven 4-Hands-Dinner gestaltet Gastgeber Gerrit Wensing gemeinsam mit Wolfgang Pade, der das Restaurant Alte Schmiede in Verden \u00fcber viele Jahre pr\u00e4gte und 17 Jahre lang einen Michelin-Stern trug, ein gemeinsames Sechs-G\u00e4nge-Men\u00fc. Jede K\u00fcche steuert drei G\u00e4nge bei und bringt ihre eigene Handschrift ein.<\/p>\n<p>Das Schmidt Z&amp;KO hat sich in den vergangenen Jahren mit einer produktorientierten, modernen K\u00fcche und einer entspannten Atmosph\u00e4re einen Namen gemacht. Regelm\u00e4\u00dfig l\u00e4dt das Restaurant befreundete Spitzenk\u00f6che ein, um gemeinsam besondere Men\u00fcs zu entwickeln, die G\u00e4sten die M\u00f6glichkeit bieten, unterschiedliche Kochstile an einem Abend kennenzulernen.<\/p>\n<p>Den Auftakt machen am 3. September Sylter Sauerteigbrot aus dem Schmidt Z&amp;KO und Wolfgang Pades Focaccia, bevor beide K\u00fcchen ihre ersten Vorspeisen servieren. Gerrit Wensing setzt auf Tatar von Holsteiner Lachsforelle mit Fenchel, Rauch und Joghurt, w\u00e4hrend Wolfgang Pade eine geeiste Creme von wei\u00dfen Bohnen mit Ricotta-Gnocchi, Salbei und aromatisierten \u00d6len pr\u00e4sentiert.<\/p>\n<p>Es folgen unter anderem eine gef\u00fcllte Zucchinibl\u00fcte mit Rauchkartoffel und Mimolette-Sauce sowie eine Calamarata-Pasta mit Vongole, Calamaretti und Colatura-Butter. Den Hauptgang \u00fcbernimmt erneut das Team des Schmidt Z&amp;KO mit rosa gebratenem Tafelspitz vom Hohenloher Kalb, Pfifferlingen, Sellerie und Heu, bevor eingelegte Brandenburger Kirschen mit Buchweizen, Gew\u00fcrztagetes und Rahmeis den Abend beschlie\u00dfen.<\/p>\n<p>Das 4-Hands-Dinner beginnt um 19 Uhr, Einlass ist ab 18.30 Uhr. Der Preis von 129 Euro umfasst das gesamte Men\u00fc inklusive Weinbegleitung, Wasser und Kaffee. F\u00fcr Genie\u00dfer bietet sich damit die seltene Gelegenheit, zwei erfahrene K\u00fcchenchefs an einem Abend gemeinsam zu erleben und ihre unterschiedlichen kulinarischen Handschriften unmittelbar miteinander zu vergleichen.<\/p>\n<p><a href=\"https:\/\/www.cremeguides.com\/autor\/constanze-hallensleben\/\" rel=\"nofollow noopener\" target=\"_blank\"><img decoding=\"async\" class=\"lazy lazyload\" src=\"https:\/\/www.europesays.com\/de\/wp-content\/uploads\/2026\/08\/constanze-hallensleben-berlin-whatsapp.1733396550.jpg\"  w=\"80\" h=\"80\" alt=\"Constanze Hallensleben Berlin WhatsApp\" title=\"Constanze Hallensleben Berlin WhatsApp\" data-title=\"Constanze Hallensleben Berlin WhatsApp\"\/><\/a><\/p>\n","protected":false},"excerpt":{"rendered":"Am 3. September 2026 treffen im Restaurant Schmidt Z&amp;KO in Steglitz zwei K\u00f6che aufeinander, die unterschiedliche Wege gegangen&hellip;\n","protected":false},"author":2,"featured_media":1244921,"comment_status":"","ping_status":"","sticky":false,"template":"","format":"standard","meta":{"footnotes":"","_share_on_mastodon":"0"},"categories":[1825],"tags":[296,29,6421,2507,15155,30,15154],"class_list":["post-1244920","post","type-post","status-publish","format-standard","has-post-thumbnail","category-berlin","tag-berlin","tag-deutschland","tag-empfehlungen","tag-freizeit","tag-geheimtipps","tag-germany","tag-stadtfuehrer"],"share_on_mastodon":{"url":"https:\/\/pubeurope.com\/@de\/117116824178640456","error":""},"_links":{"self":[{"href":"https:\/\/www.europesays.com\/de\/wp-json\/wp\/v2\/posts\/1244920","targetHints":{"allow":["GET"]}}],"collection":[{"href":"https:\/\/www.europesays.com\/de\/wp-json\/wp\/v2\/posts"}],"about":[{"href":"https:\/\/www.europesays.com\/de\/wp-json\/wp\/v2\/types\/post"}],"author":[{"embeddable":true,"href":"https:\/\/www.europesays.com\/de\/wp-json\/wp\/v2\/users\/2"}],"replies":[{"embeddable":true,"href":"https:\/\/www.europesays.com\/de\/wp-json\/wp\/v2\/comments?post=1244920"}],"version-history":[{"count":0,"href":"https:\/\/www.europesays.com\/de\/wp-json\/wp\/v2\/posts\/1244920\/revisions"}],"wp:featuredmedia":[{"embeddable":true,"href":"https:\/\/www.europesays.com\/de\/wp-json\/wp\/v2\/media\/1244921"}],"wp:attachment":[{"href":"https:\/\/www.europesays.com\/de\/wp-json\/wp\/v2\/media?parent=1244920"}],"wp:term":[{"taxonomy":"category","embeddable":true,"href":"https:\/\/www.europesays.com\/de\/wp-json\/wp\/v2\/categories?post=1244920"},{"taxonomy":"post_tag","embeddable":true,"href":"https:\/\/www.europesays.com\/de\/wp-json\/wp\/v2\/tags?post=1244920"}],"curies":[{"name":"wp","href":"https:\/\/api.w.org\/{rel}","templated":true}]}}