{"id":1244976,"date":"2026-08-18T14:21:14","date_gmt":"2026-08-18T14:21:14","guid":{"rendered":"https:\/\/www.europesays.com\/de\/1244976\/"},"modified":"2026-08-18T14:21:14","modified_gmt":"2026-08-18T14:21:14","slug":"bielefeld-wie-studierende-wasser-fuer-kenia-sichern-wollen","status":"publish","type":"post","link":"https:\/\/www.europesays.com\/de\/1244976\/","title":{"rendered":"Bielefeld: Wie Studierende Wasser f\u00fcr Kenia sichern wollen"},"content":{"rendered":"<p>Studierende der Hochschule Bielefeld \u00fcberlegen, wie sie einem Fl\u00fcchtlingslager in Kenia am besten helfen k\u00f6nnen. Zusammen mit einer belgischen Hochschule haben sie ein Konzept zur Wasserversorgung entwickelt. Es orientiert sich an den Abl\u00e4ufen eines jordanischen Fl\u00fcchtlingslagers. Dort wird Wasser aus Bohrl\u00f6chern gepumpt, gefiltert und dann in gro\u00dfen Tanks gelagert. Damit k\u00f6nnten die Menschen in dem kenianischen Fl\u00fcchtlingslager t\u00e4glich mit sauberem Wasser versorgt werden, sagen die Studierenden.<\/p>\n<p>Finanzierung der Wasserversorgung<\/p>\n<p>Das Problem ist die Finanzierung. Das Ganze kostet knapp 1,2 Millionen Euro. Jetzt wird \u00fcber Crowdfunding nachgedacht.<\/p>\n","protected":false},"excerpt":{"rendered":"Studierende der Hochschule Bielefeld \u00fcberlegen, wie sie einem Fl\u00fcchtlingslager in Kenia am besten helfen k\u00f6nnen. Zusammen mit einer&hellip;\n","protected":false},"author":2,"featured_media":1244977,"comment_status":"","ping_status":"","sticky":false,"template":"","format":"standard","meta":{"footnotes":"","_share_on_mastodon":"0"},"categories":[1841],"tags":[1605,3364,29,141969,30,55641,23158,1209,11558],"class_list":["post-1244976","post","type-post","status-publish","format-standard","has-post-thumbnail","category-bielefeld","tag-bielefeld","tag-de","tag-deutschland","tag-fluechtlingshilfe","tag-germany","tag-hochschule-bielefeld","tag-kenia","tag-nordrhein-westfalen","tag-wasserversorgung"],"share_on_mastodon":{"url":"https:\/\/pubeurope.com\/@de\/117116959908608606","error":""},"_links":{"self":[{"href":"https:\/\/www.europesays.com\/de\/wp-json\/wp\/v2\/posts\/1244976","targetHints":{"allow":["GET"]}}],"collection":[{"href":"https:\/\/www.europesays.com\/de\/wp-json\/wp\/v2\/posts"}],"about":[{"href":"https:\/\/www.europesays.com\/de\/wp-json\/wp\/v2\/types\/post"}],"author":[{"embeddable":true,"href":"https:\/\/www.europesays.com\/de\/wp-json\/wp\/v2\/users\/2"}],"replies":[{"embeddable":true,"href":"https:\/\/www.europesays.com\/de\/wp-json\/wp\/v2\/comments?post=1244976"}],"version-history":[{"count":0,"href":"https:\/\/www.europesays.com\/de\/wp-json\/wp\/v2\/posts\/1244976\/revisions"}],"wp:featuredmedia":[{"embeddable":true,"href":"https:\/\/www.europesays.com\/de\/wp-json\/wp\/v2\/media\/1244977"}],"wp:attachment":[{"href":"https:\/\/www.europesays.com\/de\/wp-json\/wp\/v2\/media?parent=1244976"}],"wp:term":[{"taxonomy":"category","embeddable":true,"href":"https:\/\/www.europesays.com\/de\/wp-json\/wp\/v2\/categories?post=1244976"},{"taxonomy":"post_tag","embeddable":true,"href":"https:\/\/www.europesays.com\/de\/wp-json\/wp\/v2\/tags?post=1244976"}],"curies":[{"name":"wp","href":"https:\/\/api.w.org\/{rel}","templated":true}]}}