{"id":1244978,"date":"2026-08-18T14:22:16","date_gmt":"2026-08-18T14:22:16","guid":{"rendered":"https:\/\/www.europesays.com\/de\/1244978\/"},"modified":"2026-08-18T14:22:16","modified_gmt":"2026-08-18T14:22:16","slug":"bielefeld-herforder-faehrt-7er-bmw-gegen-mauer","status":"publish","type":"post","link":"https:\/\/www.europesays.com\/de\/1244978\/","title":{"rendered":"Bielefeld: Herforder f\u00e4hrt 7er BMW gegen Mauer"},"content":{"rendered":"<p>10.000 Euro Schaden hat ein Herforder Autofahrer in Bielefeld angerichtet. Der 19-J\u00e4hrige war am fr\u00fchen Dienstagmorgen auf der J\u00f6llenbecker Stra\u00dfe unterwegs. Als er in eine Nebenstra\u00dfe abbiegen wollte, verlor er die Kontrolle.\u00a0<\/p>\n<p>Alkoholverdacht &#8211; mit zur Blutprobe<\/p>\n<p>Sein Wagen krachte gegen eine Mauer und ein Werbeschild. Die Polizei geht von rund 10.000 Euro Sachschaden aus. Der Fahrer und sein Beifahrer sagten, sie seien bei einer Feier gewesen.\u00a0<\/p>\n<p>Weil der unverletzte Herforder nach Alkohol roch, nahm die Polizei ihn f\u00fcr eine Blutprobe mit.\u00a0<\/p>\n","protected":false},"excerpt":{"rendered":"10.000 Euro Schaden hat ein Herforder Autofahrer in Bielefeld angerichtet. Der 19-J\u00e4hrige war am fr\u00fchen Dienstagmorgen auf der&hellip;\n","protected":false},"author":2,"featured_media":1244979,"comment_status":"","ping_status":"","sticky":false,"template":"","format":"standard","meta":{"footnotes":"","_share_on_mastodon":"0"},"categories":[1841],"tags":[1605,3364,29,30,56790,1209,4936],"class_list":["post-1244978","post","type-post","status-publish","format-standard","has-post-thumbnail","category-bielefeld","tag-bielefeld","tag-de","tag-deutschland","tag-germany","tag-herforder","tag-nordrhein-westfalen","tag-schaden"],"share_on_mastodon":{"url":"https:\/\/pubeurope.com\/@de\/117116963846623558","error":""},"_links":{"self":[{"href":"https:\/\/www.europesays.com\/de\/wp-json\/wp\/v2\/posts\/1244978","targetHints":{"allow":["GET"]}}],"collection":[{"href":"https:\/\/www.europesays.com\/de\/wp-json\/wp\/v2\/posts"}],"about":[{"href":"https:\/\/www.europesays.com\/de\/wp-json\/wp\/v2\/types\/post"}],"author":[{"embeddable":true,"href":"https:\/\/www.europesays.com\/de\/wp-json\/wp\/v2\/users\/2"}],"replies":[{"embeddable":true,"href":"https:\/\/www.europesays.com\/de\/wp-json\/wp\/v2\/comments?post=1244978"}],"version-history":[{"count":0,"href":"https:\/\/www.europesays.com\/de\/wp-json\/wp\/v2\/posts\/1244978\/revisions"}],"wp:featuredmedia":[{"embeddable":true,"href":"https:\/\/www.europesays.com\/de\/wp-json\/wp\/v2\/media\/1244979"}],"wp:attachment":[{"href":"https:\/\/www.europesays.com\/de\/wp-json\/wp\/v2\/media?parent=1244978"}],"wp:term":[{"taxonomy":"category","embeddable":true,"href":"https:\/\/www.europesays.com\/de\/wp-json\/wp\/v2\/categories?post=1244978"},{"taxonomy":"post_tag","embeddable":true,"href":"https:\/\/www.europesays.com\/de\/wp-json\/wp\/v2\/tags?post=1244978"}],"curies":[{"name":"wp","href":"https:\/\/api.w.org\/{rel}","templated":true}]}}