{"id":1244980,"date":"2026-08-18T14:23:14","date_gmt":"2026-08-18T14:23:14","guid":{"rendered":"https:\/\/www.europesays.com\/de\/1244980\/"},"modified":"2026-08-18T14:23:14","modified_gmt":"2026-08-18T14:23:14","slug":"lebenslanges-lernen-studium-fuer-aeltere-an-der-uni-wuppertal-laedt-zum-kennenlernen-ein-blickfeld","status":"publish","type":"post","link":"https:\/\/www.europesays.com\/de\/1244980\/","title":{"rendered":"Lebenslanges Lernen: Studium f\u00fcr \u00c4ltere an der Uni Wuppertal l\u00e4dt zum Kennenlernen ein &#8211; blickfeld"},"content":{"rendered":"<p class=\"wp-block-paragraph\">Den Auftakt bildet am <strong>Mittwoch, 2. September 2026<\/strong>, eine Informationsveranstaltung in der <strong><a href=\"https:\/\/www.citykirche-elberfeld.de\/\" target=\"_blank\" rel=\"noreferrer noopener nofollow\">Citykirche Elberfeld<\/a><\/strong>. Zum Einstieg spricht <strong><a href=\"https:\/\/politikwissenschaft.uni-wuppertal.de\/de\/organisation\/mitglieder-des-instituts\/sack-detlef-univ-prof-dr\/\" target=\"_blank\" rel=\"noreferrer noopener nofollow\">Politikwissenschaftler Prof. Dr. Detlef Sack<\/a><\/strong> in seinem <strong>Vortrag \u201eZwischen alter Demokratie und Autokratie: Der Raum f\u00fcr politische Zuversicht\u201c<\/strong> \u00fcber aktuelle politische Entwicklungen und gibt zugleich Einblicke in <strong>Forschung und Lehre<\/strong> an der Bergischen Universit\u00e4t. Im Anschluss besteht Gelegenheit zum Austausch sowie zur Information \u00fcber das <strong>Studium f\u00fcr \u00c4ltere<\/strong>. Mitarbeitende des <strong><a href=\"https:\/\/zwb.uni-wuppertal.de\/de\/\" target=\"_blank\" rel=\"noreferrer noopener nofollow\">ZWB<\/a><\/strong> und des <strong><a href=\"https:\/\/www.vfsa-seniorenstudium.de\/\" target=\"_blank\" rel=\"noreferrer noopener nofollow\">vfsa<\/a><\/strong> beantworten Fragen zu <strong>Studienm\u00f6glichkeiten, Teilnahmevoraussetzungen und dem Lehrangebot<\/strong>.<\/p>\n<p>Studium f\u00fcr \u00c4ltere: wissenschaftlich weiterbilden, neue Perspektiven gewinnen<\/p>\n<p class=\"wp-block-paragraph\">Ein weiterer <strong>Informationstag <\/strong>folgt am <strong>Mittwoch, 30. September 2026<\/strong>, auf dem <strong>Campus Grifflenberg<\/strong>. Nach einem gemeinsamen <strong>Campusrundgang und Mittagessen<\/strong> informiert das ZWB \u00fcber das <strong>Studium f\u00fcr \u00c4ltere<\/strong> und die <strong>M\u00f6glichkeiten der Gasth\u00f6rendenschaft<\/strong>.<\/p>\n<p class=\"wp-block-paragraph\">Das Studium f\u00fcr \u00c4ltere erm\u00f6glicht die <strong>Teilnahme an Vorlesungen und Seminaren<\/strong> ohne Abschlussziel. Es richtet sich an Menschen, die sich wissenschaftlich weiterbilden, neue Perspektiven gewinnen und sich mit aktuellen <strong>gesellschaftlichen, kulturellen und wissenschaftlichen Themen<\/strong> auseinandersetzen m\u00f6chten. Beide Veranstaltungen bieten die Gelegenheit, das Angebot unverbindlich kennenzulernen und sich auf einen <strong>Einstieg zum Wintersemester<\/strong> vorzubereiten. \u00bb<a href=\"https:\/\/www.blickfeld-wuppertal.de\/ueber-uns\/blickfeld-redaktion\" rel=\"nofollow noopener\" target=\"_blank\">red<\/a>\u00ab<\/p>\n<p>Auf einen Blick: Studium f\u00fcr \u00c4ltere<\/p>\n<p class=\"wp-block-paragraph\"><strong>Vortrag und Informationen<\/strong><\/p>\n<ul class=\"wp-block-list\">\n<li><strong>Termin:<\/strong> Mittwoch, 2. September 2026, 16 bis 17:30 Uhr<\/li>\n<li><strong>Ort:<\/strong> Citykirche Elberfeld, Kirchplatz 2, 42103 Wuppertal<\/li>\n<li><strong>Programm:<\/strong> Vortrag von Prof. Dr. Detlef Sack zum Thema \u201eZwischen alter Demokratie und Autokratie: Der Raum f\u00fcr politische Zuversicht\u201c \u2013 anschlie\u00dfend Informationen zum Studium f\u00fcr \u00c4ltere und Fragerunde<\/li>\n<\/ul>\n<p class=\"wp-block-paragraph\"><strong>Informationstag Studium f\u00fcr \u00c4ltere und Gasth\u00f6rendenschaft<\/strong><\/p>\n<ul class=\"wp-block-list\">\n<li><strong>Termin:<\/strong> Mittwoch, 30. September 2026, ab 11:30 Uhr<\/li>\n<li><strong>Programm:<\/strong>\n<ul class=\"wp-block-list\">\n<li><strong>11:30 Uhr: <\/strong>Treffpunkt am Haupteingang des Campus Grifflenberg (Campusrundgang und gemeinsames Mittagessen)<\/li>\n<li><strong>14 Uhr:<\/strong> Informationsveranstaltung im H\u00f6rsaal 23 (Geb\u00e4ude S, Ebene 08, Raum 03)<\/li>\n<\/ul>\n<\/li>\n<\/ul>\n","protected":false},"excerpt":{"rendered":"Den Auftakt bildet am Mittwoch, 2. September 2026, eine Informationsveranstaltung in der Citykirche Elberfeld. Zum Einstieg spricht Politikwissenschaftler&hellip;\n","protected":false},"author":2,"featured_media":1244981,"comment_status":"","ping_status":"","sticky":false,"template":"","format":"standard","meta":{"footnotes":"","_share_on_mastodon":"0"},"categories":[1840],"tags":[3364,29,30,1209,16375,257952,4418],"class_list":["post-1244980","post","type-post","status-publish","format-standard","has-post-thumbnail","category-wuppertal","tag-de","tag-deutschland","tag-germany","tag-nordrhein-westfalen","tag-red","tag-seniorenstudium","tag-wuppertal"],"share_on_mastodon":{"url":"https:\/\/pubeurope.com\/@de\/117116967799880753","error":""},"_links":{"self":[{"href":"https:\/\/www.europesays.com\/de\/wp-json\/wp\/v2\/posts\/1244980","targetHints":{"allow":["GET"]}}],"collection":[{"href":"https:\/\/www.europesays.com\/de\/wp-json\/wp\/v2\/posts"}],"about":[{"href":"https:\/\/www.europesays.com\/de\/wp-json\/wp\/v2\/types\/post"}],"author":[{"embeddable":true,"href":"https:\/\/www.europesays.com\/de\/wp-json\/wp\/v2\/users\/2"}],"replies":[{"embeddable":true,"href":"https:\/\/www.europesays.com\/de\/wp-json\/wp\/v2\/comments?post=1244980"}],"version-history":[{"count":0,"href":"https:\/\/www.europesays.com\/de\/wp-json\/wp\/v2\/posts\/1244980\/revisions"}],"wp:featuredmedia":[{"embeddable":true,"href":"https:\/\/www.europesays.com\/de\/wp-json\/wp\/v2\/media\/1244981"}],"wp:attachment":[{"href":"https:\/\/www.europesays.com\/de\/wp-json\/wp\/v2\/media?parent=1244980"}],"wp:term":[{"taxonomy":"category","embeddable":true,"href":"https:\/\/www.europesays.com\/de\/wp-json\/wp\/v2\/categories?post=1244980"},{"taxonomy":"post_tag","embeddable":true,"href":"https:\/\/www.europesays.com\/de\/wp-json\/wp\/v2\/tags?post=1244980"}],"curies":[{"name":"wp","href":"https:\/\/api.w.org\/{rel}","templated":true}]}}