{"id":1245003,"date":"2026-08-18T14:38:20","date_gmt":"2026-08-18T14:38:20","guid":{"rendered":"https:\/\/www.europesays.com\/de\/1245003\/"},"modified":"2026-08-18T14:38:20","modified_gmt":"2026-08-18T14:38:20","slug":"syrer-in-deutschland-23-prozent-verlieren-schutzstatus-politik","status":"publish","type":"post","link":"https:\/\/www.europesays.com\/de\/1245003\/","title":{"rendered":"Syrer in Deutschland: 23 Prozent verlieren Schutzstatus | Politik"},"content":{"rendered":"<p><a class=\"skip-content skip-content--link\" href=\"#in-content-skip-link-target-v-0-0\">TTS-Player \u00fcberspringen\u21b5<\/a><a id=\"in-content-skip-link-target-v-0-0\" class=\"skip-content--target-link-hidden skip-content skip-content--target-link\" href=\"#in-content-skip-link-target-v-0-0\">Artikel weiterlesen<\/a><\/p>\n<p>Berlin \u2013 <b>Immer mehr Syrer verlieren ihren Schutzstatus, viele sollen Deutschland verlassen. Der Grund ist die ver\u00e4nderte Sicherheitslage in Syrien. Seit dem Sturz von Diktator Baschar al-Assad (60) ist das Land deutlich sicherer geworden. Gleichzeitig nimmt die Zahl der freiwilligen Ausreisen stark zu.<\/b><\/p>\n<p>Die Zahl der Syrer, denen das Bundesamt f\u00fcr Migration und Fl\u00fcchtlinge (Bamf) den Schutzstatus entzieht, steigt drastisch. Wie aus einer Antwort der Bundesregierung auf eine Anfrage der Linksfraktion hervorgeht, endeten im ersten Halbjahr 2026 bereits 23 Prozent der 8320 \u00dcberpr\u00fcfungen mit einem Widerruf oder einer R\u00fccknahme des Schutzstatus.<\/p>\n<p>Zum Vergleich: Laut der Nachrichtenagentur dpa verloren 2025 nach einer solchen Pr\u00fcfung nur knapp vier Prozent der syrischen <a href=\"https:\/\/www.bild.de\/politik\/aktuelles\/fluechtlinge\/fluechtlinge-alle-infos-78158144.bild.html\" class=\"text-link\" rel=\"nofollow noopener\" target=\"_blank\">Fl\u00fcchtlinge<\/a> ihren Schutzstatus. M\u00f6glich wurden die versch\u00e4rften Pr\u00fcfungen nach dem Sturz des syrischen Machthabers Baschar al-Assad Ende 2024. Seitdem hat sich die Lage in Teilen des Landes deutlich gebessert. Das Bamf weitete deshalb seine Pr\u00fcfungen schrittweise aus.<\/p>\n<p>Anfangs wurden vor allem Straft\u00e4ter, Gef\u00e4hrder und Personen \u00fcberpr\u00fcft, die nach Syrien gereist waren. Seit Juni geraten nun deutlich mehr Syrer in den Fokus. Betroffen sind unter anderem Menschen, die ihren Lebensunterhalt in <a href=\"https:\/\/www.bild.de\/news\/ausland\/syrien\/thema-syrien-alle-infos-80032912.bild.html\" class=\"text-link\" rel=\"nofollow noopener\" target=\"_blank\">Syrien<\/a> wieder selbst sichern k\u00f6nnen. Auch wer dort auf Familie oder soziale Netzwerke zur\u00fcckgreifen kann, ger\u00e4t ins Visier.<\/p>\n<p><img decoding=\"async\" width=\"992\" height=\"558\" alt=\"Versteckt sich mittlerweile in Moskau: Syriens Ex-Diktator Baschar al-Assad (60)\" loading=\"lazy\" src=\"https:\/\/www.europesays.com\/de\/wp-content\/uploads\/2026\/08\/b14dea1757d4dcc4a310e74968472728,c20a0ac2.jpeg\"   class=\"landscape\"\/><\/p>\n<p class=\"fig__caption__text\">Versteckt sich mittlerweile in Moskau: Syriens Ex-Diktator Baschar al-Assad (60)<\/p>\n<p>Foto: -\/SANA via AP\/dpa<\/p>\n<p>Auch Zahl freiwilliger Ausreisen nimmt zu<\/p>\n<p>Laut Nachrichtenagentur AFP unterst\u00fctzten die Bundesbeh\u00f6rden 2025 rund 17.000 Menschen bei der R\u00fcckkehr in ihre Herkunftsl\u00e4nder oder Drittstaaten \u2013 \u00fcber ein R\u00fcckkehrprogramm f\u00fcr Asylbewerber und ihre Angeh\u00f6rigen. 2024 waren es noch gut 10.000 Menschen. Die meisten freiwilligen Ausreisen gab es mit 2843 Personen nach Syrien.<\/p>\n<p>Mehr zum Thema<\/p>\n<p>Im Dezember 2024 wurde Syriens Diktator Baschar al-Assad von islamistischen Milizen gest\u00fcrzt. Damit endete der 13 Jahre dauernde B\u00fcrgerkrieg, der Millionen Menschen zur Flucht gezwungen hatte. Die neue F\u00fchrung unter Interimspr\u00e4sident Ahmed al-Scharaa (43) verspricht mehr Sicherheit. Dennoch kommt es immer wieder zu Gewalttaten gegen Minderheiten.<\/p>\n","protected":false},"excerpt":{"rendered":"TTS-Player \u00fcberspringen\u21b5Artikel weiterlesen Berlin \u2013 Immer mehr Syrer verlieren ihren Schutzstatus, viele sollen Deutschland verlassen. Der Grund ist&hellip;\n","protected":false},"author":2,"featured_media":1245004,"comment_status":"","ping_status":"","sticky":false,"template":"","format":"standard","meta":{"footnotes":"","_share_on_mastodon":"0"},"categories":[2],"tags":[414,331,3924,332,3922,533,3364,29,5249,7883,30,13,14,3923,15,3921,12,58,138370],"class_list":["post-1245003","post","type-post","status-publish","format-standard","has-post-thumbnail","category-deutschland","tag-abschiebung","tag-aktuelle-nachrichten","tag-aktuelle-nachrichten-aus-deutschland","tag-aktuelle-news","tag-aktuelle-news-aus-deutschland","tag-asyl","tag-de","tag-deutschland","tag-fluechtlinge","tag-fluechtlingskrise","tag-germany","tag-headlines","tag-nachrichten","tag-nachrichten-aus-deutschland","tag-news","tag-news-aus-deutschland","tag-schlagzeilen","tag-syrien","tag-team-first"],"share_on_mastodon":{"url":"https:\/\/pubeurope.com\/@de\/117117028577052922","error":""},"_links":{"self":[{"href":"https:\/\/www.europesays.com\/de\/wp-json\/wp\/v2\/posts\/1245003","targetHints":{"allow":["GET"]}}],"collection":[{"href":"https:\/\/www.europesays.com\/de\/wp-json\/wp\/v2\/posts"}],"about":[{"href":"https:\/\/www.europesays.com\/de\/wp-json\/wp\/v2\/types\/post"}],"author":[{"embeddable":true,"href":"https:\/\/www.europesays.com\/de\/wp-json\/wp\/v2\/users\/2"}],"replies":[{"embeddable":true,"href":"https:\/\/www.europesays.com\/de\/wp-json\/wp\/v2\/comments?post=1245003"}],"version-history":[{"count":0,"href":"https:\/\/www.europesays.com\/de\/wp-json\/wp\/v2\/posts\/1245003\/revisions"}],"wp:featuredmedia":[{"embeddable":true,"href":"https:\/\/www.europesays.com\/de\/wp-json\/wp\/v2\/media\/1245004"}],"wp:attachment":[{"href":"https:\/\/www.europesays.com\/de\/wp-json\/wp\/v2\/media?parent=1245003"}],"wp:term":[{"taxonomy":"category","embeddable":true,"href":"https:\/\/www.europesays.com\/de\/wp-json\/wp\/v2\/categories?post=1245003"},{"taxonomy":"post_tag","embeddable":true,"href":"https:\/\/www.europesays.com\/de\/wp-json\/wp\/v2\/tags?post=1245003"}],"curies":[{"name":"wp","href":"https:\/\/api.w.org\/{rel}","templated":true}]}}