{"id":1245010,"date":"2026-08-18T14:42:24","date_gmt":"2026-08-18T14:42:24","guid":{"rendered":"https:\/\/www.europesays.com\/de\/1245010\/"},"modified":"2026-08-18T14:42:24","modified_gmt":"2026-08-18T14:42:24","slug":"duisburg-feuerwerk-beim-ruhrorter-hafenfest-findet-statt","status":"publish","type":"post","link":"https:\/\/www.europesays.com\/de\/1245010\/","title":{"rendered":"Duisburg: Feuerwerk beim Ruhrorter Hafenfest findet statt"},"content":{"rendered":"<p class=\"text_ohne_einzug richtext text-em-55 !leading-serif mx-6 desktop:mx-0\"> Es stand wochenlang auf der Kippe \u2013 nun gibt es endlich Gewissheit. Es wird auch in diesem Jahr ein H\u00f6henfeuerwerk beim Ruhrorter Hafenfest geben.<\/p>\n<p class=\"richtext text-em-55 !leading-serif mx-6 desktop:mx-0\">Die zust\u00e4ndigen Beh\u00f6rden haben noch vor der Begehung des Gel\u00e4ndes am Dienstag gr\u00fcnes Licht f\u00fcr das Pyro-Spektakel gegeben, sagt <a href=\"https:\/\/www.duisburgkontor.de\/\" target=\"_blank\" rel=\"nofollow noopener\">Duisburg\u2005Kontor<\/a>-Sprecher Alexander Klomparend am Dienstagmittag. Das Gremium unter Federf\u00fchrung von Feuerwehr und Ordnungsamt habe sich gegenseitig abgestimmt, erg\u00e4nzt der Sprecher. Bei der Zusage geholfen hat auch das Regenwetter in den vergangenen Tagen. Denn aufgrund der Trockenheit hatten die Beh\u00f6rden wegen einer m\u00f6glichen Brandgefahr Bedenken am <a href=\"https:\/\/rp-online.de\/thema\/feuerwerk\/\" rel=\"nofollow noopener\" target=\"_blank\">Feuerwerk<\/a> angemeldet.<\/p>\n<p class=\"richtext text-em-55 !leading-serif mx-6 desktop:mx-0\">\u201eWir sind sehr froh und erleichtert\u201c, sagt Klomparend \u00fcber die positive Entscheidung. Das H\u00f6henfeuerwerk auf der Friedrich-Ebert-Br\u00fccke, der H\u00f6hepunkt des Festes, zieht traditionell Tausende Besucher aus Nah und Fern in den Duisburger Hafenstadtteil. \u201eSehr viele Menschen haben mir in den vergangenen Tagen geschrieben und sich nach dem Stand erkundigt\u201c, sagt Klomparend. Die Gastronomen m\u00fcssten zum Beispiel wissen, mit wie vielen G\u00e4sten sie rechnen m\u00fcssen und wie viele Mitarbeiter sie deshalb am Freitagabend einplanen m\u00fcssen. Klomparend ist gl\u00fccklich, ihnen jetzt die frohe Kunde \u00fcbermitteln zu k\u00f6nnen.<\/p>\n<p>Schiffskorso entf\u00e4llt wegen Niedrigwasser      <\/p>\n<p class=\"richtext text-em-55 !leading-serif mx-6 desktop:mx-0\">Klomparend hofft jetzt auf viel Regen bis Donnerstag und ein sonniges Wochenende. Los geht die 31. Auflage des Hafenfestes am Freitag, 21.\u2005August \u2013 mit gro\u00dfem Feuerwerk \u00fcber dem <a href=\"https:\/\/rp-online.de\/thema\/rhein\/\" rel=\"nofollow noopener\" target=\"_blank\">Rhein<\/a> um 23\u2005Uhr.<\/p>\n","protected":false},"excerpt":{"rendered":"Es stand wochenlang auf der Kippe \u2013 nun gibt es endlich Gewissheit. Es wird auch in diesem Jahr&hellip;\n","protected":false},"author":2,"featured_media":1245011,"comment_status":"","ping_status":"","sticky":false,"template":"","format":"standard","meta":{"footnotes":"","_share_on_mastodon":"0"},"categories":[1838],"tags":[3364,29,3715,30,50401,1209],"class_list":["post-1245010","post","type-post","status-publish","format-standard","has-post-thumbnail","category-duisburg","tag-de","tag-deutschland","tag-duisburg","tag-germany","tag-hafenfest","tag-nordrhein-westfalen"],"share_on_mastodon":{"url":"https:\/\/pubeurope.com\/@de\/117117042498691091","error":""},"_links":{"self":[{"href":"https:\/\/www.europesays.com\/de\/wp-json\/wp\/v2\/posts\/1245010","targetHints":{"allow":["GET"]}}],"collection":[{"href":"https:\/\/www.europesays.com\/de\/wp-json\/wp\/v2\/posts"}],"about":[{"href":"https:\/\/www.europesays.com\/de\/wp-json\/wp\/v2\/types\/post"}],"author":[{"embeddable":true,"href":"https:\/\/www.europesays.com\/de\/wp-json\/wp\/v2\/users\/2"}],"replies":[{"embeddable":true,"href":"https:\/\/www.europesays.com\/de\/wp-json\/wp\/v2\/comments?post=1245010"}],"version-history":[{"count":0,"href":"https:\/\/www.europesays.com\/de\/wp-json\/wp\/v2\/posts\/1245010\/revisions"}],"wp:featuredmedia":[{"embeddable":true,"href":"https:\/\/www.europesays.com\/de\/wp-json\/wp\/v2\/media\/1245011"}],"wp:attachment":[{"href":"https:\/\/www.europesays.com\/de\/wp-json\/wp\/v2\/media?parent=1245010"}],"wp:term":[{"taxonomy":"category","embeddable":true,"href":"https:\/\/www.europesays.com\/de\/wp-json\/wp\/v2\/categories?post=1245010"},{"taxonomy":"post_tag","embeddable":true,"href":"https:\/\/www.europesays.com\/de\/wp-json\/wp\/v2\/tags?post=1245010"}],"curies":[{"name":"wp","href":"https:\/\/api.w.org\/{rel}","templated":true}]}}