{"id":1245056,"date":"2026-08-18T15:11:21","date_gmt":"2026-08-18T15:11:21","guid":{"rendered":"https:\/\/www.europesays.com\/de\/1245056\/"},"modified":"2026-08-18T15:11:21","modified_gmt":"2026-08-18T15:11:21","slug":"351-passagiere-an-bord-lufthansa-airbus-setzt-bei-landung-in-muenchen-zu-frueh-auf","status":"publish","type":"post","link":"https:\/\/www.europesays.com\/de\/1245056\/","title":{"rendered":"351 Passagiere an Bord: Lufthansa-Airbus setzt bei Landung in M\u00fcnchen zu fr\u00fch auf"},"content":{"rendered":"<p class=\"paragraph article__item\">Kurz nach dem Beinahe-Unfall eines Boeing-Dreamliners hat am M\u00fcnchener Flughafen ein Airbus A380 der <a class=\"rtr-entity\" href=\"https:\/\/www.zeit.de\/thema\/deutsche-lufthansa\" rel=\"nofollow noopener\" target=\"_blank\">Lufthansa<\/a> die Landebahn verfehlt. Das mit 351 Passagieren besetzte Flugzeug hatte am Montagabend zu fr\u00fch aufgesetzt und an der Landebahnschwelle die dortige Beleuchtung besch\u00e4digt, wie das Unternehmen best\u00e4tigte. Das Flugzeug sei aber sicher gelandet und alle Passagiere seien unverletzt geblieben, sagte eine Sprecherin. Zuvor hatten RTL und \u00abaero.de\u00bb berichtet.\u00a0\n<\/p>\n<p>Aktuelles<\/p>\n<p>                <a href=\"https:\/\/www.zeit.de\/mobilitaet\/2026-08\/vietnam-airlines-boeing-787-muenchen-tailstrike-bfu-gxe\" data-ct-label=\"Vietnam Airlines: Flugzeugstart hinter Landebahnende h\u00e4tte in Katastrophe enden k\u00f6nnen\" data-uuid=\"bdb37d87-8505-4d59-8f5d-1dafa48d4aa9\" rel=\"nofollow noopener\" target=\"_blank\"><\/p>\n<p>                        Vietnam Airlines:<br \/>\n                        Flugzeugstart hinter Landebahnende h\u00e4tte in Katastrophe enden k\u00f6nnen<\/p>\n<p>                <\/a><\/p>\n<p>                <a href=\"https:\/\/www.zeit.de\/gesellschaft\/zeitgeschehen\/2026-08\/flughafen-sydney-beinahe-zusammenstoss-jetstar-qatar-airways-gxe\" data-ct-label=\"Australien: Zusammensto\u00df zweier Flugzeuge am Flughafen Sydney knapp verhindert\" data-uuid=\"4cbe6759-39fe-442a-ab70-b10e609b989e\" rel=\"nofollow noopener\" target=\"_blank\"><\/p>\n<p>                        Australien:<br \/>\n                        Zusammensto\u00df zweier Flugzeuge am Flughafen Sydney knapp verhindert<\/p>\n<p>                <\/a><\/p>\n<p>                <a href=\"https:\/\/www.zeit.de\/mobilitaet\/2026-08\/lufthansa-starlink-internet-flugzeug-spacex-elon-musk\" data-ct-label=\"Flugverkehr: Erste Lufthansa-Maschine mit Starlink-Wifi hebt ab\" data-uuid=\"44635b85-261f-4aba-ab57-9bc392c4e970\" rel=\"nofollow noopener\" target=\"_blank\"><\/p>\n<p>                        Flugverkehr:<br \/>\n                        Erste Lufthansa-Maschine mit Starlink-Wifi hebt ab<\/p>\n<p>                <\/a><\/p>\n<p class=\"paragraph article__item\">Nur zwei Tage zuvor war auf derselben Bahn ein Boeing-Dreamliner der Vietnam Airlines beim Start \u00fcber das Pistenende hinausgeschossen. Nur knapp entgingen Passagiere und Crew einem Ungl\u00fcck, weil die Maschine doch noch abheben konnte. Auch hier wurden Lampen der Bahnbefeuerung besch\u00e4digt. Die Maschine kehrte zum M\u00fcnchener Flughafen zur\u00fcck. Bei der Sicherheitslandung platzten mehrere Reifen, Menschen wurden aber nicht verletzt.\n<\/p>\n<p>                        Flug aus San Francisco            <\/p>\n<p class=\"paragraph article__item\">Die A380 ist das gr\u00f6\u00dfte Passagierflugzeug der Welt. Die rund 13 Jahre alte Lufthansa-Maschine mit dem Kennzeichen D-AIML war am Vorabend in San Francisco an der amerikanischen Westk\u00fcste gestartet. Im Anschluss an die Landung rollte es in <a class=\"rtr-entity\" href=\"https:\/\/www.zeit.de\/thema\/muenchen\" rel=\"nofollow noopener\" target=\"_blank\">M\u00fcnchen<\/a> zu seiner Position am Terminal und die G\u00e4ste verlie\u00dfen das Flugzeug regul\u00e4r, wie Lufthansa berichtete.\u00a0\n<\/p>\n<p class=\"paragraph article__item\">Die Gr\u00fcnde f\u00fcr den Zwischenfall werden wie der Fall der Vietnam Airlines untersucht. Laut Lufthansa hat die Bundesstelle f\u00fcr Flugunfalluntersuchung (BFU) bereits eine Untersuchung eingeleitet.\u00a0Das Unternehmen unterst\u00fctze diese vollumf\u00e4nglich. Laut RTL waren die BFU-Mitarbeiter bereits vor Ort und haben die Flugschreiber sichergestellt.\n<\/p>\n<p class=\"paragraph article__item\">\u00a9 dpa-infocom, dpa:260818-930-548343\/2<\/p>\n","protected":false},"excerpt":{"rendered":"Kurz nach dem Beinahe-Unfall eines Boeing-Dreamliners hat am M\u00fcnchener Flughafen ein Airbus A380 der Lufthansa die Landebahn verfehlt.&hellip;\n","protected":false},"author":2,"featured_media":1245057,"comment_status":"","ping_status":"","sticky":false,"template":"","format":"standard","meta":{"footnotes":"","_share_on_mastodon":"0"},"categories":[1827],"tags":[257974,772,54428,29,30,6760,1268,15],"class_list":["post-1245056","post","type-post","status-publish","format-standard","has-post-thumbnail","category-muenchen","tag-351-passagiere-an-bord","tag-bayern","tag-deutsche-lufthansa","tag-deutschland","tag-germany","tag-luftverkehr","tag-muenchen","tag-news"],"share_on_mastodon":{"url":"","error":""},"_links":{"self":[{"href":"https:\/\/www.europesays.com\/de\/wp-json\/wp\/v2\/posts\/1245056","targetHints":{"allow":["GET"]}}],"collection":[{"href":"https:\/\/www.europesays.com\/de\/wp-json\/wp\/v2\/posts"}],"about":[{"href":"https:\/\/www.europesays.com\/de\/wp-json\/wp\/v2\/types\/post"}],"author":[{"embeddable":true,"href":"https:\/\/www.europesays.com\/de\/wp-json\/wp\/v2\/users\/2"}],"replies":[{"embeddable":true,"href":"https:\/\/www.europesays.com\/de\/wp-json\/wp\/v2\/comments?post=1245056"}],"version-history":[{"count":0,"href":"https:\/\/www.europesays.com\/de\/wp-json\/wp\/v2\/posts\/1245056\/revisions"}],"wp:featuredmedia":[{"embeddable":true,"href":"https:\/\/www.europesays.com\/de\/wp-json\/wp\/v2\/media\/1245057"}],"wp:attachment":[{"href":"https:\/\/www.europesays.com\/de\/wp-json\/wp\/v2\/media?parent=1245056"}],"wp:term":[{"taxonomy":"category","embeddable":true,"href":"https:\/\/www.europesays.com\/de\/wp-json\/wp\/v2\/categories?post=1245056"},{"taxonomy":"post_tag","embeddable":true,"href":"https:\/\/www.europesays.com\/de\/wp-json\/wp\/v2\/tags?post=1245056"}],"curies":[{"name":"wp","href":"https:\/\/api.w.org\/{rel}","templated":true}]}}