{"id":1245110,"date":"2026-08-18T15:44:15","date_gmt":"2026-08-18T15:44:15","guid":{"rendered":"https:\/\/www.europesays.com\/de\/1245110\/"},"modified":"2026-08-18T15:44:15","modified_gmt":"2026-08-18T15:44:15","slug":"papiertonnen-bleiben-stehen-warum-im-landkreis-augsburg-die-muellabfuhr-nicht-nachkommt","status":"publish","type":"post","link":"https:\/\/www.europesays.com\/de\/1245110\/","title":{"rendered":"Papiertonnen bleiben stehen: Warum im Landkreis Augsburg die M\u00fcllabfuhr nicht nachkommt"},"content":{"rendered":"<p class=\"mb-6 text-xs-varying md:text-m lg:text-l font-serif group-[.font-sans]:font-sans \">\n    <a href=\"https:\/\/www.augsburger-allgemeine.de\/schwabmuenchen\/altpapier-abholung-sorgt-im-landkreis-augsburg-fuer-verunsicherung-114992989\" target=\"_self\" class=\"underline \" rel=\"nofollow noopener\">Seit fast einem Monat steht die Papiertonne von Ronald Hattensaur\u00a0in K\u00f6nigsbrunn<\/a> an der Stra\u00dfe \u2013 ungeleert. \u201eSo geht es nicht weiter\u201c, sagt der K\u00f6nigsbrunner. Er hat sich schon wie viele verzweifelt an die Abfallberatung des Landratsamts <a href=\"https:\/\/www.augsburger-allgemeine.de\/augsburg\/\" target=\"_self\" class=\"underline \" rel=\"nofollow noopener\">Augsburg<\/a> gewandt. Doch ein genannter neuer Abfuhrtermin sei verstrichen, und die Tonne immer noch voll.\n  <\/p>\n<p class=\"mb-6 text-xs-varying md:text-m lg:text-l font-serif group-[.font-sans]:font-sans \">\n    Er ist nicht der Einzige, der im Landkreis auf seinem Papierm\u00fcll sitzen bleibt. Nicht nur im s\u00fcdlichen Landkreis ist die ausgebliebene Leerung der Tonnen ein Problem. Auch aus <a href=\"https:\/\/augsburger-allgemeine.de\/augsburg-land\/ort\/Dinkelscherben\" target=\"_self\" class=\"underline \" rel=\"nofollow noopener\">Dinkelscherben<\/a> h\u00f6rt man, dass die Papiertonne fast zwei Wochen nach dem eigentlichen Abholtermin noch immer ungeleert sei.\n  <\/p>\n<p>            Urlaub und Krankheit verz\u00f6gern im Landkreis Augsburg die Abfuhr<\/p>\n<p class=\"mb-6 text-xs-varying md:text-m lg:text-l font-serif group-[.font-sans]:font-sans \">\n    Seit Mitte Juli kommt es beim Entsorgungsunternehmen Remondis zu erheblichen Personalausf\u00e4llen, teilt das Landratsamt mit. Dadurch konnten in den vergangenen Wochen im s\u00fcdlichen Landkreis nicht alle Abfuhrtermine wie gewohnt eingehalten werden. Um angesichts der sommerlichen Temperaturen zun\u00e4chst m\u00f6gliche Geruchs- und Hygieneprobleme zu vermeiden, wurden vorrangig die Rest- und Biom\u00fclltonnen geleert.\n  <\/p>\n<p class=\"mb-6 text-xs-varying md:text-m lg:text-l font-serif group-[.font-sans]:font-sans \">\n    Inzwischen hat Remondis mit der Nachleerung der ausgefallenen Papiertonnen begonnen. Aufgrund der weiterhin angespannten Personalsituation kann das Unternehmen dem Abfallwirtschaftsbetrieb des Landkreises Augsburg (AWB) derzeit allerdings nur kurzfristig mitteilen, in welchen Kommunen die Papiertonnen am jeweils folgenden Tag geleert werden k\u00f6nnen.\n  <\/p>\n<p>            Leerung der Tonnen soll noch diese Woche erfolgen im Landkreis Augsburg<\/p>\n<p class=\"mb-6 text-xs-varying md:text-m lg:text-l font-serif group-[.font-sans]:font-sans \">\n    Aufgrund personeller Engp\u00e4sse, wie krankheitsbedingter Ausf\u00e4lle gepaart mit der Urlaubszeit, <a href=\"https:\/\/www.augsburger-allgemeine.de\/schwabmuenchen\/altpapier-unsicherheit-bei-leerung-der-papiertonnen-im-suedlichen-landkreis-augsburg-114992865\" target=\"_self\" class=\"underline \" rel=\"nofollow noopener\">habe es einige Verz\u00f6gerungen bei der Abfuhr gegeben<\/a>, teilt Remondis mit. \u201eLangsam kehrt etwas mehr Ruhe ein und wir bekommen die Verz\u00f6gerungen zunehmend in den Griff. Dennoch gilt es einen gr\u00f6\u00dferen R\u00fcckstand bei den Reklamationen aufzuarbeiten, was angesichts der ohnehin angespannten Personalsituation weiterhin eine Herausforderung darstellt\u201c, so Sprecherin Lena Langenk\u00e4mper. Am kommenden Samstag w\u00fcrden im Landkreis nochmals verst\u00e4rkt Papiertonnen geleert.\u00a0\n  <\/p>\n<p>            Tonnen im Landkreis Augsburg bis zur Leerung drau\u00dfen stehen lassen<\/p>\n<p class=\"mb-6 text-xs-varying md:text-m lg:text-l font-serif group-[.font-sans]:font-sans \">\n    Der AWB bittet die Anwohnenden, ihre Papiertonnen bis zur tats\u00e4chlichen Leerung vorerst drau\u00dfen stehenzulassen. So k\u00f6nnen die Tonnen kurzfristig geleert werden, sobald die jeweilige Kommune in die Tourenplanung aufgenommen wurde.\n  <\/p>\n<p class=\"mb-6 text-xs-varying md:text-m lg:text-l font-serif group-[.font-sans]:font-sans \">\n    F\u00fcr den K\u00f6nigsbrunner Hattensaur ist das keine zufriedenstellende L\u00f6sung. \u201eIch <a href=\"https:\/\/www.augsburger-allgemeine.de\/schwabmuenchen\/altpapier-abholung-sorgt-im-landkreis-augsburg-fuer-verunsicherung-114992989\" target=\"_self\" class=\"underline \" rel=\"nofollow noopener\">bef\u00fcrchte Verh\u00e4ltnisse wie in Neapel<\/a>, wenn bald vielleicht auch der Restm\u00fcll stehen bleibt\u201c, sagt er. Den Papierm\u00fcll selbst zum Wertstoffhof zu fahren, sei nicht die L\u00f6sung f\u00fcr jeden. \u201eNicht alle sind so mobil.\u201c F\u00fcr ihn wirtschafte Remondis nicht richtig, immerhin w\u00fcrde das Unternehmen mit dem Papierm\u00fcll Geld verdienen.\n  <\/p>\n","protected":false},"excerpt":{"rendered":"Seit fast einem Monat steht die Papiertonne von Ronald Hattensaur\u00a0in K\u00f6nigsbrunn an der Stra\u00dfe \u2013 ungeleert. \u201eSo geht&hellip;\n","protected":false},"author":2,"featured_media":1229277,"comment_status":"","ping_status":"","sticky":false,"template":"","format":"standard","meta":{"footnotes":"","_share_on_mastodon":"0"},"categories":[1846],"tags":[680,772,3364,29,138936,548,663,3934,30,13,81871,137026,4090,257983,4103,14,15,9946,12,631,4832],"class_list":["post-1245110","post","type-post","status-publish","format-standard","has-post-thumbnail","category-augsburg","tag-augsburg","tag-bayern","tag-de","tag-deutschland","tag-dinkelscherben","tag-eu","tag-europa","tag-europe","tag-germany","tag-headlines","tag-koenigsbrunn","tag-landkreis-augsburg","tag-leerung","tag-lena-langenkaemper","tag-muell","tag-nachrichten","tag-news","tag-personalmangel","tag-schlagzeilen","tag-urlaub","tag-urlaubszeit"],"share_on_mastodon":{"url":"https:\/\/pubeurope.com\/@de\/117117286305815351","error":""},"_links":{"self":[{"href":"https:\/\/www.europesays.com\/de\/wp-json\/wp\/v2\/posts\/1245110","targetHints":{"allow":["GET"]}}],"collection":[{"href":"https:\/\/www.europesays.com\/de\/wp-json\/wp\/v2\/posts"}],"about":[{"href":"https:\/\/www.europesays.com\/de\/wp-json\/wp\/v2\/types\/post"}],"author":[{"embeddable":true,"href":"https:\/\/www.europesays.com\/de\/wp-json\/wp\/v2\/users\/2"}],"replies":[{"embeddable":true,"href":"https:\/\/www.europesays.com\/de\/wp-json\/wp\/v2\/comments?post=1245110"}],"version-history":[{"count":0,"href":"https:\/\/www.europesays.com\/de\/wp-json\/wp\/v2\/posts\/1245110\/revisions"}],"wp:featuredmedia":[{"embeddable":true,"href":"https:\/\/www.europesays.com\/de\/wp-json\/wp\/v2\/media\/1229277"}],"wp:attachment":[{"href":"https:\/\/www.europesays.com\/de\/wp-json\/wp\/v2\/media?parent=1245110"}],"wp:term":[{"taxonomy":"category","embeddable":true,"href":"https:\/\/www.europesays.com\/de\/wp-json\/wp\/v2\/categories?post=1245110"},{"taxonomy":"post_tag","embeddable":true,"href":"https:\/\/www.europesays.com\/de\/wp-json\/wp\/v2\/tags?post=1245110"}],"curies":[{"name":"wp","href":"https:\/\/api.w.org\/{rel}","templated":true}]}}