{"id":1245164,"date":"2026-08-18T16:24:28","date_gmt":"2026-08-18T16:24:28","guid":{"rendered":"https:\/\/www.europesays.com\/de\/1245164\/"},"modified":"2026-08-18T16:24:28","modified_gmt":"2026-08-18T16:24:28","slug":"dresden-schuesse-vor-netto-markt-mann-weiter-in-klinik","status":"publish","type":"post","link":"https:\/\/www.europesays.com\/de\/1245164\/","title":{"rendered":"Dresden: Sch\u00fcsse vor Netto-Markt \u2013 Mann weiter in Klinik"},"content":{"rendered":"<p>Keine Unterbringung in Psychiatrie <\/p>\n<p>Sch\u00fcsse vor Dresdner Supermarkt \u2013 Mann weiter in Klinik<\/p>\n<p>Aktualisiert am 18.08.2026 &#8211; 17:33 UhrLesedauer: 2 Min.<\/p>\n<p><a href=\"#focus-0\" class=\"transition-colors block text-current relative\" data-sctrack=\"FocusGalleryImage.Reference\"><img fetchpriority=\"high\" data-testid=\"Opener.Image\"   loading=\"eager\" src=\"https:\/\/www.europesays.com\/de\/wp-content\/uploads\/2026\/08\/absperrband-und-einsatzwagen-der-polizei-sind-vor-einer-strasse-und-einem-supermarkt-zu-sehen-die-dr.jpeg\" alt=\"Absperrband und Einsatzwagen der Polizei sind vor einer Stra\u00dfe und einem Supermarkt zu sehen: Die Dresdner Polizei hat am Morgen einen bewaffneten Mann \u00fcberw\u00e4ltigt.\" title=\"Absperrband und Einsatzwagen der Polizei sind vor einer Stra\u00dfe und einem Supermarkt zu sehen: Die Dresdner Polizei hat am Morgen einen bewaffneten Mann \u00fcberw\u00e4ltigt.\" width=\"2048\" height=\"1152\" class=\"bg-[url:var(--lqipURL)] bg-cover bg-center flex h-full w-full max-w-full\" style=\"--lqipURL:url('https:\/\/images.t-online.de\/2026\/07\/jmTqNPUX5Ryr\/0x107:2048x1152\/fit-in\/150x0\/filters:blur(25)\/absperrband-und-einsatzwagen-der-polizei-sind-vor-einer-strasse-und-einem-supermarkt-zu-sehen-die-dresdner-polizei-hat-am-morgen-einen-bewaffneten-mann-ueberwaeltigt.jpg')\" decoding=\"async\"\/><img loading=\"lazy\" src=\"https:\/\/dresden.t-online.de\/s\/paper\/_next\/static\/media\/zoom-in.f7dae02f.svg\" alt=\"Vergr\u00f6\u00dfern des Bildes\" title=\"Vergr\u00f6\u00dfern des Bildes\" class=\"block h-[calc(var(--height)_\/_16_*_1rem)] w-[calc(var(--width)_\/_16_*_1rem)] max-w-none absolute right-8 bottom-8 rounded-4 bg-snow p-8\" style=\"--width:32;--height:32\" decoding=\"async\"\/><\/a><\/p>\n<p>Absperrband und Einsatzwagen der Polizei sind vor einer Stra\u00dfe und einem Supermarkt zu sehen: Die Dresdner Polizei hat am Morgen einen bewaffneten Mann \u00fcberw\u00e4ltigt. (Quelle: Katharina Kausche\/dpa)<\/p>\n<p><img loading=\"lazy\" src=\"https:\/\/dresden.t-online.de\/s\/paper\/_next\/static\/media\/audio-volume.6689034c.svg\" alt=\"\" title=\"\" class=\"block h-[calc(var(--height)_\/_16_*_1rem)] w-[calc(var(--width)_\/_16_*_1rem)] max-w-none group-hover:brightness-0 group-hover:invert\" style=\"--width:16;--height:16\" decoding=\"async\"\/>Vorlesen<\/p>\n<p>Aktuelle Zeit:0:00Gesamtdauer:0:00<\/p>\n<p>1x<img loading=\"lazy\" src=\"https:\/\/dresden.t-online.de\/s\/paper\/_next\/static\/media\/font-sizes.32942e33.svg\" alt=\"\" title=\"\" class=\"block h-[calc(var(--height)_\/_16_*_1rem)] w-[calc(var(--width)_\/_16_*_1rem)] max-w-none group-hover:hidden group-aria-expanded:hidden\" style=\"--width:16;--height:16\" decoding=\"async\"\/><img loading=\"lazy\" src=\"https:\/\/dresden.t-online.de\/s\/paper\/_next\/static\/media\/font-sizes-dark-mode.e382645c.svg\" alt=\"\" title=\"\" class=\"block h-[calc(var(--height)_\/_16_*_1rem)] w-[calc(var(--width)_\/_16_*_1rem)] max-w-none hidden group-hover:block group-aria-expanded:block\" style=\"--width:16;--height:16\" decoding=\"async\"\/><img loading=\"lazy\" src=\"https:\/\/dresden.t-online.de\/s\/paper\/_next\/static\/media\/sharing-menu-icon.1eb71368.svg\" alt=\"\" title=\"\" class=\"block h-[calc(var(--height)_\/_16_*_1rem)] w-[calc(var(--width)_\/_16_*_1rem)] max-w-none group-hover:brightness-0 group-hover:invert\" style=\"--width:16;--height:16\" decoding=\"async\"\/>Artikel teilen<\/p>\n<p class=\"font-bold text-18 leading-17 user-text-lg:text-22 user-text-xl:text-24\">Mitten in Dresden zielte der Mann mit einer Schusswaffe erst auf Passanten, dann auch auf die Polizei. Trotzdem ist er jetzt auf freiem Fu\u00df<\/p>\n<p class=\"text-18 leading-17 user-text-lg:text-22 user-text-xl:text-24\">Nach den Sch\u00fcssen vor einem Dresdner Supermarkt ist der Beschuldigte auf freiem Fu\u00df. Der Unterbringungsbefehl gegen den 41-J\u00e4hrigen ist unter strengen Auflagen au\u00dfer Vollzug gesetzt, wie die Staatsanwaltschaft mitteilte. Der Mann wird demnach weiter wegen seiner erlittenen Verletzungen im Krankenhaus behandelt. Die station\u00e4re Behandlung werde voraussichtlich l\u00e4ngere Zeit in Anspruch nehmen.<\/p>\n<p class=\"text-18 leading-17 user-text-lg:text-22 user-text-xl:text-24\"><a href=\"https:\/\/dresden.t-online.de\/region\/dresden\/id_101344120\/schuesse-in-dresden-friedrichstadt-polizei-stoppt-mann-mit-antikem-gewehr.html\" class=\"transition-colors cursor-pointer no-underline md:hover:text-magenta md:focus:text-magenta border-b border-solid border-current text-salemsfur md:hover:border-magenta\" data-tracking=\"{&quot;action&quot;:&quot;click&quot;,&quot;category&quot;:&quot;intextLink&quot;,&quot;label&quot;:&quot;\/region\/dresden\/id_101344120\/schuesse-in-dresden-friedrichstadt-polizei-stoppt-mann-mit-antikem-gewehr.html&quot;}\" data-sctrack=\"BodyAnchor\" rel=\"nofollow noopener\" target=\"_blank\">Der 41-j\u00e4hrige T\u00fcrke hatte Mitte Juli mit einer Art Muskete vor einem Netto-Supermarkt im Dresdner Zentrum auf mehrere Menschen gezielt.<\/a> Nach Polizeiangaben rief er dabei mehrfach &#8222;Allahu Akbar&#8220; (&#8222;Gott ist gro\u00df&#8220;). Nachdem er seine Waffe auch auf die Einsatzkr\u00e4fte richtete, stoppte ihn die Polizei mit zwei Sch\u00fcssen. Nach seiner Festnahme kam er schwer verletzt in ein Krankenhaus.<\/p>\n<p>Mann soll weitere Tat begangen haben<\/p>\n<p class=\"text-18 leading-17 user-text-lg:text-22 user-text-xl:text-24\">Die Staatsanwaltschaft wirft dem 41-J\u00e4hrigen zudem eine weitere Tat vor: Wenige Tage vor dem Vorfall am Supermarkt soll er mit einem Hammer auf einen 23-J\u00e4hrigen im Dresdner Zentrum losgegangen sein. Der Mann konnte den Angriff jedoch abwehren und blieb unverletzt.<\/p>\n<p class=\"text-18 leading-17 user-text-lg:text-22 user-text-xl:text-24\">Wegen seiner psychischen Erkrankung erteilte die zust\u00e4ndige Ermittlungsrichterin am <a href=\"https:\/\/www.t-online.de\/themen\/amtsgericht-dresden\/\" class=\"transition-colors cursor-pointer no-underline md:hover:text-magenta md:focus:text-magenta border-b border-solid border-current text-salemsfur md:hover:border-magenta\" data-tracking=\"{&quot;action&quot;:&quot;click&quot;,&quot;category&quot;:&quot;intextLink&quot;,&quot;label&quot;:&quot;https:\/\/www.t-online.de\/themen\/amtsgericht-dresden\/&quot;}\" data-sctrack=\"BodyAnchor\" rel=\"nofollow noopener\" target=\"_blank\">Amtsgericht Dresden<\/a> keinen Haftbefehl, sondern einen Unterbringungsbefehl. <a href=\"https:\/\/dresden.t-online.de\/region\/dresden\/id_101346970\/schuesse-vor-netto-in-dresden-taeter-und-motiv-das-ist-bislang-bekannt.html\" class=\"transition-colors cursor-pointer no-underline md:hover:text-magenta md:focus:text-magenta border-b border-solid border-current text-salemsfur md:hover:border-magenta\" data-tracking=\"{&quot;action&quot;:&quot;click&quot;,&quot;category&quot;:&quot;intextLink&quot;,&quot;label&quot;:&quot;\/region\/dresden\/id_101346970\/schuesse-vor-netto-in-dresden-taeter-und-motiv-das-ist-bislang-bekannt.html&quot;}\" data-sctrack=\"BodyAnchor\" rel=\"nofollow noopener\" target=\"_blank\">Demnach w\u00e4re der 41-J\u00e4hrige nach seinem Krankenhausaufenthalt vorl\u00e4ufig in eine forensische Psychiatrie gekommen.<\/a><\/p>\n<p>Schwere psychische Erkrankung wird behandelt<\/p>\n<p class=\"text-18 leading-17 user-text-lg:text-22 user-text-xl:text-24\">Von dem Beschuldigten gehe laut Einsch\u00e4tzung eines Sachverst\u00e4ndigen keine Gefahr mehr aus, teilte die Staatsanwaltschaft mit. Er erh\u00e4lt demnach Medikamente zur Behandlung seiner schweren psychischen Erkrankung, deren Einnahme im Krankenhaus \u00fcberwacht wird.<\/p>\n<p class=\"text-18 leading-17 user-text-lg:text-22 user-text-xl:text-24\">Die Ermittlungen gegen den Mann wegen des Verdachts der versuchten gef\u00e4hrlichen K\u00f6rperverletzung, der Bedrohung und des unerlaubten F\u00fchrens einer Schusswaffe laufen den Angaben nach weiter. Anhaltspunkte f\u00fcr ein islamistisches Tatmotiv gibt es weiterhin nicht. Auch der beauftragte Sachverst\u00e4ndige habe keine islamistischen Gedankeng\u00e4nge bei dem Beschuldigten feststellen k\u00f6nnen.<\/p>\n","protected":false},"excerpt":{"rendered":"Keine Unterbringung in Psychiatrie Sch\u00fcsse vor Dresdner Supermarkt \u2013 Mann weiter in Klinik Aktualisiert am 18.08.2026 &#8211; 17:33&hellip;\n","protected":false},"author":2,"featured_media":1245165,"comment_status":"","ping_status":"","sticky":false,"template":"","format":"standard","meta":{"footnotes":"","_share_on_mastodon":"0"},"categories":[1835],"tags":[75452,3364,29,2386,8393,30,121,11202,859,1997,925],"class_list":["post-1245164","post","type-post","status-publish","format-standard","has-post-thumbnail","category-dresden","tag-unterbringung","tag-de","tag-deutschland","tag-dresden","tag-einsatzwagen","tag-germany","tag-polizei","tag-psychiatrie","tag-sachsen","tag-staatsanwaltschaft","tag-supermarkt"],"share_on_mastodon":{"url":"https:\/\/pubeurope.com\/@de\/117117446715822543","error":""},"_links":{"self":[{"href":"https:\/\/www.europesays.com\/de\/wp-json\/wp\/v2\/posts\/1245164","targetHints":{"allow":["GET"]}}],"collection":[{"href":"https:\/\/www.europesays.com\/de\/wp-json\/wp\/v2\/posts"}],"about":[{"href":"https:\/\/www.europesays.com\/de\/wp-json\/wp\/v2\/types\/post"}],"author":[{"embeddable":true,"href":"https:\/\/www.europesays.com\/de\/wp-json\/wp\/v2\/users\/2"}],"replies":[{"embeddable":true,"href":"https:\/\/www.europesays.com\/de\/wp-json\/wp\/v2\/comments?post=1245164"}],"version-history":[{"count":0,"href":"https:\/\/www.europesays.com\/de\/wp-json\/wp\/v2\/posts\/1245164\/revisions"}],"wp:featuredmedia":[{"embeddable":true,"href":"https:\/\/www.europesays.com\/de\/wp-json\/wp\/v2\/media\/1245165"}],"wp:attachment":[{"href":"https:\/\/www.europesays.com\/de\/wp-json\/wp\/v2\/media?parent=1245164"}],"wp:term":[{"taxonomy":"category","embeddable":true,"href":"https:\/\/www.europesays.com\/de\/wp-json\/wp\/v2\/categories?post=1245164"},{"taxonomy":"post_tag","embeddable":true,"href":"https:\/\/www.europesays.com\/de\/wp-json\/wp\/v2\/tags?post=1245164"}],"curies":[{"name":"wp","href":"https:\/\/api.w.org\/{rel}","templated":true}]}}