{"id":1245307,"date":"2026-08-18T17:51:20","date_gmt":"2026-08-18T17:51:20","guid":{"rendered":"https:\/\/www.europesays.com\/de\/1245307\/"},"modified":"2026-08-18T17:51:20","modified_gmt":"2026-08-18T17:51:20","slug":"dtm-kommentator-tobias-schimon-aus-nuernberg-so-war-sein-einsatz-im-bmw-m2-cup","status":"publish","type":"post","link":"https:\/\/www.europesays.com\/de\/1245307\/","title":{"rendered":"DTM-Kommentator Tobias Schimon aus N\u00fcrnberg: So war sein Einsatz im BMW M2 Cup"},"content":{"rendered":"<p>\t<a href=\"https:\/\/www.fraenkischertag.de\/\" style=\"cursor: pointer;height: 20px;transform: translateY(2px);\" title=\"Zur Startseite\" rel=\"nofollow noopener\" target=\"_blank\"><\/a><\/p>\n<p>          Lokales      <\/p>\n<p>        <a href=\"https:\/\/www.fraenkischertag.de\/lokales\/bamberg\/\" rel=\"nofollow noopener\" target=\"_blank\">Bamberg<\/a>        <\/p>\n<p>        <a href=\"https:\/\/www.fraenkischertag.de\/lokales\/bamberg\/lokalsport\/\" rel=\"nofollow noopener\" target=\"_blank\">Lokalsport<\/a>        <\/p>\n<p>                          <a href=\"https:\/\/www.fraenkischertag.de\/plus\/?utm_source=PW&amp;utm_medium=CATEGORY\" aria-label=\"Zu unserer PLUS-Seite\" class=\"icon icon-plus_combined_group\" rel=\"nofollow noopener\" target=\"_blank\"><\/p>\n<p>              <\/a>                                          N\u00fcrnberger im BMW-Rennwagen            <\/p>\n<p>&#8222;Freitag war Horror&#8220;: DTM-Kommentator Schimon \u00fcber Gaststart<\/p>\n<p>                          <img decoding=\"async\" fetchpriority=\"high\" src=\"https:\/\/www.fraenkischertag.de\/storage\/image\/1\/8\/5\/8\/948581_hatte-sichtlich-spass-im-auto-des-bmw-m2-cup-der-nuernberger-dtm-kommentato_fotoglider_1Gx6iy_FkJbF4.jpg\" alt=\"Hatte sichtlich Spa\u00df im Auto des BMW M2 Cup: Der N\u00fcrnberger DTM-Kommentator Tobias Schimon.\" title=\"Hatte sichtlich Spa\u00df im Auto des BMW M2 Cup: Der N\u00fcrnberger DTM-Kommentator Tobias Schimon.\" width=\"800\" height=\"450\"\/><br \/>\n            ADAC Motorsport\/Gruppe C Photography<\/p>\n<p>\n  TEILEN\u00a0<\/p>\n<p>        vor 51 Minuten<\/p>\n<p>\n  \tN\u00fcrnberg\/N\u00fcrburg<br \/>\n\t\u2013 Der N\u00fcrnberger DTM-Kommentator Tobias Schimon schloss bei seinem Einsatz auf dem N\u00fcrburgring die beiden Rennen des BMW M2 Cup auf Platz neun ab. Sein Renningenieur musste ihn zun\u00e4chst sogar auffordern, schneller zu fahren.\n<\/p>\n<p>Na, erwischt! Du bist wohl ein bisschen zu neugierig, was? <\/p>\n<p>  ePayment-Debug<\/p>\n<tr>\n        Token*<br \/>\n        Wert<br \/>\n      <\/tr>\n<tr>\n<td>seite-epayment-id<\/td>\n<td>0<\/td>\n<\/tr>\n<tr>\n<td>seite-epayment-status<\/td>\n<td>pending<\/td>\n<\/tr>\n<tr>\n<td>seite-epayment-kunde-id<\/td>\n<td\/>\n      <\/tr>\n<tr>\n<td>seite-epayment-benutzerdaten_vollstaendig<\/td>\n<td\/>\n      <\/tr>\n<tr>\n<td>seite-epayment-benutzerdaten_aendern_fehler<\/td>\n<td\/>\n      <\/tr>\n<tr>\n<td>seite-epay_bezahlanbieter-zahlungsart<\/td>\n<td\/>\n      <\/tr>\n<tr>\n<td>seite-epayment-bezahlanbieter-zahlungsart<\/td>\n<td\/>\n      <\/tr>\n<tr>\n<td>seite-epayment-einwilligungen_vollstaendig<\/td>\n<td\/>\n      <\/tr>\n<tr>\n<td>seite-epay_produkt-id<\/td>\n<td\/>\n      <\/tr>\n<tr>\n<td>seite-epayment-produkt-id<\/td>\n<td\/>\n      <\/tr>\n<tr>\n<td>seite-epay_produkt-name<\/td>\n<td\/>\n      <\/tr>\n<tr>\n<td>seite-epay_produkt-preis<\/td>\n<td\/>\n      <\/tr>\n<tr>\n<td>seite-epay_bestellung-id<\/td>\n<td\/>\n      <\/tr>\n<tr>\n<td>seite-epay_bezahlanbieter-id<\/td>\n<td\/>\n      <\/tr>\n<tr>\n<td>seite-epay_bezahlanbieter-name<\/td>\n<td\/>\n      <\/tr>\n<tr>\n<td>seite-epayment-gutschein-code<\/td>\n<td\/>\n      <\/tr>\n<tr>\n<td>seite-kunde-abonummer<\/td>\n<td\/>\n      <\/tr>\n<tr>\n<td>seite-epayment-produkt-id<\/td>\n<td\/>\n      <\/tr>\n<tr>\n<td>seite-epayment-produkt-name<\/td>\n<td\/>\n      <\/tr>\n<tr>\n<td>seite-epayment-produkt-preis<\/td>\n<td\/>\n      <\/tr>\n<tr>\n<td>seite-epayment-bestellung-id<\/td>\n<td\/>\n      <\/tr>\n<tr>\n<td>seite-epayment-bezahlanbieter-id<\/td>\n<td\/>\n      <\/tr>\n<tr>\n<td>seite-epayment-bezahlanbieter-name<\/td>\n<td\/>\n      <\/tr>\n<tr>\n<td>seite-epayment-gutschein-code<\/td>\n<td\/>\n      <\/tr>\n<tr>\n<td>epay_bestellung-status<\/td>\n<td\/>\n      <\/tr>\n<tr>\n<td>seite-epayment-bestellung-status<\/td>\n<td\/>\n      <\/tr>\n<tr>\n<td>seite-epayment-url<\/td>\n<td>https:\/\/www.fraenkischertag.de\/lokales\/bamberg\/lokalsport\/dtm-kommentator-tobias-schimon-aus-nuernberg-so-war-sein-einsatz-im-bmw-m2-cup-art-576955<\/td>\n<\/tr>\n<tr>\n<td>seite-epayment-querystring<\/td>\n<td\/>\n      <\/tr>\n<tr>\n<td>seite-epayment-referer<\/td>\n<td>http:\/\/www.bing.com\/<\/td>\n<\/tr>\n<tr>\n<td>seite-epayment-berechtigung<\/td>\n<td>paidft<\/td>\n<\/tr>\n<tr>\n<td>seite-epayment-zusatzprodukte_gewaehlt<\/td>\n<td\/>\n      <\/tr>\n<tr>\n<td>seite-user_ist_angemeldet<\/td>\n<td>0<\/td>\n<\/tr>\n<tr>\n<td>seite-contexturl<\/td>\n<td>\/lokales\/bamberg\/lokalsport\/dtm-kommentator-tobias-schimon-aus-nuernberg-so-war-sein-einsatz-im-bmw-m2-cup-art-576955<\/td>\n<\/tr>\n<tr>\n<td colspan=\"2\">\n          * Die Namen der Token entsprechen den Variablen in den Anzeigeregeln (ohne seite-).\n        <\/td>\n<\/tr>\n<tr>\n      Funktionsname<br \/>\n      Wert<br \/>\n    <\/tr>\n<tr>\n<td>kunde_hat_abonummer<\/td>\n<td\/>\n    <\/tr>\n<tr>\n<td>ist_payum_url<\/td>\n<td\/>\n    <\/tr>\n<tr>\n<td>Externe NL-Kunden ID<\/td>\n<td\/>\n    <\/tr>\n<tr>\n<td>E-Mail existiert als Kunde<\/td>\n<td\/>\n    <\/tr>\n<tr>\n  <\/tr>\n<p>\n    \/lokales\/bamberg\/lokalsport\/\n    <\/p>\n<p>Folgen Sie uns auf<\/p>\n<ul class=\"nav head\">\n<li class=\"head\">Angebote &amp; Services<\/li>\n<li class=\"head\">Rechtliches<\/li>\n<li class=\"head\">Verlag<\/li>\n<\/ul>\n","protected":false},"excerpt":{"rendered":"Lokales Bamberg Lokalsport N\u00fcrnberger im BMW-Rennwagen &#8222;Freitag war Horror&#8220;: DTM-Kommentator Schimon \u00fcber Gaststart ADAC Motorsport\/Gruppe C Photography TEILEN\u00a0&hellip;\n","protected":false},"author":2,"featured_media":1245308,"comment_status":"","ping_status":"","sticky":false,"template":"","format":"standard","meta":{"footnotes":"","_share_on_mastodon":"0"},"categories":[1837],"tags":[5705,772,3364,29,138916,30,5278,26027,963,14,3783,10720],"class_list":["post-1245307","post","type-post","status-publish","format-standard","has-post-thumbnail","category-nuernberg","tag-bamberg","tag-bayern","tag-de","tag-deutschland","tag-fraenkischer-tag","tag-germany","tag-interviews","tag-landkreis-bamberg","tag-lokales","tag-nachrichten","tag-nuernberg","tag-reportagen"],"share_on_mastodon":{"url":"https:\/\/pubeurope.com\/@de\/117117787385132406","error":""},"_links":{"self":[{"href":"https:\/\/www.europesays.com\/de\/wp-json\/wp\/v2\/posts\/1245307","targetHints":{"allow":["GET"]}}],"collection":[{"href":"https:\/\/www.europesays.com\/de\/wp-json\/wp\/v2\/posts"}],"about":[{"href":"https:\/\/www.europesays.com\/de\/wp-json\/wp\/v2\/types\/post"}],"author":[{"embeddable":true,"href":"https:\/\/www.europesays.com\/de\/wp-json\/wp\/v2\/users\/2"}],"replies":[{"embeddable":true,"href":"https:\/\/www.europesays.com\/de\/wp-json\/wp\/v2\/comments?post=1245307"}],"version-history":[{"count":0,"href":"https:\/\/www.europesays.com\/de\/wp-json\/wp\/v2\/posts\/1245307\/revisions"}],"wp:featuredmedia":[{"embeddable":true,"href":"https:\/\/www.europesays.com\/de\/wp-json\/wp\/v2\/media\/1245308"}],"wp:attachment":[{"href":"https:\/\/www.europesays.com\/de\/wp-json\/wp\/v2\/media?parent=1245307"}],"wp:term":[{"taxonomy":"category","embeddable":true,"href":"https:\/\/www.europesays.com\/de\/wp-json\/wp\/v2\/categories?post=1245307"},{"taxonomy":"post_tag","embeddable":true,"href":"https:\/\/www.europesays.com\/de\/wp-json\/wp\/v2\/tags?post=1245307"}],"curies":[{"name":"wp","href":"https:\/\/api.w.org\/{rel}","templated":true}]}}