{"id":1245376,"date":"2026-08-18T18:31:20","date_gmt":"2026-08-18T18:31:20","guid":{"rendered":"https:\/\/www.europesays.com\/de\/1245376\/"},"modified":"2026-08-18T18:31:20","modified_gmt":"2026-08-18T18:31:20","slug":"bei-testspiel-gegen-heidenheim-naechster-schreckmoment-musiala-bricht-wieder-zusammen","status":"publish","type":"post","link":"https:\/\/www.europesays.com\/de\/1245376\/","title":{"rendered":"Bei Testspiel gegen Heidenheim: N\u00e4chster Schreckmoment: Musiala bricht wieder zusammen"},"content":{"rendered":"<p>            <img loading=\"lazy\" decoding=\"async\" class=\"ts-image\" src=\"https:\/\/www.europesays.com\/de\/wp-content\/uploads\/2026\/08\/br-jamal-musiala-musste-erneut-von-aerzten-vom-feld-gebracht-werden-100.jpg\" alt=\"Jamal Musiala\" title=\"Jamal Musiala musste erneut von \u00c4rzten vom Feld gebracht werden |  IMAGO \/ kolbert-press\"\/><\/p>\n<p class=\"metatextline\">Stand: 18.08.2026 \u2022 20:00 Uhr<\/p>\n<p class=\"article-head__shorttext\">\n        <strong>Nur wenige Tage nach seinem ersten Schw\u00e4cheanfall kippte Jamal Musiala bei einem Testspiel gegen den 1. FC Heidenheim wieder um &#8211; und das nur wenige Minuten nach seiner Einwechslung.<\/strong>\n    <\/p>\n<p class=\"textabsatz m-ten m-offset-one l-eight l-offset-two columns twelve\">Erst war die Erleichterung gro\u00df: Nur wenige Tage nach<a href=\"https:\/\/www.br.de\/nachrichten\/sport\/schreckmoment-um-musiala-fcb-star-erleidet-schwaecheanfall,VSNoaGV\" title=\" seinem Schw\u00e4cheanfall im Testspiel gegen RB Leipzig\" class=\"textlink--extern\" target=\"_blank\" rel=\"noopener nofollow\"> seinem Schw\u00e4cheanfall im Testspiel gegen RB Leipzig<\/a> stand Jamal Musiala wieder im Kader. Doch die Freude w\u00e4hrte nicht lange. Nur vier Minuten nach seiner Einwechslung in der Partie gegen den Zweitligisten 1. FC Heidenheim folgte der n\u00e4chste Schock: Musiala kippte erneut um. Die \u00c4rzte eilten auf den Platz, behandelten den Nationalspieler, anschlie\u00dfend verlie\u00df er das Spielfeld in Richtung Kabine.<\/p>\n<p>    Musiala soll Regenerationstraining absolviert haben<\/p>\n<p class=\"textabsatz m-ten m-offset-one l-eight l-offset-two columns twelve\">Es war ein dramatisches D\u00e9j\u00e0-vu zum vergangenen Samstag. Damals war vermutet worden, dass die hohen Temperaturen von mehr als 30 Grad eine entscheidende Rolle bei Musialas Schw\u00e4cheanfall gespielt haben k\u00f6nnten. In Heidenheim herrschten diesmal jedoch lediglich 19 Grad.<\/p>\n<p class=\"textabsatz m-ten m-offset-one l-eight l-offset-two columns twelve\"><a href=\"https:\/\/www.br.de\/nachrichten\/sport\/fc-bayern-muenchen-entwarnung-bei-sorgenkindern-jamal-musiala-konrad-laimer-und-minjae-kim,VSZtanJ\" title=\"Nach dem ersten Vorfall hatte es zun\u00e4chst Entwarnung gegeben.\" class=\"textlink--extern\" target=\"_blank\" rel=\"noopener nofollow\">Nach dem ersten Vorfall hatte es zun\u00e4chst Entwarnung gegeben.<\/a> Sowohl Sportvorstand Max Eberl als auch Harry Kane hatten sich zu Musialas Zustand ge\u00e4u\u00dfert. Beim Team-Medientag des FC Bayern am Montag fehlte der 23-J\u00e4hrige zwar, soll zwischenzeitlich jedoch ein Regenerationstraining absolviert haben.<\/p>\n<p class=\"textabsatz m-ten m-offset-one l-eight l-offset-two columns twelve\">Tabellenf\u00fchrung und Abstiegskampf, aktuelle Spielpaarungen, Ergebnisse und Liveticker, Torj\u00e4gerlisten, Laufleistung- sowie Zweikampfstatistiken und noch viel mehr: Fu\u00dfball im Ergebniscenter von BR24Sport.<\/p>\n<p class=\"textabsatz m-ten m-offset-one l-eight l-offset-two columns twelve\">Quelle: BR24Sport im Radio 18.08.2026 &#8211; 17:54 Uhr<\/p>\n<p>                                        <a class=\"backlink__link\" href=\"https:\/\/www.br.de\/nachrichten\/sport\/fc-bayern-muenchen-1-fc-heidenheim-schreckomemnt-jamal-musiala-erleidet-wieder-schwaecheanfall,VSegh4q\" rel=\"nofollow noopener\" target=\"_blank\"><\/p>\n<p>                                                <img decoding=\"async\" src=\"https:\/\/images.sportschau.de\/image\/05fe9eb0-903d-4c3a-83ba-894c6893cc80\/AAABlap_YQI\/AAABnR8VW9w\/original\/lra-br-logo-100.svg\" alt=\"Bayerischer Rundfunk\"\/><\/p>\n<p>                                        <\/a><\/p>\n","protected":false},"excerpt":{"rendered":"Stand: 18.08.2026 \u2022 20:00 Uhr Nur wenige Tage nach seinem ersten Schw\u00e4cheanfall kippte Jamal Musiala bei einem Testspiel&hellip;\n","protected":false},"author":2,"featured_media":1245377,"comment_status":"","ping_status":"","sticky":false,"template":"","format":"standard","meta":{"footnotes":"","_share_on_mastodon":"0"},"categories":[136],"tags":[17188,3204,29,458,30,35856,265],"class_list":["post-1245376","post","type-post","status-publish","format-standard","has-post-thumbnail","category-sport","tag-1-fc-heidenheim","tag-br","tag-deutschland","tag-fc-bayern-muenchen","tag-germany","tag-jamal-musiala","tag-sport"],"share_on_mastodon":{"url":"https:\/\/pubeurope.com\/@de\/117117945937237435","error":""},"_links":{"self":[{"href":"https:\/\/www.europesays.com\/de\/wp-json\/wp\/v2\/posts\/1245376","targetHints":{"allow":["GET"]}}],"collection":[{"href":"https:\/\/www.europesays.com\/de\/wp-json\/wp\/v2\/posts"}],"about":[{"href":"https:\/\/www.europesays.com\/de\/wp-json\/wp\/v2\/types\/post"}],"author":[{"embeddable":true,"href":"https:\/\/www.europesays.com\/de\/wp-json\/wp\/v2\/users\/2"}],"replies":[{"embeddable":true,"href":"https:\/\/www.europesays.com\/de\/wp-json\/wp\/v2\/comments?post=1245376"}],"version-history":[{"count":0,"href":"https:\/\/www.europesays.com\/de\/wp-json\/wp\/v2\/posts\/1245376\/revisions"}],"wp:featuredmedia":[{"embeddable":true,"href":"https:\/\/www.europesays.com\/de\/wp-json\/wp\/v2\/media\/1245377"}],"wp:attachment":[{"href":"https:\/\/www.europesays.com\/de\/wp-json\/wp\/v2\/media?parent=1245376"}],"wp:term":[{"taxonomy":"category","embeddable":true,"href":"https:\/\/www.europesays.com\/de\/wp-json\/wp\/v2\/categories?post=1245376"},{"taxonomy":"post_tag","embeddable":true,"href":"https:\/\/www.europesays.com\/de\/wp-json\/wp\/v2\/tags?post=1245376"}],"curies":[{"name":"wp","href":"https:\/\/api.w.org\/{rel}","templated":true}]}}