{"id":1245405,"date":"2026-08-18T18:51:16","date_gmt":"2026-08-18T18:51:16","guid":{"rendered":"https:\/\/www.europesays.com\/de\/1245405\/"},"modified":"2026-08-18T18:51:16","modified_gmt":"2026-08-18T18:51:16","slug":"soul-slam-in-ludwigshafen-buehne-fuer-mut-texte-und-persoenliche-geschichten-ludwigshafen","status":"publish","type":"post","link":"https:\/\/www.europesays.com\/de\/1245405\/","title":{"rendered":"\u201eSoul Slam\u201c in Ludwigshafen: B\u00fchne f\u00fcr Mut, Texte und pers\u00f6nliche Geschichten &#8211; Ludwigshafen"},"content":{"rendered":"<p><b>Neben einem Schreibworkshop gibt es am Abend auch ein Open Mic f\u00fcr erfahrene und neue Stimmen.<\/b><\/p>\n<p>Unter dem Titel \u201eSoul Slam \u2013 Gedankenfutter f\u00fcr die Seele\u201c findet am Samstag, 22. August, in der Melanchthonkirche (Maxstra\u00dfe 38\/Mitte) ein Abend rund um Kreativit\u00e4t, Sprache und St\u00e4rkung der Selbstbestimmung statt. Veranstaltet werden ein Schreibworkshop sowie ein anschlie\u00dfender Poetry- und Soul-Slam mit offenem Mikrofon. Von 17 bis 19 Uhr sind Interessierte eingeladen, beim offenen Workshop mitzumachen. Dabei sollen Gedanken, Erfahrungen und Ideen in Texte verwandelt werden. Vorkenntnisse seien nicht erforderlich, teilen die Organisatoren mit. Im Mittelpunkt st\u00fcnden Kreativit\u00e4t, Austausch und pers\u00f6nliche Entwicklung. Ab 19 Uhr folgt der \u201eSoul Slam\u201c. Auf der B\u00fchne stehen sowohl erfahrene Slammer als auch Menschen, die erstmals eigene Texte vortragen m\u00f6chten. Thematisch geht es unter anderem um Mut, Selbstwirksamkeit und Sichtbarkeit. Auch spontane Beitr\u00e4ge beim Open Mic sind m\u00f6glich.   Wer  auftreten m\u00f6chte, kann sich  per Instagram unter \u201e@soulslam1\u201c oder per E-Mail an <a href=\"http:\/\/www.rheinpfalz.de\/cdn-cgi\/l\/email-protection#460c2335352f25276808233324233421233406312324682223\" target=\"_blank\" class=\"external-link-new-window\" title=\"\" rel=\"nofollow noopener\">[email\u00a0protected]<\/a> anmelden.<\/p>\n","protected":false},"excerpt":{"rendered":"Neben einem Schreibworkshop gibt es am Abend auch ein Open Mic f\u00fcr erfahrene und neue Stimmen. Unter dem&hellip;\n","protected":false},"author":2,"featured_media":1245406,"comment_status":"","ping_status":"","sticky":false,"template":"","format":"standard","meta":{"footnotes":"","_share_on_mastodon":"0"},"categories":[1845],"tags":[1634,3364,29,548,663,3934,30,13,4060,25476,2096,525,14,15,12,258029],"class_list":["post-1245405","post","type-post","status-publish","format-standard","has-post-thumbnail","category-mannheim","tag-baden-wuerttemberg","tag-de","tag-deutschland","tag-eu","tag-europa","tag-europe","tag-germany","tag-headlines","tag-lokal","tag-ludwigshafen","tag-mannheim","tag-mitte","tag-nachrichten","tag-news","tag-schlagzeilen","tag-schreibworkshop"],"share_on_mastodon":{"url":"https:\/\/pubeurope.com\/@de\/117118021543866153","error":""},"_links":{"self":[{"href":"https:\/\/www.europesays.com\/de\/wp-json\/wp\/v2\/posts\/1245405","targetHints":{"allow":["GET"]}}],"collection":[{"href":"https:\/\/www.europesays.com\/de\/wp-json\/wp\/v2\/posts"}],"about":[{"href":"https:\/\/www.europesays.com\/de\/wp-json\/wp\/v2\/types\/post"}],"author":[{"embeddable":true,"href":"https:\/\/www.europesays.com\/de\/wp-json\/wp\/v2\/users\/2"}],"replies":[{"embeddable":true,"href":"https:\/\/www.europesays.com\/de\/wp-json\/wp\/v2\/comments?post=1245405"}],"version-history":[{"count":0,"href":"https:\/\/www.europesays.com\/de\/wp-json\/wp\/v2\/posts\/1245405\/revisions"}],"wp:featuredmedia":[{"embeddable":true,"href":"https:\/\/www.europesays.com\/de\/wp-json\/wp\/v2\/media\/1245406"}],"wp:attachment":[{"href":"https:\/\/www.europesays.com\/de\/wp-json\/wp\/v2\/media?parent=1245405"}],"wp:term":[{"taxonomy":"category","embeddable":true,"href":"https:\/\/www.europesays.com\/de\/wp-json\/wp\/v2\/categories?post=1245405"},{"taxonomy":"post_tag","embeddable":true,"href":"https:\/\/www.europesays.com\/de\/wp-json\/wp\/v2\/tags?post=1245405"}],"curies":[{"name":"wp","href":"https:\/\/api.w.org\/{rel}","templated":true}]}}