{"id":1245580,"date":"2026-08-18T20:56:16","date_gmt":"2026-08-18T20:56:16","guid":{"rendered":"https:\/\/www.europesays.com\/de\/1245580\/"},"modified":"2026-08-18T20:56:16","modified_gmt":"2026-08-18T20:56:16","slug":"grosseinsatz-in-muenchen-schwabing-mann-von-polizei-angeschossen","status":"publish","type":"post","link":"https:\/\/www.europesays.com\/de\/1245580\/","title":{"rendered":"Gro\u00dfeinsatz in M\u00fcnchen-Schwabing: Mann von Polizei angeschossen"},"content":{"rendered":"<p>Im M\u00fcnchner Stadtteil Schwabing ist ein Mann durch mindestens einen Schuss aus einer Polizeiwaffe schwer verletzt worden. Der etwa 20 Jahre alte Mann sei in ein Krankenhaus gebracht worden, wie ein Polizeisprecher berichtete. Der Mann soll auf offener Stra\u00dfe mit einem pistolen\u00e4hnlichen Gegenstand hantiert haben. Ein entsprechender Notruf sei gegen 17.15 Uhr bei der Polizei eingegangen, sagte der Sprecher.\u00a0Eine Zeugin habe einen Schuss geh\u00f6rt.&#13;<\/p>\n<p>Wie kam es zu dem Schuss?<\/p>\n<p>Beamte h\u00e4tten den Mann gegen 17.30 Uhr ausfindig gemacht und angesprochen \u2013 dabei sei es zum Schusswaffengebrauch seitens der Polizei gekommen.\u00a0Es habe zuvor keine kriminelle Handlung gegeben, teilte die Polizei mit: &#8222;Wenn wir eine Person mit Waffe gemeldet bekommen, sind wir mit starken Kr\u00e4ften im Einsatz.&#8220; Kripo und Spurensicherung trafen mittlerweile am Ort des Geschehens ein, ebenso Beamte des Bayerischen Landeskriminalamtes. Das Landeskriminalamt ermittelt stets, wenn ein Polizeibeamter oder eine Polizeibeamtin die Waffe eingesetzt hat. <\/p>\n<p>Warum geschossen wurde und wie der Ablauf des Geschehens war, sei Gegenstand der Ermittlungen, sagte die Polizei.\u00a0Die am Einsatz unmittelbar beteiligten Kollegen w\u00fcrden betreut. Der pistolen\u00e4hnliche Gegenstand sei sichergestellt worden. Ob es sich um eine echte Waffe handelte, werde noch untersucht.<\/p>\n<p>Noch nicht gekl\u00e4rt ist auch die Identit\u00e4t des Mannes. Es sei bei ihm kein Ausweisdokument gefunden worden. Es werde voraussichtlich bis Mittwoch dauern, bis er identifiziert werden k\u00f6nne.\u00a0<\/p>\n<p>Weitr\u00e4umige Absperrung in Schwabing<\/p>\n<p>Das Gel\u00e4nde um den Schauplatz des Geschehens im Bereich Ecke Clemensstra\u00dfe\/Belgradstra\u00dfe war stundenlang weitr\u00e4umig abgesperrt, auch die Tram konnte nicht fahren. Es gab erhebliche Verkehrsbehinderungen.\u00a0&#13;<\/p>\n<p>Die Gegend ist belebt. Zeugen wurden direkt vor Ort befragt. Dazu sei eine Zeugensammelstelle eingerichtet worden, hie\u00df es weiter.<\/p>\n<p>Mit Informationen von dpa<\/p>\n","protected":false},"excerpt":{"rendered":"Im M\u00fcnchner Stadtteil Schwabing ist ein Mann durch mindestens einen Schuss aus einer Polizeiwaffe schwer verletzt worden. Der&hellip;\n","protected":false},"author":2,"featured_media":1245581,"comment_status":"","ping_status":"","sticky":false,"template":"","format":"standard","meta":{"footnotes":"","_share_on_mastodon":"0"},"categories":[5],"tags":[331,332,3364,29,30,13,14,15,2339,121,4908,12,2466,6050],"class_list":["post-1245580","post","type-post","status-publish","format-standard","has-post-thumbnail","category-nachrichten","tag-aktuelle-nachrichten","tag-aktuelle-news","tag-de","tag-deutschland","tag-germany","tag-headlines","tag-nachrichten","tag-news","tag-oberbayern","tag-polizei","tag-polizeieinsatz","tag-schlagzeilen","tag-schusswaffe","tag-schwabing"],"share_on_mastodon":{"url":"https:\/\/pubeurope.com\/@de\/117118512926148691","error":""},"_links":{"self":[{"href":"https:\/\/www.europesays.com\/de\/wp-json\/wp\/v2\/posts\/1245580","targetHints":{"allow":["GET"]}}],"collection":[{"href":"https:\/\/www.europesays.com\/de\/wp-json\/wp\/v2\/posts"}],"about":[{"href":"https:\/\/www.europesays.com\/de\/wp-json\/wp\/v2\/types\/post"}],"author":[{"embeddable":true,"href":"https:\/\/www.europesays.com\/de\/wp-json\/wp\/v2\/users\/2"}],"replies":[{"embeddable":true,"href":"https:\/\/www.europesays.com\/de\/wp-json\/wp\/v2\/comments?post=1245580"}],"version-history":[{"count":0,"href":"https:\/\/www.europesays.com\/de\/wp-json\/wp\/v2\/posts\/1245580\/revisions"}],"wp:featuredmedia":[{"embeddable":true,"href":"https:\/\/www.europesays.com\/de\/wp-json\/wp\/v2\/media\/1245581"}],"wp:attachment":[{"href":"https:\/\/www.europesays.com\/de\/wp-json\/wp\/v2\/media?parent=1245580"}],"wp:term":[{"taxonomy":"category","embeddable":true,"href":"https:\/\/www.europesays.com\/de\/wp-json\/wp\/v2\/categories?post=1245580"},{"taxonomy":"post_tag","embeddable":true,"href":"https:\/\/www.europesays.com\/de\/wp-json\/wp\/v2\/tags?post=1245580"}],"curies":[{"name":"wp","href":"https:\/\/api.w.org\/{rel}","templated":true}]}}