{"id":1245593,"date":"2026-08-18T21:05:20","date_gmt":"2026-08-18T21:05:20","guid":{"rendered":"https:\/\/www.europesays.com\/de\/1245593\/"},"modified":"2026-08-18T21:05:20","modified_gmt":"2026-08-18T21:05:20","slug":"kameradin-vergewaltigt-prozess-gegen-berufssoldat-beginnt","status":"publish","type":"post","link":"https:\/\/www.europesays.com\/de\/1245593\/","title":{"rendered":"Kameradin vergewaltigt? Prozess gegen Berufssoldat beginnt"},"content":{"rendered":"<p>        <img decoding=\"async\" src=\"https:\/\/www.europesays.com\/de\/wp-content\/uploads\/2026\/05\/hannover19390.webp\" alt=\"Das Landgericht in Hannover.\" title=\"Das Landgericht in Hannover. | NDR, Julius Matuschik\" class=\"responsive\"\/><\/p>\n<p>AUDIO: Prozessauftakt: Soldat soll Kameradin vergewaltigt haben (1 Min)<\/p>\n<p>\n                Stand: 18.08.2026 21:26 Uhr<\/p>\n<p class=\"preface\">Bei einer Weihnachtsfeier auf dem Gel\u00e4nde einer Kaserne in Hannover soll ein Berufssoldat eine Kameradin vergewaltigt haben. Am Mittwoch (19. August) beginnt am Landgericht Hannover der Prozess gegen den 40-J\u00e4hrigen.<\/p>\n<p class=\"\">Bei der Feier im Dezember 2024 soll der Hauptfeldwebel der 32-J\u00e4hrigen zu einem Toilettenh\u00e4uschen gefolgt sein, wie ein Sprecher des Landgerichts sagte. Laut Anklage soll er die Stabsgefreite in das H\u00e4uschen gedr\u00e4ngt und sie zum Oralverkehr gezwungen haben. Die Soldatin habe sich gewehrt und den Mann schlie\u00dflich zur\u00fcckgedr\u00e4ngt. Sie erstattete Strafanzeige gegen den 40-J\u00e4hrigen.<\/p>\n<p>    Urteil k\u00f6nnte Ende August fallen<\/p>\n<p class=\"\">Laut dem Gerichtssprecher wurde ein internes Disziplinarverfahren eingeleitet. Dessen Abschluss habe man abgewartet, um die Erkenntnisse vor der Anklageerhebung mit denen aus dem Ermittlungsverfahren zusammenzuf\u00fchren. Ob es disziplinarische Ma\u00dfnahmen gab, war unklar. Nach dem Prozessauftakt sind f\u00fcnf weitere Termine geplant, ein Urteil k\u00f6nnte Ende des Monats fallen.<\/p>\n<p>        <img decoding=\"async\" src=\"https:\/\/www.europesays.com\/de\/wp-content\/uploads\/2026\/08\/nurjaheisstja-102.webp\" alt=\"Ein Aufkleber mit &quot;Nur Ja hei\u00dft Ja&quot; h\u00e4ngt an einem Laternenmast.\" title=\"Ein Aufkleber mit &quot;Nur Ja hei\u00dft Ja&quot; h\u00e4ngt an einem Laternenmast. | picture alliance\/CHROMORANGE, Christian Ohde\" class=\"responsive\" loading=\"lazy\"\/><\/p>\n<p>Nach dem Fall Gnarrenburg hat der NDR mit einer Juristin der Leibniz Uni Hannover \u00fcber sexualisierte Gewalt gesprochen.<\/p>\n<p>        <img decoding=\"async\" src=\"https:\/\/www.europesays.com\/de\/wp-content\/uploads\/2026\/08\/justitia154.webp\" alt=\"Die Statue Justitia ist im Amtsgericht Hannover zu sehen.\" title=\"Die Statue Justitia ist im Amtsgericht Hannover zu sehen. | picture alliance\/dpa, Peter Steffen\" class=\"responsive\" loading=\"lazy\"\/><\/p>\n<p>Der Unwille des M\u00e4dchens sei aus den Beweismitteln nicht ersichtlich gewesen. Die &#8220; Nur Ja hei\u00dft Ja&#8220;-Regel gilt in Deutschland nicht.<\/p>\n<p>Dieses Thema im Programm:<\/p>\n<p>                NDR.de | Prozess: Soldat soll Kameradin vergewaltigt haben | 18.08.2026 | 21:26<\/p>\n","protected":false},"excerpt":{"rendered":"AUDIO: Prozessauftakt: Soldat soll Kameradin vergewaltigt haben (1 Min) Stand: 18.08.2026 21:26 Uhr Bei einer Weihnachtsfeier auf dem&hellip;\n","protected":false},"author":2,"featured_media":1081797,"comment_status":"","ping_status":"","sticky":false,"template":"","format":"standard","meta":{"footnotes":"","_share_on_mastodon":"0"},"categories":[1836],"tags":[258075,685,3364,29,30,46,22237,48935,1411,1269,1921],"class_list":["post-1245593","post","type-post","status-publish","format-standard","has-post-thumbnail","category-hannover","tag-berufssoldat","tag-bundeswehr","tag-de","tag-deutschland","tag-germany","tag-hannover","tag-kameradin","tag-kaserne","tag-niedersachsen","tag-prozess","tag-vergewaltigung"],"share_on_mastodon":{"url":"https:\/\/pubeurope.com\/@de\/117118551579419715","error":""},"_links":{"self":[{"href":"https:\/\/www.europesays.com\/de\/wp-json\/wp\/v2\/posts\/1245593","targetHints":{"allow":["GET"]}}],"collection":[{"href":"https:\/\/www.europesays.com\/de\/wp-json\/wp\/v2\/posts"}],"about":[{"href":"https:\/\/www.europesays.com\/de\/wp-json\/wp\/v2\/types\/post"}],"author":[{"embeddable":true,"href":"https:\/\/www.europesays.com\/de\/wp-json\/wp\/v2\/users\/2"}],"replies":[{"embeddable":true,"href":"https:\/\/www.europesays.com\/de\/wp-json\/wp\/v2\/comments?post=1245593"}],"version-history":[{"count":0,"href":"https:\/\/www.europesays.com\/de\/wp-json\/wp\/v2\/posts\/1245593\/revisions"}],"wp:featuredmedia":[{"embeddable":true,"href":"https:\/\/www.europesays.com\/de\/wp-json\/wp\/v2\/media\/1081797"}],"wp:attachment":[{"href":"https:\/\/www.europesays.com\/de\/wp-json\/wp\/v2\/media?parent=1245593"}],"wp:term":[{"taxonomy":"category","embeddable":true,"href":"https:\/\/www.europesays.com\/de\/wp-json\/wp\/v2\/categories?post=1245593"},{"taxonomy":"post_tag","embeddable":true,"href":"https:\/\/www.europesays.com\/de\/wp-json\/wp\/v2\/tags?post=1245593"}],"curies":[{"name":"wp","href":"https:\/\/api.w.org\/{rel}","templated":true}]}}