{"id":1245667,"date":"2026-08-18T21:51:20","date_gmt":"2026-08-18T21:51:20","guid":{"rendered":"https:\/\/www.europesays.com\/de\/1245667\/"},"modified":"2026-08-18T21:51:20","modified_gmt":"2026-08-18T21:51:20","slug":"schwerer-vorwurf-von-staatsanwaeltin-hat-meta-kindergehirne-ausgenutzt-politik","status":"publish","type":"post","link":"https:\/\/www.europesays.com\/de\/1245667\/","title":{"rendered":"Schwerer Vorwurf von Staatsanw\u00e4ltin: Hat Meta Kindergehirne \u201eausgenutzt\u201c? | Politik"},"content":{"rendered":"<p><a class=\"skip-content skip-content--link\" href=\"#in-content-skip-link-target-v-0-0\">TTS-Player \u00fcberspringen\u21b5<\/a><a id=\"in-content-skip-link-target-v-0-0\" class=\"skip-content--target-link-hidden skip-content skip-content--target-link\" href=\"#in-content-skip-link-target-v-0-0\">Artikel weiterlesen<\/a><\/p>\n<p data-83f060b9=\"0-2261\">Oakland \u2013 <b>Wird es jetzt ernst f\u00fcr Mark Zuckerberg (42)? In Kalifornien hat der Mammut-Prozess gegen Meta begonnen. Kernvorwurf der klagenden US-Bundesstaaten: Zuckerbergs Digitalkonzern (u.\u00a0a. Facebook, Instagram) habe Kinder abh\u00e4ngig und psychisch krank gemacht. In ihrer Er\u00f6ffnungsrede sprach Kaliforniens stellvertretende Generalstaatsanw\u00e4ltin Megan O&#8217;Neill am Dienstag von Vorsatz \u2013 Meta habe die Funktionsweise der noch nicht vollst\u00e4ndig entwickelten Kindergehirne \u201eausgenutzt\u201c. <\/b><\/p>\n<p data-83f060b9=\"0-2261\">F\u00fcr Zuckerbergs Konzern ist es nicht der erste Prozess auf dem <a href=\"https:\/\/www.bild.de\/news\/ausland\/usa\/thema-usa-alle-infos-80032950.bild.html\" class=\"text-link\" rel=\"nofollow noopener\" target=\"_blank\">US<\/a>-Heimatmarkt, aber wom\u00f6glich der folgenschwerste: Mehrere US-Bundesstaaten verlangen, dass Meta seine Funktionen einschr\u00e4nkt, im Raum steht zudem eine XXL-Strafzahlung von 200 Milliarden Dollar (rund 173 Milliarden <a href=\"https:\/\/www.bild.de\/themen\/specials\/euro\/wirtschaft-nachrichten-news-fotos-videos-19352558.bild.html\" class=\"text-link\" rel=\"nofollow noopener\" target=\"_blank\">Euro<\/a>). Der Grund: Die Generalstaatsanw\u00e4lte argumentieren, dass jedem betroffenen Kind eine Entsch\u00e4digung zustehe.\n<\/p>\n<p><img decoding=\"async\" width=\"992\" height=\"558\" alt=\"Wie gef\u00e4hrlich ist Scrollen? Diese Frage soll jetzt in einem XXL-Prozess gekl\u00e4rt werden (Symbolfoto)\" loading=\"lazy\" src=\"https:\/\/www.europesays.com\/de\/wp-content\/uploads\/2026\/08\/c44b61f265051b16033307d7bfc6d0f6,a9a47e5f.jpeg\"   class=\"landscape\"\/><\/p>\n<p class=\"fig__caption__text\">Wie gef\u00e4hrlich ist Scrollen? Diese Frage soll jetzt in einem XXL-Prozess gekl\u00e4rt werden (Symbolfoto)<\/p>\n<p>Foto: Elisa Schu\/dpa<\/p>\n<p>Welche Rolle spielte Zuckerberg selbst?<\/p>\n<p data-83f060b9=\"0-2261\">Zum Prozessbeginn griff O&#8217;Neill Metas Gesch\u00e4ftsmodell scharf an. Es lasse sich auf vier einfache Punkte reduzieren: \u201eNutzer an sich binden, sie so lange wie m\u00f6glich halten, ihre Daten absch\u00f6pfen und dann die Wahrheit vor der \u00d6ffentlichkeit verbergen.\u201c Konkret h\u00e4tten Funktionen wie das Endlos-Scrollen, st\u00e4ndige Benachrichtigungen und das Z\u00e4hlen von \u201eGef\u00e4llt mir\u201c-Angaben eine psychische Abh\u00e4ngigkeit erzeugt. Dazu soll im September auch Zuckerberg selbst befragt werden. Der Konzern selbst beteuert, dass ein einzelner Dienst die psychische Gesundheit von <a href=\"https:\/\/www.bild.de\/ratgeber\/kind-familie\/kind-und-familie\/home-15721934.bild.html\" class=\"text-link\" rel=\"nofollow noopener\" target=\"_blank\">Kindern<\/a> nicht beeinflussen k\u00f6nne. <\/p>\n<p>Mehr zum ThemaVergleich mit Tabak-Prozessen<\/p>\n<p data-83f060b9=\"0-2261\">Bislang ist unklar, ob der Firmengr\u00fcnder selbst haftbar gemacht werden k\u00f6nnte. Eine Mail aus dem Jahr 2015, die in der Anklageschrift auftaucht, k\u00f6nnte ihm aber gef\u00e4hrlich werden. Zuckerberg soll darin gefordert haben, Nutzer l\u00e4nger an die sozialen Netzwerke zu binden. In einer Anh\u00f6rung vor dem Kongress soll er genau dies 2021 jedoch verneint haben. F\u00fcr das Gericht wird es wohl entscheidend sein, ob der Konzern von m\u00f6glichen Gesundheitsrisiken wusste und sie verschwieg. Beobachter zogen im Voraus bereits Vergleiche mit den gro\u00dfen Prozessen gegen die <a href=\"https:\/\/www.bild.de\/themen\/specials\/tabakpflanze\/politik-nachrichten-news-fotos-videos-20425306.bild.html\" class=\"text-link\" rel=\"nofollow noopener\" target=\"_blank\">Tabakindustrie<\/a> in den 1990er-Jahren\u00a0\u2013 obwohl ihre eigenen Studien das Gegenteil zeigten, hatten die Firmen behauptet, Tabakrauch sei nicht sch\u00e4dlich. <\/p>\n","protected":false},"excerpt":{"rendered":"TTS-Player \u00fcberspringen\u21b5Artikel weiterlesen Oakland \u2013 Wird es jetzt ernst f\u00fcr Mark Zuckerberg (42)? In Kalifornien hat der Mammut-Prozess&hellip;\n","protected":false},"author":2,"featured_media":1245668,"comment_status":"","ping_status":"","sticky":false,"template":"","format":"standard","meta":{"footnotes":"","_share_on_mastodon":"0"},"categories":[134],"tags":[175,170,169,29,5680,291,30,1114,171,174,670,154,437,138370,173,172,2932],"class_list":["post-1245667","post","type-post","status-publish","format-standard","has-post-thumbnail","category-unternehmen-maerkte","tag-business","tag-companies","tag-companies-markets","tag-deutschland","tag-digital","tag-facebook","tag-germany","tag-kinder","tag-markets","tag-maerkte","tag-meta","tag-social-media","tag-sucht","tag-team-first","tag-unternehmen","tag-unternehmen-maerkte","tag-zuckerberg-mark"],"share_on_mastodon":{"url":"https:\/\/pubeurope.com\/@de\/117118731130637599","error":""},"_links":{"self":[{"href":"https:\/\/www.europesays.com\/de\/wp-json\/wp\/v2\/posts\/1245667","targetHints":{"allow":["GET"]}}],"collection":[{"href":"https:\/\/www.europesays.com\/de\/wp-json\/wp\/v2\/posts"}],"about":[{"href":"https:\/\/www.europesays.com\/de\/wp-json\/wp\/v2\/types\/post"}],"author":[{"embeddable":true,"href":"https:\/\/www.europesays.com\/de\/wp-json\/wp\/v2\/users\/2"}],"replies":[{"embeddable":true,"href":"https:\/\/www.europesays.com\/de\/wp-json\/wp\/v2\/comments?post=1245667"}],"version-history":[{"count":0,"href":"https:\/\/www.europesays.com\/de\/wp-json\/wp\/v2\/posts\/1245667\/revisions"}],"wp:featuredmedia":[{"embeddable":true,"href":"https:\/\/www.europesays.com\/de\/wp-json\/wp\/v2\/media\/1245668"}],"wp:attachment":[{"href":"https:\/\/www.europesays.com\/de\/wp-json\/wp\/v2\/media?parent=1245667"}],"wp:term":[{"taxonomy":"category","embeddable":true,"href":"https:\/\/www.europesays.com\/de\/wp-json\/wp\/v2\/categories?post=1245667"},{"taxonomy":"post_tag","embeddable":true,"href":"https:\/\/www.europesays.com\/de\/wp-json\/wp\/v2\/tags?post=1245667"}],"curies":[{"name":"wp","href":"https:\/\/api.w.org\/{rel}","templated":true}]}}