{"id":1245725,"date":"2026-08-18T22:30:14","date_gmt":"2026-08-18T22:30:14","guid":{"rendered":"https:\/\/www.europesays.com\/de\/1245725\/"},"modified":"2026-08-18T22:30:14","modified_gmt":"2026-08-18T22:30:14","slug":"getruebte-freude-ueber-42-testsieg-nach-musiala-zusammenbruch","status":"publish","type":"post","link":"https:\/\/www.europesays.com\/de\/1245725\/","title":{"rendered":"Getr\u00fcbte Freude \u00fcber 4:2-Testsieg nach Musiala-Zusammenbruch"},"content":{"rendered":"<p>Der FC Bayern M\u00fcnchen hat den letzten Test vor dem Pflichtspielstart mit 4:2 beim 1. FC Heidenheim gewonnen. Der Sieg bei der Supercup-Generalprobe wurde jedoch vom erneuten Schw\u00e4cheanfall Jamal Musialas \u00fcberschattet. <\/p>\n<p>Die Torsch\u00fctzen der Partie waren f\u00fcr den FCB Felipe Chavez (25.), Arijon Ibrahimovi\u0107 (47.), Luis Diaz (78.) und Nathanial Brown (83.), f\u00fcr den Zweitligisten trafen Yannik Wagner (5.) und Julian Niehues (44.). <\/p>\n<p>Wagner drehte gegen die M\u00fcnchner auf<\/p>\n<p>FCB-Coach Vincent Kompany hatte zun\u00e4chst zahlreiche Topspieler drau\u00dfen gelassen. Torh\u00fcter Manuel Neuer und Joshua Kimmich geh\u00f6rten genau wie Tom Bischof gar nicht zum Kader &#8211; aus Gr\u00fcnden der Belastungssteuerung, wie der Rekordmeister vor dem Anpfiff mitteilte.<\/p>\n<p>Schon in der f\u00fcnften Spielminute gerieten die M\u00fcnchner in R\u00fcckstand. Im Mittelfeld verloren sie folgenschwer den Ball und erm\u00f6glichten so, dass der Heidenheimer Yannik Wagner durchstarten und das 1:0 schie\u00dfen konnte. Jonas Urbig, der f\u00fcr den FCB im Kasten stand, war bei dem Flachschuss chancenlos. Die Kompany-Elf versuchte es nach dem Gegentreffer zwar \u00fcber mehr Ballbesitz und Kombinationen nach vorne, gef\u00e4hrlichere Nadelstiche aber kamen von Heidenheims Wagner: In der 18. Minute brannte der erneut im Mittelfeld durch und versuchte es per Distanzschuss &#8211; dieses Mal war jedoch Urbig zur Stelle. Wenig sp\u00e4ter drehte der Offensivmann erneut auf, versuchte den Ball jedoch dieses Mal abzulegen und fand keinen Abnehmer.  <\/p>\n<p>Chavez erh\u00f6ht mit Sahneschuss auf 1:1<\/p>\n<p>Der FCB hingegen kreierte aus dem Spiel heraus bis zu dem Zeitpunkt wenige Ideen und konnte sich gl\u00fccklich sch\u00e4tzen, dass ihnen der Heidenheimer Luca Kerber durch ein Foul einen Strafsto\u00df bescherte: Den verwandelte das zuletzt an den 1. FC K\u00f6ln ausgeliehene M\u00fcnchner Eigengew\u00e4chs Felipe Chavez &#8211; ein Sahneschuss zum 1:1. <\/p>\n<p>Nach dem Ausgleichstreffer brachte Kompany Ismael Saibari und Min-Jae Kim f\u00fcr Mike Wisdom und Dayot Upamecano auf den Rasen. Der erw\u00fcnschte Effekt blieb jedoch aus: Kurz vor der Pause patzte Sapoko Ndiaye und kl\u00e4rte eine Flanke in den R\u00fcckraum, wo Niehues den Ball volley zum 2:1 f\u00fcr Heidenheim traf. <\/p>\n<p>Allgemein war die erste H\u00e4lfte eher von defensiven Unsicherheiten als von offensiver Power gepr\u00e4gt. Auch der n\u00e4chste Ausgleich kam nicht etwa aus einer cleveren Kombination oder einem genialen Dribbling sondern durch einen Elfmeter zustande: Binder hatte zuvor mehrere Gegenspieler ausgedribbelt und war zu Fall bekommen, der Schiedsrichter zeigte auf den Punkt. Ibrahimovic verwandelte souver\u00e4n zum 2:2. <\/p>\n<p>Musiala brach nach vier Minuten Spielzeit zusammen<\/p>\n<p>In einer XXL-Rotation wechselte Kompany schlie\u00dflich Harry Kane, Jamal Musiala, Michael Olise, Luis Diaz und Aleksandar Pavlovic ein. Musiala war nur wenige Minuten auf dem Spielfeld, da brach er wie schon beim Testspiel gegen RB Leipzig zusammen. Er konnte das Spielfeld jedoch mit Hilfe der \u00c4rzte verlassen. In der Schlussphase drehten die eingewechselten D\u00edaz und Brown die Partie auf der verregneten Ostalb zugunsten der M\u00fcnchner. <\/p>\n<p>Am kommenden Samstag steht f\u00fcr die Bayern das erste Pflichtspiel der Saison an. Im Supercup sind die M\u00fcnchner bei Vizemeister Borussia Dortmund zu Gast.<\/p>\n","protected":false},"excerpt":{"rendered":"Der FC Bayern M\u00fcnchen hat den letzten Test vor dem Pflichtspielstart mit 4:2 beim 1. FC Heidenheim gewonnen.&hellip;\n","protected":false},"author":2,"featured_media":1245726,"comment_status":"","ping_status":"","sticky":false,"template":"","format":"standard","meta":{"footnotes":"","_share_on_mastodon":"0"},"categories":[5],"tags":[17188,331,332,3364,29,458,30,13,35856,14,15,2339,12,11460],"class_list":["post-1245725","post","type-post","status-publish","format-standard","has-post-thumbnail","category-nachrichten","tag-1-fc-heidenheim","tag-aktuelle-nachrichten","tag-aktuelle-news","tag-de","tag-deutschland","tag-fc-bayern-muenchen","tag-germany","tag-headlines","tag-jamal-musiala","tag-nachrichten","tag-news","tag-oberbayern","tag-schlagzeilen","tag-testspiel"],"share_on_mastodon":{"url":"https:\/\/pubeurope.com\/@de\/117118882842415113","error":""},"_links":{"self":[{"href":"https:\/\/www.europesays.com\/de\/wp-json\/wp\/v2\/posts\/1245725","targetHints":{"allow":["GET"]}}],"collection":[{"href":"https:\/\/www.europesays.com\/de\/wp-json\/wp\/v2\/posts"}],"about":[{"href":"https:\/\/www.europesays.com\/de\/wp-json\/wp\/v2\/types\/post"}],"author":[{"embeddable":true,"href":"https:\/\/www.europesays.com\/de\/wp-json\/wp\/v2\/users\/2"}],"replies":[{"embeddable":true,"href":"https:\/\/www.europesays.com\/de\/wp-json\/wp\/v2\/comments?post=1245725"}],"version-history":[{"count":0,"href":"https:\/\/www.europesays.com\/de\/wp-json\/wp\/v2\/posts\/1245725\/revisions"}],"wp:featuredmedia":[{"embeddable":true,"href":"https:\/\/www.europesays.com\/de\/wp-json\/wp\/v2\/media\/1245726"}],"wp:attachment":[{"href":"https:\/\/www.europesays.com\/de\/wp-json\/wp\/v2\/media?parent=1245725"}],"wp:term":[{"taxonomy":"category","embeddable":true,"href":"https:\/\/www.europesays.com\/de\/wp-json\/wp\/v2\/categories?post=1245725"},{"taxonomy":"post_tag","embeddable":true,"href":"https:\/\/www.europesays.com\/de\/wp-json\/wp\/v2\/tags?post=1245725"}],"curies":[{"name":"wp","href":"https:\/\/api.w.org\/{rel}","templated":true}]}}