{"id":1245981,"date":"2026-08-19T01:20:25","date_gmt":"2026-08-19T01:20:25","guid":{"rendered":"https:\/\/www.europesays.com\/de\/1245981\/"},"modified":"2026-08-19T01:20:25","modified_gmt":"2026-08-19T01:20:25","slug":"tadtbibliothek-handarbeitstreff-im-ideenw3rk","status":"publish","type":"post","link":"https:\/\/www.europesays.com\/de\/1245981\/","title":{"rendered":"tadtbibliothek: Handarbeitstreff im Ideenw3rk"},"content":{"rendered":"<p><img loading=\"lazy\" decoding=\"async\" src=\"https:\/\/www.europesays.com\/de\/wp-content\/uploads\/2026\/08\/mrn_news_platzhalter_logo-2026-neu-77.jpg\" alt=\"Mrn news platzhalter logo 2026 neu\" width=\"1500\" height=\"833\" class=\"alignnone size-full wp-image-650171\"  \/> Ludwigshafen \/ Metropolregion Rhein-Neckar \u2013 Gem\u00fctlich zusammensitzen, kreativ werden und sich dabei austauschen \u2013 beim monatlichen Handarbeitstreff unter der Leitung von Kim Hammelmann im Ideenw3rk der Stadtbibliothek, Bismarckstra\u00dfe 44-48, kommt beides zusammen. Ob Anf\u00e4nger*in oder Profi, jede*r ist willkommen. Eigene Projekte k\u00f6nnen weitergef\u00fchrt oder neue Ideen vor Ort ausprobiert werden. Wer kann, bringt das eigene Material mit \u2013 f\u00fcr Neulinge stehen Nadeln und Garn bereit. Der n\u00e4chste Termin ist am Dienstag, 25. August 2026, von 16 bis 18 Uhr. Der Eintritt ist frei, eine Anmeldung ist nicht erforderlich. Informationen gibt es unter Telefon 0621 504-2608 und auf www.ideenw3rk.de.<\/p>\n<p>Quelle: Stadt Ludwigshafen<\/p>\n<p class=\"post-modified-info\">Zuletzt aktualisiert am 18. August 2026, 16:21<\/p>\n","protected":false},"excerpt":{"rendered":"Ludwigshafen \/ Metropolregion Rhein-Neckar \u2013 Gem\u00fctlich zusammensitzen, kreativ werden und sich dabei austauschen \u2013 beim monatlichen Handarbeitstreff unter&hellip;\n","protected":false},"author":2,"featured_media":1245982,"comment_status":"","ping_status":"","sticky":false,"template":"","format":"standard","meta":{"footnotes":"","_share_on_mastodon":"0"},"categories":[1845],"tags":[1634,9743,3364,29,548,663,3934,30,13,259,25476,2096,25488,25489,14,14480,15,2124,13883,5206,28951,12,3041,61988,4947,1464],"class_list":["post-1245981","post","type-post","status-publish","format-standard","has-post-thumbnail","category-mannheim","tag-baden-wuerttemberg","tag-bismarckstrasse","tag-de","tag-deutschland","tag-eu","tag-europa","tag-europe","tag-germany","tag-headlines","tag-informationen","tag-ludwigshafen","tag-mannheim","tag-metropolregion","tag-metropolregion-rhein-neckar","tag-nachrichten","tag-neckar","tag-news","tag-ob","tag-projekte","tag-rhein","tag-rhein-neckar","tag-schlagzeilen","tag-stadt","tag-stadt-ludwigshafen","tag-stadtbibliothek","tag-telefon"],"share_on_mastodon":{"url":"https:\/\/pubeurope.com\/@de\/117119552615742113","error":""},"_links":{"self":[{"href":"https:\/\/www.europesays.com\/de\/wp-json\/wp\/v2\/posts\/1245981","targetHints":{"allow":["GET"]}}],"collection":[{"href":"https:\/\/www.europesays.com\/de\/wp-json\/wp\/v2\/posts"}],"about":[{"href":"https:\/\/www.europesays.com\/de\/wp-json\/wp\/v2\/types\/post"}],"author":[{"embeddable":true,"href":"https:\/\/www.europesays.com\/de\/wp-json\/wp\/v2\/users\/2"}],"replies":[{"embeddable":true,"href":"https:\/\/www.europesays.com\/de\/wp-json\/wp\/v2\/comments?post=1245981"}],"version-history":[{"count":0,"href":"https:\/\/www.europesays.com\/de\/wp-json\/wp\/v2\/posts\/1245981\/revisions"}],"wp:featuredmedia":[{"embeddable":true,"href":"https:\/\/www.europesays.com\/de\/wp-json\/wp\/v2\/media\/1245982"}],"wp:attachment":[{"href":"https:\/\/www.europesays.com\/de\/wp-json\/wp\/v2\/media?parent=1245981"}],"wp:term":[{"taxonomy":"category","embeddable":true,"href":"https:\/\/www.europesays.com\/de\/wp-json\/wp\/v2\/categories?post=1245981"},{"taxonomy":"post_tag","embeddable":true,"href":"https:\/\/www.europesays.com\/de\/wp-json\/wp\/v2\/tags?post=1245981"}],"curies":[{"name":"wp","href":"https:\/\/api.w.org\/{rel}","templated":true}]}}