{"id":1246053,"date":"2026-08-19T02:17:18","date_gmt":"2026-08-19T02:17:18","guid":{"rendered":"https:\/\/www.europesays.com\/de\/1246053\/"},"modified":"2026-08-19T02:17:18","modified_gmt":"2026-08-19T02:17:18","slug":"fellbach-mittelstand-trifft-auf-start-up-experten-geben-tipps-fuer-gruender-nachrichten-aus-fellbach","status":"publish","type":"post","link":"https:\/\/www.europesays.com\/de\/1246053\/","title":{"rendered":"Fellbach: Mittelstand trifft auf Start-up \u2013 Experten geben Tipps f\u00fcr Gr\u00fcnder &#8211; Nachrichten aus Fellbach"},"content":{"rendered":"<p><strong>Fellbach. <\/strong> In Fellbach  sollen mittelst\u00e4ndische Unternehmen auf Start-ups treffen. Wie die Stadt Fellbach jetzt mitteilt, wird sie am Donnerstag, 20. August 2026 einen dritten Existenzgr\u00fcndungstag veranstalten. Bei der Veranstaltung geben Experten Tipps aus der Praxis und geben Anst\u00f6\u00dfe \u2013 f\u00fcr den Weg von der Idee bis zur Er\u00f6ffnung des eigenen Unternehmens. Wann findet das Event statt und wie viel kostet der Eintritt? Das Wichtigste im \u00dcberblick.<\/p>\n<p>Die Wirtschaftsf\u00f6rderung<\/p>\n","protected":false},"excerpt":{"rendered":"Fellbach. In Fellbach sollen mittelst\u00e4ndische Unternehmen auf Start-ups treffen. Wie die Stadt Fellbach jetzt mitteilt, wird sie am&hellip;\n","protected":false},"author":2,"featured_media":1246054,"comment_status":"","ping_status":"","sticky":false,"template":"","format":"standard","meta":{"footnotes":"","_share_on_mastodon":"0"},"categories":[1830],"tags":[1634,3364,29,6725,30,4563,428,1441,191400,55],"class_list":["post-1246053","post","type-post","status-publish","format-standard","has-post-thumbnail","category-stuttgart","tag-baden-wuerttemberg","tag-de","tag-deutschland","tag-fellbach","tag-germany","tag-mittelstand","tag-start-up","tag-stuttgart","tag-un_was-gibt-es-neues","tag-wirtschaft"],"share_on_mastodon":{"url":"https:\/\/pubeurope.com\/@de\/117119775327344795","error":""},"_links":{"self":[{"href":"https:\/\/www.europesays.com\/de\/wp-json\/wp\/v2\/posts\/1246053","targetHints":{"allow":["GET"]}}],"collection":[{"href":"https:\/\/www.europesays.com\/de\/wp-json\/wp\/v2\/posts"}],"about":[{"href":"https:\/\/www.europesays.com\/de\/wp-json\/wp\/v2\/types\/post"}],"author":[{"embeddable":true,"href":"https:\/\/www.europesays.com\/de\/wp-json\/wp\/v2\/users\/2"}],"replies":[{"embeddable":true,"href":"https:\/\/www.europesays.com\/de\/wp-json\/wp\/v2\/comments?post=1246053"}],"version-history":[{"count":0,"href":"https:\/\/www.europesays.com\/de\/wp-json\/wp\/v2\/posts\/1246053\/revisions"}],"wp:featuredmedia":[{"embeddable":true,"href":"https:\/\/www.europesays.com\/de\/wp-json\/wp\/v2\/media\/1246054"}],"wp:attachment":[{"href":"https:\/\/www.europesays.com\/de\/wp-json\/wp\/v2\/media?parent=1246053"}],"wp:term":[{"taxonomy":"category","embeddable":true,"href":"https:\/\/www.europesays.com\/de\/wp-json\/wp\/v2\/categories?post=1246053"},{"taxonomy":"post_tag","embeddable":true,"href":"https:\/\/www.europesays.com\/de\/wp-json\/wp\/v2\/tags?post=1246053"}],"curies":[{"name":"wp","href":"https:\/\/api.w.org\/{rel}","templated":true}]}}