{"id":1246082,"date":"2026-08-19T02:36:27","date_gmt":"2026-08-19T02:36:27","guid":{"rendered":"https:\/\/www.europesays.com\/de\/1246082\/"},"modified":"2026-08-19T02:36:27","modified_gmt":"2026-08-19T02:36:27","slug":"ehemann-von-hamburger-koechin-cornelia-poletto-ist-eifersuechtig-auf-ex","status":"publish","type":"post","link":"https:\/\/www.europesays.com\/de\/1246082\/","title":{"rendered":"Ehemann von Hamburger K\u00f6chin Cornelia Poletto ist eifers\u00fcchtig auf Ex"},"content":{"rendered":"<p>Hamburger Gastro <\/p>\n<p>Ehemann von Star-K\u00f6chin ist eifers\u00fcchtig auf ihren Ex<\/p>\n<p>Aktualisiert am 18.08.2026 &#8211; 18:10 UhrLesedauer: 2 Min.<\/p>\n<p><a href=\"#focus-0\" class=\"transition-colors block text-current relative\" data-sctrack=\"FocusGalleryImage.Reference\"><img fetchpriority=\"high\" data-testid=\"Opener.Image\"   loading=\"eager\" src=\"https:\/\/www.europesays.com\/de\/wp-content\/uploads\/2026\/08\/1787106984_897_image.jpg\" alt=\"Dinner for Hearts\" title=\"Dinner for Hearts\" width=\"3134\" height=\"1763\" class=\"bg-[url:var(--lqipURL)] bg-cover bg-center flex h-full w-full max-w-full\" style=\"--lqipURL:url('https:\/\/images.t-online.de\/2024\/01\/Mti-gladsjVs\/626x159:3134x1763\/fit-in\/150x0\/filters:blur(25)\/image.jpg')\" decoding=\"async\"\/><img loading=\"lazy\" src=\"https:\/\/hamburg.t-online.de\/s\/paper\/_next\/static\/media\/zoom-in.f7dae02f.svg\" alt=\"Vergr\u00f6\u00dfern des Bildes\" title=\"Vergr\u00f6\u00dfern des Bildes\" class=\"block h-[calc(var(--height)_\/_16_*_1rem)] w-[calc(var(--width)_\/_16_*_1rem)] max-w-none absolute right-8 bottom-8 rounded-4 bg-snow p-8\" style=\"--width:32;--height:32\" decoding=\"async\"\/><\/a><\/p>\n<p>R\u00fcdiger Grube und und Stark\u00f6chin Cornelia Poletto (Archivfoto): Hier beim Dinner for Hearts in der JazzHall des F\u00f6rdervereins Universit\u00e4res Herzzentrum Hamburg gesammelt. (Quelle: Thorsten\u00a0Ahlf\u00a0\/ Funke Foto Services\/imago-images-bilder)<\/p>\n<p><img loading=\"lazy\" src=\"https:\/\/hamburg.t-online.de\/s\/paper\/_next\/static\/media\/audio-volume.6689034c.svg\" alt=\"\" title=\"\" class=\"block h-[calc(var(--height)_\/_16_*_1rem)] w-[calc(var(--width)_\/_16_*_1rem)] max-w-none group-hover:brightness-0 group-hover:invert\" style=\"--width:16;--height:16\" decoding=\"async\"\/>Vorlesen<\/p>\n<p>Aktuelle Zeit:0:00Gesamtdauer:0:00<\/p>\n<p>1x<img loading=\"lazy\" src=\"https:\/\/hamburg.t-online.de\/s\/paper\/_next\/static\/media\/font-sizes.32942e33.svg\" alt=\"\" title=\"\" class=\"block h-[calc(var(--height)_\/_16_*_1rem)] w-[calc(var(--width)_\/_16_*_1rem)] max-w-none group-hover:hidden group-aria-expanded:hidden\" style=\"--width:16;--height:16\" decoding=\"async\"\/><img loading=\"lazy\" src=\"https:\/\/hamburg.t-online.de\/s\/paper\/_next\/static\/media\/font-sizes-dark-mode.e382645c.svg\" alt=\"\" title=\"\" class=\"block h-[calc(var(--height)_\/_16_*_1rem)] w-[calc(var(--width)_\/_16_*_1rem)] max-w-none hidden group-hover:block group-aria-expanded:block\" style=\"--width:16;--height:16\" decoding=\"async\"\/><img loading=\"lazy\" src=\"https:\/\/hamburg.t-online.de\/s\/paper\/_next\/static\/media\/sharing-menu-icon.1eb71368.svg\" alt=\"\" title=\"\" class=\"block h-[calc(var(--height)_\/_16_*_1rem)] w-[calc(var(--width)_\/_16_*_1rem)] max-w-none group-hover:brightness-0 group-hover:invert\" style=\"--width:16;--height:16\" decoding=\"async\"\/>Artikel teilen<\/p>\n<p class=\"font-bold text-18 leading-17 user-text-lg:text-22 user-text-xl:text-24\">Nach 17 Jahren Trennung: Cornelia Poletto arbeitet wieder mit Ex-Mann zusammen. Wie es dazu kam \u2013 und warum das nicht ger\u00e4uschlos begann.<\/p>\n<p class=\"text-18 leading-17 user-text-lg:text-22 user-text-xl:text-24\">Ungew\u00f6hnliche Gesch\u00e4ftspartnerschaft in Hamburg: TV-K\u00f6chin Cornelia Poletto arbeitet seit wenigen Wochen wieder mit ihrem Ex-Mann Remigio Poletto zusammen. 17 Jahre nach ihrer Trennung ist der Sommelier nun als Patron in ihr Restaurant &#8222;Cornelia Poletto&#8220; an der Eppendorfer Landstra\u00dfe eingestiegen.<\/p>\n<p class=\"text-18 leading-17 user-text-lg:text-22 user-text-xl:text-24\">&#8222;Es ist so sch\u00f6n, ihn hier im Restaurant an meiner Seite zu haben&#8220;, sagte die &#8222;Kitchen Impossible&#8220;-Jurorin im April dem &#8222;Hamburger Abendblatt&#8220;. Die beiden <a href=\"https:\/\/www.t-online.de\/unterhaltung\/stars\/id_100703390\/cornelia-poletto-mit-diesem-beruehmten-mann-war-die-starkoechin-liiert.html\" class=\"transition-colors cursor-pointer no-underline md:hover:text-magenta md:focus:text-magenta border-b border-solid border-current text-salemsfur md:hover:border-magenta\" data-tracking=\"{&quot;action&quot;:&quot;click&quot;,&quot;category&quot;:&quot;intextLink&quot;,&quot;label&quot;:&quot;https:\/\/www.t-online.de\/unterhaltung\/stars\/id_100703390\/cornelia-poletto-mit-diesem-beruehmten-mann-war-die-starkoechin-liiert.html&quot;}\" data-sctrack=\"BodyAnchor\" rel=\"nofollow noopener\" target=\"_blank\">waren von den Neunzigerjahren bis 2008 verheiratet und haben eine gemeinsame Tochter<\/a>. Nach der Scheidung gingen beide getrennte Wege und neue Beziehungen ein.<\/p>\n<p>Cornelia Poletto ist heute mit fr\u00fcherem Bahn-Chef verheiratet<\/p>\n<p class=\"text-18 leading-17 user-text-lg:text-22 user-text-xl:text-24\">Ein Liebescomeback ist jedoch ausgeschlossen. Cornelia Poletto heiratete vor zehn Jahren den ehemaligen Bahn-Chef R\u00fcdiger Grube, auch Remigio Poletto ist in einer neuen Beziehung mit einer Frau namens Julia. Doch die neuen Partner reagieren nicht immer entspannt auf die berufliche Wiedervereinigung der Ex-Eheleute.<\/p>\n<p><a href=\"#focus-1\" class=\"transition-colors block text-current relative\" data-sctrack=\"FocusGalleryImage.Reference\"><img   loading=\"lazy\" src=\"https:\/\/www.europesays.com\/de\/wp-content\/uploads\/2026\/08\/cornelia-und-remigio-poletto-arbeiten-wieder-zusammen.jpg\" alt=\"Cornelia und Remigio Poletto arbeiten wieder zusammen.\" title=\"Cornelia und Remigio Poletto arbeiten wieder zusammen.\" width=\"2578\" height=\"1934\" class=\"h-full w-full max-w-full rounded-8\" decoding=\"async\"\/><img loading=\"lazy\" src=\"https:\/\/hamburg.t-online.de\/s\/paper\/_next\/static\/media\/zoom-in.f7dae02f.svg\" alt=\"Vergr\u00f6\u00dfern des Bildes\" title=\"Vergr\u00f6\u00dfern des Bildes\" class=\"block h-[calc(var(--height)_\/_16_*_1rem)] w-[calc(var(--width)_\/_16_*_1rem)] max-w-none absolute right-8 bottom-8 rounded-4 bg-snow p-8\" style=\"--width:32;--height:32\" decoding=\"async\"\/>Cornelia und Remigio Poletto arbeiten wieder zusammen. (Quelle: hesse und hallermann PR)<\/a><\/p>\n<p class=\"text-18 leading-17 user-text-lg:text-22 user-text-xl:text-24\">&#8222;Man kann schon sagen, dass sowohl Julia als auch R\u00fcdiger manchmal eifers\u00fcchtig sind&#8220;, erz\u00e4hlt Cornelia Poletto jetzt der &#8222;Gala&#8220;. <a href=\"https:\/\/www.t-online.de\/unterhaltung\/stars\/id_100748920\/cornelia-poletto-ihr-ehemann-ist-eifersuechtig-auf-den-ex.html\" class=\"transition-colors cursor-pointer no-underline md:hover:text-magenta md:focus:text-magenta border-b border-solid border-current text-salemsfur md:hover:border-magenta\" data-tracking=\"{&quot;action&quot;:&quot;click&quot;,&quot;category&quot;:&quot;intextLink&quot;,&quot;label&quot;:&quot;https:\/\/www.t-online.de\/unterhaltung\/stars\/id_100748920\/cornelia-poletto-ihr-ehemann-ist-eifersuechtig-auf-den-ex.html&quot;}\" data-sctrack=\"BodyAnchor\" rel=\"nofollow noopener\" target=\"_blank\">Besonders die sp\u00e4ten Arbeitszeiten in der Gastronomie sorgen f\u00fcr Spannungen<\/a>. &#8222;Gastronomie ist immer abends. Dann sitzt mein Mann schon auf dem Sofa, und auch Julia ist zu Hause, w\u00e4hrend wir vielleicht noch mit einem Stammgast einen Wein trinken&#8220;, erkl\u00e4rt die Fernsehk\u00f6chin.<\/p>\n<p>Eifers\u00fcchteleien zuhause<\/p>\n<p class=\"text-18 leading-17 user-text-lg:text-22 user-text-xl:text-24\">&#8222;Wenn man dann um Mitternacht nach Hause kommt und sagt: &#8218;Ich habe noch mit Remigio und G\u00e4sten zusammengesessen&#8216; \u2013 dass das vielleicht auch mal eine kleine Spitze ausl\u00f6sen kann, m\u00f6chte ich nicht abstreiten.&#8220; Dennoch beschreibt sie die Situation zwischen beiden Paaren als harmonisch.<\/p>\n<p class=\"text-18 leading-17 user-text-lg:text-22 user-text-xl:text-24\">Die Initiative f\u00fcr die berufliche Wiedervereinigung ging von Cornelia Poletto aus. Sie besprach die Idee mit ihrem Ehemann R\u00fcdiger Grube, dessen Reaktion &#8222;durchweg positiv&#8220; gewesen sei. &#8222;Am Ende haben unsere Partner das Ganze mehr gepusht als wir&#8220;, sagte Remigio Poletto dem Magazin.<\/p>\n<p class=\"text-18 leading-17 user-text-lg:text-22 user-text-xl:text-24\">Remigio Poletto betrieb seit 2009 die Poletto Winebar am Eppendorfer Weg, die seit Januar laut dem &#8222;Abendblatt&#8220; allein von seinem ehemaligen Gesch\u00e4ftspartner Luigi Francia gef\u00fchrt wird. Vor zwei Wochen startete er nun sein gesch\u00e4ftliches Comeback an der Seite seiner Ex-Frau im Restaurant Cornelia Poletto.<\/p>\n","protected":false},"excerpt":{"rendered":"Hamburger Gastro Ehemann von Star-K\u00f6chin ist eifers\u00fcchtig auf ihren Ex Aktualisiert am 18.08.2026 &#8211; 18:10 UhrLesedauer: 2 Min.&hellip;\n","protected":false},"author":2,"featured_media":1246083,"comment_status":"","ping_status":"","sticky":false,"template":"","format":"standard","meta":{"footnotes":"","_share_on_mastodon":"0"},"categories":[1776],"tags":[3176,1801,55384,29,214,6763,30,692,55994,1802,55385,1598,55386,215],"class_list":["post-1246082","post","type-post","status-publish","format-standard","has-post-thumbnail","category-prominente","tag-3176","tag-celebrities","tag-cornelia-poletto","tag-deutschland","tag-entertainment","tag-gastronomie","tag-germany","tag-hamburg","tag-jazzhall","tag-prominente","tag-remigio-poletto","tag-restaurant","tag-ruediger-grube","tag-unterhaltung"],"share_on_mastodon":{"url":"","error":""},"_links":{"self":[{"href":"https:\/\/www.europesays.com\/de\/wp-json\/wp\/v2\/posts\/1246082","targetHints":{"allow":["GET"]}}],"collection":[{"href":"https:\/\/www.europesays.com\/de\/wp-json\/wp\/v2\/posts"}],"about":[{"href":"https:\/\/www.europesays.com\/de\/wp-json\/wp\/v2\/types\/post"}],"author":[{"embeddable":true,"href":"https:\/\/www.europesays.com\/de\/wp-json\/wp\/v2\/users\/2"}],"replies":[{"embeddable":true,"href":"https:\/\/www.europesays.com\/de\/wp-json\/wp\/v2\/comments?post=1246082"}],"version-history":[{"count":0,"href":"https:\/\/www.europesays.com\/de\/wp-json\/wp\/v2\/posts\/1246082\/revisions"}],"wp:featuredmedia":[{"embeddable":true,"href":"https:\/\/www.europesays.com\/de\/wp-json\/wp\/v2\/media\/1246083"}],"wp:attachment":[{"href":"https:\/\/www.europesays.com\/de\/wp-json\/wp\/v2\/media?parent=1246082"}],"wp:term":[{"taxonomy":"category","embeddable":true,"href":"https:\/\/www.europesays.com\/de\/wp-json\/wp\/v2\/categories?post=1246082"},{"taxonomy":"post_tag","embeddable":true,"href":"https:\/\/www.europesays.com\/de\/wp-json\/wp\/v2\/tags?post=1246082"}],"curies":[{"name":"wp","href":"https:\/\/api.w.org\/{rel}","templated":true}]}}