{"id":1246258,"date":"2026-08-19T04:30:20","date_gmt":"2026-08-19T04:30:20","guid":{"rendered":"https:\/\/www.europesays.com\/de\/1246258\/"},"modified":"2026-08-19T04:30:20","modified_gmt":"2026-08-19T04:30:20","slug":"berlin-neue-langstreckendrohne-aus-braunschweig-wird-heute-vorgestellt","status":"publish","type":"post","link":"https:\/\/www.europesays.com\/de\/1246258\/","title":{"rendered":"Berlin: Neue Langstreckendrohne aus Braunschweig wird heute vorgestellt"},"content":{"rendered":"<p>        <img decoding=\"async\" src=\"https:\/\/www.europesays.com\/de\/wp-content\/uploads\/2026\/08\/drohne-424.webp\" alt=\"Eine neue Langstreckendrohne von Aerodata AG.\" title=\"Eine neue Langstreckendrohne von Aerodata AG. | Aerodata AG\" class=\"responsive\"\/><\/p>\n<p>\n                Stand: 19.08.2026 06:17 Uhr<\/p>\n<p class=\"preface\">Die Aerodata AG aus Braunschweig hat eine neue Langstreckendrohne entwickelt. Heute wird ein Prototyp davon am brandenburgischen Fertigungsstandort in Strausberg bei Berlin vorgestellt.<\/p>\n<p class=\"textauthor\">von <a href=\"https:\/\/www.ndr.de\/nachrichten\/niedersachsen\/katharina-seiler,katharinaseiler102.html\" rel=\"nofollow noopener\" target=\"_blank\">Katharina Seiler<\/a><\/p>\n<p class=\"\">Die AeroForce X ist ein unbemanntes Luftfahrtsystem mit einer Spannweite von 26 Metern. Es hat eine Flugzeit von 40 Stunden und eine Reichweite von 10.000 Kilometern. So eine Langestreckendrohne k\u00f6nnte k\u00fcnftig etwa daf\u00fcr eingesetzt werden, um Nord- und Ostsee zu \u00fcberwachen und die kritische Infrastruktur dort zu sch\u00fctzen, hei\u00dft es von der Aerodata AG in Braunschweig.<\/p>\n<p>    Lies und Woidke bei Drohnenvorstellung dabei<\/p>\n<p class=\"\">Heute stellt das Unternehmen den Prototyp der AeroForce X am Fertigungsstandort im brandenburgischen Strausberg das erste Mal der \u00d6ffentlichkeit vor. Mit dabei sein werden unter anderem der nieders\u00e4chsische Ministerpr\u00e4sident Olaf Lies (SPD) und der Ministerpr\u00e4sident von Brandenburg Dietmar Woidke (SPD).<\/p>\n<p>    Unternehmen mit Bundeswehr im Austausch<\/p>\n<p class=\"\">Nach Angaben des Unternehmens gibt es zahlreiche Interessenten an der Drohne. Auch mit der Bundeswehr sei man im Austausch. Zu den Entwicklungs- und Produktionskosten wollte sich das Unternehmen nicht \u00e4u\u00dfern. Andere Aufkl\u00e4rungsdrohnen dieser Gr\u00f6\u00dfenordnung kosten inklusive der Radar- und Sensorsysteme einen zweistelligen Millionenbetrag.<\/p>\n<p>        <img decoding=\"async\" src=\"https:\/\/www.europesays.com\/de\/wp-content\/uploads\/2026\/08\/drohnen-226.webp\" alt=\"Das Drohnentestfeld in Braunschweig\" title=\"Das Drohnentestfeld in Braunschweig | NDR, Janek Wiechers\" class=\"responsive\" loading=\"lazy\"\/><\/p>\n<p>Das Luft- und Raumfahrtzentrum und die TU Braunschweig wollen Drohnen intensiver beforschen. Es geht nicht nur um zivile Nutzung.<\/p>\n<p>        <img decoding=\"async\" src=\"https:\/\/www.europesays.com\/de\/wp-content\/uploads\/2026\/08\/screenshot-93818.webp\" alt=\"Eine Polizeidrohne.\" title=\"Eine Polizeidrohne. | Screenshot\" class=\"responsive\" loading=\"lazy\"\/><\/p>\n<p>\n                                    3 Min<\/p>\n<p>Schneller als die Einsatzkr\u00e4fte von Polizei und Feuerwehr soll die Testdrohne am Unfall- oder Brandort sein.<\/p>\n<p>        <img decoding=\"async\" src=\"https:\/\/www.europesays.com\/de\/wp-content\/uploads\/2026\/08\/screenshot-26442.webp\" alt=\"Eine Drohne steht am Himmel.\" title=\"Eine Drohne steht am Himmel. | Screenshot\" class=\"responsive\" loading=\"lazy\"\/><\/p>\n<p>\n                                    1 Min<\/p>\n<p>Der R\u00fcstungskonzern hat den Standort der Leichtwerk AG \u00fcbernommen. Die Bundeswehr soll bereits einen Auftrag vergeben haben.<\/p>\n<p>Dieses Thema im Programm:<\/p>\n<p>                NDR 1 Niedersachsen | Aktuell | 19.08.2026 | 06:00 Uhr<\/p>\n","protected":false},"excerpt":{"rendered":"Stand: 19.08.2026 06:17 Uhr Die Aerodata AG aus Braunschweig hat eine neue Langstreckendrohne entwickelt. Heute wird ein Prototyp&hellip;\n","protected":false},"author":2,"featured_media":1246259,"comment_status":"","ping_status":"","sticky":false,"template":"","format":"standard","meta":{"footnotes":"","_share_on_mastodon":"0"},"categories":[1850],"tags":[258179,296,6429,685,3364,29,1478,548,663,3934,30,13,250235,14,15,1411,7292,2852,12],"class_list":["post-1246258","post","type-post","status-publish","format-standard","has-post-thumbnail","category-braunschweig","tag-aerodata-ag","tag-berlin","tag-braunschweig","tag-bundeswehr","tag-de","tag-deutschland","tag-drohne","tag-eu","tag-europa","tag-europe","tag-germany","tag-headlines","tag-langstreckendrohne","tag-nachrichten","tag-news","tag-niedersachsen","tag-nordsee","tag-ostsee","tag-schlagzeilen"],"share_on_mastodon":{"url":"","error":""},"_links":{"self":[{"href":"https:\/\/www.europesays.com\/de\/wp-json\/wp\/v2\/posts\/1246258","targetHints":{"allow":["GET"]}}],"collection":[{"href":"https:\/\/www.europesays.com\/de\/wp-json\/wp\/v2\/posts"}],"about":[{"href":"https:\/\/www.europesays.com\/de\/wp-json\/wp\/v2\/types\/post"}],"author":[{"embeddable":true,"href":"https:\/\/www.europesays.com\/de\/wp-json\/wp\/v2\/users\/2"}],"replies":[{"embeddable":true,"href":"https:\/\/www.europesays.com\/de\/wp-json\/wp\/v2\/comments?post=1246258"}],"version-history":[{"count":0,"href":"https:\/\/www.europesays.com\/de\/wp-json\/wp\/v2\/posts\/1246258\/revisions"}],"wp:featuredmedia":[{"embeddable":true,"href":"https:\/\/www.europesays.com\/de\/wp-json\/wp\/v2\/media\/1246259"}],"wp:attachment":[{"href":"https:\/\/www.europesays.com\/de\/wp-json\/wp\/v2\/media?parent=1246258"}],"wp:term":[{"taxonomy":"category","embeddable":true,"href":"https:\/\/www.europesays.com\/de\/wp-json\/wp\/v2\/categories?post=1246258"},{"taxonomy":"post_tag","embeddable":true,"href":"https:\/\/www.europesays.com\/de\/wp-json\/wp\/v2\/tags?post=1246258"}],"curies":[{"name":"wp","href":"https:\/\/api.w.org\/{rel}","templated":true}]}}