{"id":1246316,"date":"2026-08-19T05:10:14","date_gmt":"2026-08-19T05:10:14","guid":{"rendered":"https:\/\/www.europesays.com\/de\/1246316\/"},"modified":"2026-08-19T05:10:14","modified_gmt":"2026-08-19T05:10:14","slug":"erst-kollegen-dann-konkurrenten-die-wahl-in-hannover-2","status":"publish","type":"post","link":"https:\/\/www.europesays.com\/de\/1246316\/","title":{"rendered":"Erst Kollegen, dann Konkurrenten: Die Wahl in Hannover"},"content":{"rendered":"<p>\n                Stand: 18.08.2026 20:39 Uhr<\/p>\n<p class=\"preface\">Am 13. September wird in Hannover unter anderem ein neuer Oberb\u00fcrgermeister gew\u00e4hlt. Axel von der Ohe (SPD) tritt dabei gegen Belit Onay (Gr\u00fcne) und damit gegen seinen Chef an. Oder macht\u2019s doch ein anderer?<\/p>\n<p class=\"textauthor\">von Kristina Hoffmann<\/p>\n<p class=\"\">&#8222;Das war falsch und nicht unbedingt hilfreich, weil viele Punkte, die wir gerade auch zwischen Gr\u00fcnen und SPD verhandelt haben, waren eigentlich durchsetzbar.&#8220; Oberb\u00fcrgermeister Belit Onay blickt auf 2023. Damals zerbrach die Koalition zwischen SPD und Gr\u00fcnen im hannoverschen Rathaus. Das Vertrauen zwischen den ehemaligen Regierungspartnern ist angeknackst. Und jetzt geht\u2019s in die Kommunalwahl mit nicht seltener, aber interessanter Konstellation: F\u00fcr die SPD tritt der aktuelle Stadtk\u00e4mmerer und Erste Stadtrat Axel von der Ohe an. Der Mann, der seit Jahren mit Belit Onay im Rathaus zusammenarbeitet. Er will auf den Oberb\u00fcrgermeisterstuhl, wo sein Kollege noch sitzt.<\/p>\n<p>    Will in den Chefsessel: Stellvertreter Axel von der Ohe mit klarem Ziel<\/p>\n<p>                    <a href=\"https:\/\/www.europesays.com\/de\/wp-content\/uploads\/2026\/08\/1787116208_659_onayvonderohe-104.webp\" class=\"zoomimage\" title=\"Bild vergr\u00f6\u00dfern\"><\/p>\n<p>        <img decoding=\"async\" src=\"https:\/\/www.europesays.com\/de\/wp-content\/uploads\/2026\/08\/1787116208_659_onayvonderohe-104.webp\" alt=\"Axel von der Ohe im Gespr\u00e4ch, hebt die H\u00e4nde\" title=\"Will B\u00fcrgermeister werden: Stellvertreter Axel von der Ohe. | Bertram Havemann\" class=\"responsive\" loading=\"lazy\"\/><\/p>\n<p>                    <\/a><\/p>\n<p>                    Will B\u00fcrgermeister werden: Stellvertreter Axel von der Ohe.<\/p>\n<p class=\"\">Axel von der Ohe wei\u00df schon genau, was er als erstes angeht, sollte er im September Oberb\u00fcrgermeister von Hannover werden. &#8222;Als meine erste Amtshandlung w\u00fcrde ich einen Wohngipfel einberufen. Miteinander einen Plan entwickeln, wie wir mehr bezahlbares Wohnen in Hannover sicherstellen k\u00f6nnen.&#8220; Was er macht, wenn er die Wahl nicht gewinnen sollte, dar\u00fcber mache er sich noch keine Gedanken. F\u00fcr ihn z\u00e4hle jetzt der Wahlkampf.<\/p>\n<p>    &#8222;Weiter so&#8220; reicht Axel von der Ohe nicht<\/p>\n<p class=\"\">Nun hat der Erste Stadtrat die letzten Jahre als Dezernent f\u00fcr Ordnung, Finanzen und Feuerwehr die Entwicklung von Hannover wesentlich mitgestaltet. Jetzt einen Wahlkampf zu f\u00fchren, bei dem die vergangenen Jahre kritisiert werden, d\u00fcrfte schwerfallen. Und doch geht er in den Angriff \u00fcber, nennt Belit Onays Wahlversprechen ambitionslos, seinen CDU-Konkurrenten Peter Karst konturlos. Axel von der Ohe nennt daher vor allem Themenschwerpunkte, die vorher nicht in seiner direkten Zust\u00e4ndigkeit lagen. &#8222;Ich lasse mich nicht in Mithaftung nehmen, was in dem Aufgabenfeld, in dem ich keine direkte Zust\u00e4ndigkeit hatte, getan oder unterlassen wurde, sondern ich mache jetzt f\u00fcr die n\u00e4chsten acht Jahre Vorschl\u00e4ge.&#8220;<\/p>\n<p>    Wahlkampf unter Kollegen<\/p>\n<p>                    <a href=\"https:\/\/www.europesays.com\/de\/wp-content\/uploads\/2026\/08\/onayvonderohe-106.webp\" class=\"zoomimage\" title=\"Bild vergr\u00f6\u00dfern\"><\/p>\n<p>        <img decoding=\"async\" src=\"https:\/\/www.europesays.com\/de\/wp-content\/uploads\/2026\/08\/onayvonderohe-106.webp\" alt=\"Belit Onay im Gespr\u00e4ch, hebt die H\u00e4nde\" title=\"Er will weitermachen: Oberb\u00fcrgermeister Belit Onay | Bertram Havemann\" class=\"responsive\" loading=\"lazy\"\/><\/p>\n<p>                    <\/a><\/p>\n<p>                    Er will weitermachen: Oberb\u00fcrgermeister Belit Onay<\/p>\n<p class=\"\">Mehr Zeit, um die angefangenen Aufgaben weiterzuf\u00fchren und damit eine Wiederwahl, w\u00fcnscht sich Belit Onay. Klimaschutz, Familien- und kinderfreundliche Stadt, Verkehrs- und Mobilit\u00e4tswende, da seien Grundsteine gelegt. In einer weiteren Amtszeit wolle er hier ankn\u00fcpfen. &#8222;Ich bin davon \u00fcberzeugt, dass ich der richtige Oberb\u00fcrgermeister bin&#8220;, sagt er im Gespr\u00e4ch mit dem NDR Niedersachsen. Keiner der Kandidaten wird voraussichtlich im ersten Wahlgang eine absolute Mehrheit erlangen, wom\u00f6glich geht es am 27. September in die Stichwahl. Und dann k\u00f6nnte es spannend werden.<\/p>\n<p>    Spannende Stichwahl in Hannover?<\/p>\n<p class=\"\">Politikwissenschaftler Philipp K\u00f6ker von der Leibniz Universit\u00e4t Hannover skizziert die M\u00f6glichkeiten: Es h\u00e4nge viel davon ab, welche zwei Kandidaten in die Stichwahl kommen und wie sich die W\u00e4hlerinnen und W\u00e4hler des dritten Kandidaten dann entscheiden. Bei einer Stichwahl zwischen Belit Onay und Axel von der Ohe w\u00fcrden vorherige CDU-W\u00e4hlerinnen und W\u00e4hler ihre Stimme eher der SPD und damit Axel von der Ohe geben. Schwierig sei aber zu sagen, wie sich SPD-W\u00e4hlerinnen und W\u00e4hler entscheiden w\u00fcrden, wenn sie die Wahl zwischen Belit Onay und Peter Karst von der CDU haben. \u00c4hnlich sehe es bei einer Stichwahl zwischen Peter Karst und Axel von der Ohe aus. Wie es auch ausgeht, sowohl Belit Onay als auch Axel von der Ohe wollen eine starke Mehrheit im Rat formieren, m\u00f6glicherweise auch mit einem rot-gr\u00fcnen B\u00fcndnis.<\/p>\n<p>    &#8222;Au\u00dfenseiter&#8220;-Bonus f\u00fcr Peter Karst?<\/p>\n<p>                    <a href=\"https:\/\/www.europesays.com\/de\/wp-content\/uploads\/2026\/08\/onayvonderohe-108.webp\" class=\"zoomimage\" title=\"Bild vergr\u00f6\u00dfern\"><\/p>\n<p>        <img decoding=\"async\" src=\"https:\/\/www.europesays.com\/de\/wp-content\/uploads\/2026\/08\/onayvonderohe-108.webp\" alt=\"Peter Karst im Interview\" title=\"Peter Karst tritt f\u00fcr die CDU zur Kommunalwahl an.  | Hallo Niedersachsen\" class=\"responsive\" loading=\"lazy\"\/><\/p>\n<p>                    <\/a><\/p>\n<p>                    Peter Karst tritt f\u00fcr die CDU zur Kommunalwahl an. <\/p>\n<p class=\"\"><a href=\"https:\/\/www.ndr.de\/nachrichten\/niedersachsen\/hannover_weser-leinegebiet\/hannover-cdu-macht-peter-karst-offiziell-zum-ob-kandidaten,karst-102.html\" title=\"Hannover: CDU macht Peter Karst offiziell zum OB-Kandidaten\" rel=\"nofollow noopener\" target=\"_blank\">Peter Karst (CDU)<\/a> kommt n\u00e4mlich von der Seitenlinie: Der Gesch\u00e4ftsf\u00fchrer der Handwerkskammer Hannover war noch nicht in der Stadtpolitik aktiv, hat durch seinen Beruf aber entsprechende Erfahrung. Sollte er das Rennen um den Platz im Rathaus machen, wolle er zuerst die Themen Sicherheit und Ordnung angehen. Mehr Ordnungsdienst, mehr Video\u00fcberwachung in der Innenstadt, klare Regeln bei Ordnungswidrigkeiten. Ist er der lachende Dritte, w\u00e4hrend Belit Onay und Axel von der Ohe sich qua Bekanntheit in Sicherheit wiegen? Das wird mindestens der erste Wahlgang am 13. September zeigen. F\u00fcr die Linke geht Bundestagsabgeordnete Maren Kaminski ins Rennen. F\u00fcr die AfD tritt die Abgeordnete im Landtag Jessica Sch\u00fclke an.<\/p>\n<p>        <img decoding=\"async\" src=\"https:\/\/www.europesays.com\/de\/wp-content\/uploads\/2026\/06\/ihmezentrum352.webp\" alt=\"Das marode Ihme-Zentrum in Hannover wartet seit Jahren auf seine Renovierung.\" title=\"Das marode Ihme-Zentrum in Hannover wartet seit Jahren auf seine Renovierung. | NDR, Julia Henke\" class=\"responsive\" loading=\"lazy\"\/><\/p>\n<p>Damit soll gegen die hohe Grundschuld auf den Geb\u00e4udekomplex geklagt werden. Diese bel\u00e4uft sich auf 290 Millionen Euro.<\/p>\n<p>        <img decoding=\"async\" src=\"https:\/\/www.europesays.com\/de\/wp-content\/uploads\/2026\/08\/krisensitzung-100.webp\" alt=\"Ministerpr\u00e4sident Olaf Lies im Gespr\u00e4ch mit Hannovers OB Belit Onay.\" title=\"Ministerpr\u00e4sident Olaf Lies im Gespr\u00e4ch mit Hannovers OB Belit Onay. | dpa-Bildfunk, Michael Matthey\" class=\"responsive\" loading=\"lazy\"\/><\/p>\n<p>Der Ministerpr\u00e4sident sprach anschlie\u00dfend von einer &#8222;klaren Haltung&#8220; zu Standorten und Besch\u00e4ftigten.<\/p>\n","protected":false},"excerpt":{"rendered":"Stand: 18.08.2026 20:39 Uhr Am 13. September wird in Hannover unter anderem ein neuer Oberb\u00fcrgermeister gew\u00e4hlt. Axel von&hellip;\n","protected":false},"author":2,"featured_media":1246317,"comment_status":"","ping_status":"","sticky":false,"template":"","format":"standard","meta":{"footnotes":"","_share_on_mastodon":"0"},"categories":[1836],"tags":[129061,12171,31,3364,29,30,2013,46,10917,257672,1411,3748,96272,16,184],"class_list":["post-1246316","post","type-post","status-publish","format-standard","has-post-thumbnail","category-hannover","tag-axel-von-der-ohe","tag-belit-onay","tag-cdu","tag-de","tag-deutschland","tag-germany","tag-gruene","tag-hannover","tag-kommunalwahl","tag-kommunalwahl-niedersachsen","tag-niedersachsen","tag-oberbuergermeister","tag-peter-karst","tag-politik","tag-spd"],"share_on_mastodon":{"url":"https:\/\/pubeurope.com\/@de\/117120459162279310","error":""},"_links":{"self":[{"href":"https:\/\/www.europesays.com\/de\/wp-json\/wp\/v2\/posts\/1246316","targetHints":{"allow":["GET"]}}],"collection":[{"href":"https:\/\/www.europesays.com\/de\/wp-json\/wp\/v2\/posts"}],"about":[{"href":"https:\/\/www.europesays.com\/de\/wp-json\/wp\/v2\/types\/post"}],"author":[{"embeddable":true,"href":"https:\/\/www.europesays.com\/de\/wp-json\/wp\/v2\/users\/2"}],"replies":[{"embeddable":true,"href":"https:\/\/www.europesays.com\/de\/wp-json\/wp\/v2\/comments?post=1246316"}],"version-history":[{"count":0,"href":"https:\/\/www.europesays.com\/de\/wp-json\/wp\/v2\/posts\/1246316\/revisions"}],"wp:featuredmedia":[{"embeddable":true,"href":"https:\/\/www.europesays.com\/de\/wp-json\/wp\/v2\/media\/1246317"}],"wp:attachment":[{"href":"https:\/\/www.europesays.com\/de\/wp-json\/wp\/v2\/media?parent=1246316"}],"wp:term":[{"taxonomy":"category","embeddable":true,"href":"https:\/\/www.europesays.com\/de\/wp-json\/wp\/v2\/categories?post=1246316"},{"taxonomy":"post_tag","embeddable":true,"href":"https:\/\/www.europesays.com\/de\/wp-json\/wp\/v2\/tags?post=1246316"}],"curies":[{"name":"wp","href":"https:\/\/api.w.org\/{rel}","templated":true}]}}