{"id":1246393,"date":"2026-08-19T05:56:20","date_gmt":"2026-08-19T05:56:20","guid":{"rendered":"https:\/\/www.europesays.com\/de\/1246393\/"},"modified":"2026-08-19T05:56:20","modified_gmt":"2026-08-19T05:56:20","slug":"es-geht-nur-um-ideologie-thueringen-zeigt-wie-wagenknechts-macht-schwindet","status":"publish","type":"post","link":"https:\/\/www.europesays.com\/de\/1246393\/","title":{"rendered":"\u201eEs geht nur um Ideologie\u201c: Th\u00fcringen zeigt, wie Wagenknechts Macht schwindet"},"content":{"rendered":"<p class=\"tspCKpk tspCKpl\">Wer <a href=\"https:\/\/www.tagesspiegel.de\/politik\/austritte-autoritarer-stil--und-der-flirt-mit-dem-tabu-wie-das-bsw-sich-selbst-zerlegt-15940187.html?icid=in-text-link_15957001\" class=\"link link--internal\" data-gtm-class=\"article-text-link\" data-gtm-val=\"internal\" rel=\"nofollow noopener\" target=\"_blank\">Sahra Wagenknecht<\/a> kennt, der wei\u00df, dass sie stets einen Plan verfolgt.<\/p>\n<p class=\"tspCKpk\">Es war also absehbar, dass die BSW-Gr\u00fcnderin sich eines Tages an einem Dolchsto\u00df gegen\u00fcber ihrem <a href=\"https:\/\/www.tagesspiegel.de\/politik\/gegen-wunsch-von-wagenknecht-und-bundesspitze-thuringer-bsw-will-regierungskoalition-mit-cdu-beibehalten-15950746.html?icid=in-text-link_15957001\" class=\"link link--internal\" data-gtm-class=\"article-text-link\" data-gtm-val=\"internal\" rel=\"nofollow noopener\" target=\"_blank\">Landesverband in Th\u00fcringen<\/a> versuchen w\u00fcrde. Die BSW-Leute dort, angef\u00fchrt von Landeschefin Katja Wolf, waren Wagenknecht schon lange ein Dorn im Auge.<\/p>\n<p class=\"tspCKpk\">Schlie\u00dflich hatten sie das getan, was in so ziemlich jeder anderen Partei gefeiert worden w\u00e4re: Nach der Landtagswahl 2024, bei der das BSW aus dem Stand beachtliche 15,8 Prozent der Stimmen holte, trat der Landesverband angesichts schmaler Mehrheitsverh\u00e4ltnisse in eine Regierung mit CDU und SPD ein. Neben Wolf, die als Vize-Ministerpr\u00e4sidentin und Finanzministerin agiert, stellt das B\u00fcndnis zwei weitere Minister. Und regiert seit fast zwei Jahren auffallend ger\u00e4uschlos. Ein Erfolg, k\u00f6nnte man sagen.<\/p>\n<p class=\"tspCKpk\">Nicht in Wagenknechts Welt. Die Parteigr\u00fcnderin sah in der Erfurter Regierungsbeteiligung von Beginn an eine Art Betriebsunfall, der die reine Lehre ihres B\u00fcndnisses bedroht. Das produktive Mitmachen, so ihre Sorge, besch\u00e4dige den BSW-Markenkern des lautstarken Dagegenseins. Wer regiert, kann schlie\u00dflich schlecht gegen Regierungen wettern.<\/p>\n<p> Absehbare Attacke <\/p>\n<p class=\"tspCKpk\">Deshalb stemmte sich Wagenknecht schon w\u00e4hrend der Koalitionsverhandlungen gegen das Projekt \u2013 und diskreditierte es seither immer wieder. Etwa mit dem implizierten Vorwurf, ihre Parteikollegen nutzten das BSW, um an Machtpositionen zu kleben.<\/p>\n<p class=\"tspCKpk\">Selbst f\u00fchrenden BSW-Landespolitikern war klar, dass Wagenknecht versuchen w\u00fcrde, sie loszuwerden. Es habe nur die richtige Gelegenheit gebraucht, sagen sie heute.<\/p>\n<p class=\"tspCKpk\">Diese lieferte j\u00fcngst die CDU. Deren <a href=\"https:\/\/www.tagesspiegel.de\/politik\/entscheidung-der-tu-chemnitz-uni-weist-voigts-einspruch-gegen-entzug-des-doktortitels-ab-15933301.html?icid=in-text-link_15957001\" class=\"link link--internal\" data-gtm-class=\"article-text-link\" data-gtm-val=\"internal\" rel=\"nofollow noopener\" target=\"_blank\">Ministerpr\u00e4sident Mario Voigt<\/a> steht im Verdacht, bei seiner Doktorarbeit unsauber gearbeitet zu haben. Die TU Chemnitz entschied, dem Politikwissenschaftler seinen Titel abzuerkennen. Voigt wehrt sich gegen die Vorw\u00fcrfe und k\u00fcndigte an, juristisch dagegen vorgehen zu wollen.<\/p>\n<blockquote class=\"tspC8ro\">\n<p>Wir sehen uns Menschen gegen\u00fcber, die ein destruktives Weltbild haben \u2013 und, wie wir feststellen m\u00fcssen, ein anderes Politikverst\u00e4ndnis.<\/p>\n<\/blockquote>\n<p class=\"tspC8rp\"><strong>Steffen Sch\u00fctz<\/strong>, BSW-Minister in Th\u00fcringen, kritisiert die Bundesspitze seiner Partei scharf<\/p>\n<p class=\"tspCKpk\">Wagenknecht jedoch nahm die Posse zum Anlass, ihre BSW-Abgeordneten in Th\u00fcringen per Bundesbeschluss dazu aufzurufen, dem CDU-Mann das Vertrauen zu entziehen und die Brombeer-Koalition platzen zu lassen.<\/p>\n<p class=\"tspCKpk\">Damit, so das Kalk\u00fcl, w\u00e4re die ungeliebte Regierungsbeteiligung am Ende und obendrein h\u00e4tte man vor der schicksalhaften Landtagswahl in Sachsen-Anhalt Anfang September ein politisches Zeichen gesetzt. Schlie\u00dflich verwies der Beschluss auf die Einsetzung eines \u201e\u00fcberparteilichen Ministerpr\u00e4sidenten\u201c in Th\u00fcringen, der \u201emit wechselnden Mehrheiten\u201c regieren sollte \u2013 explizit also auch mit der AfD. Es ist derselbe Kurs, <a href=\"https:\/\/www.tagesspiegel.de\/politik\/die-brandmauer-ist-gescheitert-bsw-will-in-sachsen-anhalt-notfalls-afd-kandidaten-zum-amt-verhelfen-15935749.html?icid=in-text-link_15957001\" class=\"link link--internal\" data-gtm-class=\"article-text-link\" data-gtm-val=\"internal\" rel=\"nofollow noopener\" target=\"_blank\">den das BSW auch in Sachsen-Anhalt anstrebt<\/a>.<\/p>\n<p class=\"tspCKpk\">Doch die Sache ging schief. \u201eDie BSW-Fraktion hat einstimmig den Beschluss gefasst, in der Regierungspolitik zu verbleiben\u201c, <a href=\"https:\/\/www.tagesspiegel.de\/politik\/gegen-wunsch-von-wagenknecht-und-bundesspitze-thuringer-bsw-will-regierungskoalition-mit-cdu-beibehalten-15950746.html?icid=in-text-link_15957001\" class=\"link link--internal\" data-gtm-class=\"article-text-link\" data-gtm-val=\"internal\" rel=\"nofollow noopener\" target=\"_blank\">verk\u00fcndete Fraktionschefin Sigrid Hupach<\/a>, nachdem ihre Fraktion zuvor zweieinhalb Stunden intensiv diskutiert hatte. Und sich entschloss, sich gegen die Direktive aus Berlin zu stellen.<\/p>\n<p> Niederlage zur Unzeit <\/p>\n<p class=\"tspCKpk\">Es ist eine empfindliche Niederlage f\u00fcr Wagenknecht. In rund drei Wochen wird bereits in Sachsen-Anhalt gew\u00e4hlt. Und selbst im BSW gehen nicht wenige davon aus, dass die Partei in der politischen Bedeutungslosigkeit verschwinden k\u00f6nnte, sollte sie in Magdeburg scheitern.<\/p>\n<p class=\"tspCKpk\">Denn Wagenknechts Truppe gibt derzeit ein desastr\u00f6ses Bild ab. Zweieinhalb Jahre nach der Parteigr\u00fcndung gibt es kaum noch einen BSW-Landesverband, der nicht hoffnungslos zerstritten ist. Mehrere Landesvorsitzende haben aufgegeben, zuletzt warfen in <a href=\"https:\/\/www.tagesspiegel.de\/politik\/austritte-autoritarer-stil--und-der-flirt-mit-dem-tabu-wie-das-bsw-sich-selbst-zerlegt-15940187.html?icid=in-text-link_15957001\" class=\"link link--internal\" data-gtm-class=\"article-text-link\" data-gtm-val=\"internal\" rel=\"nofollow noopener\" target=\"_blank\">Sachsen-Anhalt rund zwei Dutzend Kommunalpolitiker frustriert das Handtuch<\/a>. In s\u00e4mtlichen L\u00e4ndern, in denen im Herbst gew\u00e4hlt wird, droht das BSW an der F\u00fcnfprozenth\u00fcrde zu scheitern.<\/p>\n<p class=\"tspCKpk\">Und auch im Bund l\u00e4uft es nicht besser, dort klebt das Projekt hartn\u00e4ckig bei rund drei Prozent \u2013 und Besserung scheint nicht in Sicht. Stattdessen scheint die Macht der Parteigr\u00fcnderin zunehmend zu erodieren.<\/p>\n<p><img decoding=\"async\" src=\"https:\/\/www.europesays.com\/de\/wp-content\/uploads\/2026\/08\/1787118980_736_bsw-fraktionssitzung-in-thuringen.jpeg\"   alt=\"17.08.2026, Th\u00fcringen, Erfurt: Der Th\u00fcringer Digitalminister Steffen Sch\u00fctz (BSW) auf dem Weg zur BSW-Fraktionssitzung im Th\u00fcringer Landtag. Foto: Jacob Schr\u00f6ter\/dpa +++ dpa-Bildfunk +++\" aria-labelledby=\"caption-15957256\" width=\"440\" height=\"330\" loading=\"lazy\" class=\"tspAYi1\"\/> Ideologie statt Vernunft? Th\u00fcringens Digitalminister Steffen Sch\u00fctz (BSW) am Montag auf dem Weg zur BSW-Fraktionssitzung im Th\u00fcringer Landtag. <\/p>\n<p class=\"tspYfx\"> \u00a9 dpa\/Jacob Schr\u00f6ter <\/p>\n<p class=\"tspCKpk\">Spricht man mit BSW-Leuten aus Th\u00fcringen, sehen viele die Schuld f\u00fcr den Absturz bei Wagenknecht selbst \u2013 und scheuen sich nicht mehr, dies offen auszusprechen. Sie habe versucht, die Partei zentralistisch zu steuern und die Eigenst\u00e4ndigkeit der Landesverb\u00e4nde systematisch zu untergraben, hei\u00dft es. Und sei damit gescheitert.<\/p>\n<p class=\"tspCKpk\"><a href=\"https:\/\/www.tagesspiegel.de\/politik\/bsw-streitet-uber-afd-die-wagenknecht-partei-im-niedergang-15939519.html?icid=in-text-link_15957001\" class=\"link link--internal\" data-gtm-class=\"article-text-link\" data-gtm-val=\"internal\" rel=\"nofollow noopener\" target=\"_blank\">Steffen Sch\u00fctz<\/a> etwa, seit 2024 BSW-Minister f\u00fcr Digitales und Infrastruktur in Th\u00fcringen, kritisiert das Vorgehen Wagenknechts und der BSW-Parteispitze scharf: \u201eWir sehen uns Menschen gegen\u00fcber, die ein destruktives Weltbild haben \u2013 und, wie wir feststellen m\u00fcssen, ein anderes Politikverst\u00e4ndnis\u201c, sagt er dem Tagesspiegel.<\/p>\n<p class=\"tspCKpk\">Bereits im Wahlkampf habe sein Landesverband immer wieder Anweisungen aus Berlin bekommen, sagt er. \u201eAls jemand, der in der DDR gro\u00df geworden ist, wei\u00df ich: Wir haben in Th\u00fcringen lange genug Direktiven aus dem Politb\u00fcro gekriegt\u201c, so Sch\u00fctz. \u201eDiese Zeiten haben wir Gott sei Dank lange hinter uns.\u201c<\/p>\n<p class=\"tspCKpk\">Mit Blick auf das j\u00fcngste Zerw\u00fcrfnis zieht er ein drastisches Fazit \u00fcber seine eigene Parteif\u00fchrung: \u201eWir schreiben uns Vernunft und Gerechtigkeit auf die Fahnen\u201c, sagt Sch\u00fctz. \u201eAber es geht nur um Ideologie.\u201c<\/p>\n<p class=\"tspCKpk\">Klingt so Wagenknechts G\u00f6tterd\u00e4mmerung?<\/p>\n<p> Direktive ohne Wirkung <\/p>\n<p class=\"tspCKpk\">Die Anzeichen daf\u00fcr mehren sich, das zeigen auch die Vorg\u00e4nge in Th\u00fcringen. 13 von 15 BSW-Abgeordneten sprachen sich dort f\u00fcr die Fortf\u00fchrung der Koalition aus. Die einzigen Abweichler, Anke Wirsing und Sven K\u00fcntzel, waren der Sitzung aus pers\u00f6nlichen Gr\u00fcnden ferngeblieben. Vor allem Wirsing gilt als verl\u00e4ngerter Arm Wagenknechts in Erfurt.<\/p>\n<p class=\"tspCKpk\">Doch Wirsing ruderte am Dienstag zur\u00fcck und stellte klar, dass sie sich keineswegs \u201eg\u00e4nzlich gegen die Koalition stellen\u201c wolle. Sie sei blo\u00df in der Causa Voigt anderer Meinung.<\/p>\n<p class=\"tspCKpk\">Echte Gefolgschaft sieht anders aus.<\/p>\n<p class=\"tspCKpk\">Dabei d\u00fcrfte Wagenknechts Man\u00f6ver selbst ohne Wirsing kaum Konsequenzen f\u00fcr die Th\u00fcringer Regierung haben. Denn gegen\u00fcber dem Tagesspiegel signalisierte <a href=\"https:\/\/www.tagesspiegel.de\/politik\/thuringen-linke-weist-vorwurf-bewusster-zusammenarbeit-mit-afd-zuruck-15234544.html?icid=in-text-link_15957001\" class=\"link link--internal\" data-gtm-class=\"article-text-link\" data-gtm-val=\"internal\" rel=\"nofollow noopener\" target=\"_blank\">Linken-Fraktionschef Christian Schaft<\/a> bereits Gespr\u00e4chsbereitschaft: \u201eAn der Gesamtgemengelage in Th\u00fcringen \u00e4ndert sich auch mit Absage zweier Abgeordneter der Koalitionsfraktionen an den Ministerpr\u00e4sidenten nichts\u201c, sagt er. Die Koalition bleibe eine Minderheitsregierung. \u201eSie war bisher auf unsere Stimmen angewiesen und das bleibt sie weiterhin, wenn sie nicht mit der AfD gemeinsame Sache machen will\u201c, so Schaft.<\/p>\n<p class=\"tspCKpk\">Derweil dringt die Basis auf Kl\u00e4rung. Bereits vor der Entscheidung von Montag hatten mehrere Kreisverb\u00e4nde einen Sonderparteitag gefordert, um den seit Monaten schwelenden Machtkampf zu beenden. Wagenknecht unterst\u00fctzt dies ausdr\u00fccklich, sie hofft, dass sich die Wut dort gegen den Landesverband richten k\u00f6nnte.<\/p>\n<p class=\"tspCKpk\">Doch auch diese Hoffnung k\u00f6nnte bald entt\u00e4uscht werden. H\u00f6rt man sich an der Th\u00fcringer Basis um, f\u00fcrchten viele, dass angesichts der Grabenk\u00e4mpfe mit der Bundespartei die Realpolitik aus dem Blick gerate. \u201eAls BSW m\u00fcssen wir Politik machen, die den Menschen etwas bringt\u201c, sagt eine Lokalpolitikerin.<\/p>\n<p>Mehr zum BSW<a href=\"https:\/\/www.tagesspiegel.de\/politik\/wagenknechts-bsw-nahert-sich-der-afd-kuschelkurs-auf-armlange-15777618.html?icid=topic-list_15957001___\" data-gtm-class=\"article-mzt-link\" data-hydrate-fingerprint=\"09740a54944caac75fd2c0c63fd5c5df\" data-hydrate-props=\"{&amp;escapedquot;element&amp;escapedquot;:{&amp;escapedquot;type&amp;escapedquot;:&amp;escapedquot;relatedContent&amp;escapedquot;,&amp;escapedquot;fieldMap&amp;escapedquot;:{},&amp;escapedquot;relation&amp;escapedquot;:{&amp;escapedquot;fields&amp;escapedquot;:{&amp;escapedquot;isPaid&amp;escapedquot;:true},&amp;escapedquot;href&amp;escapedquot;:&amp;escapedquot;\/politik\/wagenknechts-bsw-nahert-sich-der-afd-kuschelkurs-auf-armlange-15777618.html&amp;escapedquot;,&amp;escapedquot;teaserTitle&amp;escapedquot;:{&amp;escapedquot;kicker&amp;escapedquot;:&amp;escapedquot;Wagenknechts BSW n\u00e4hert sich der AfD&amp;escapedquot;,&amp;escapedquot;headline&amp;escapedquot;:&amp;escapedquot;Kuschelkurs auf Arml\u00e4nge&amp;escapedquot;},&amp;escapedquot;id&amp;escapedquot;:&amp;escapedquot;15777618&amp;escapedquot;,&amp;escapedquot;type&amp;escapedquot;:&amp;escapedquot;story&amp;escapedquot;},&amp;escapedquot;isPartOfList&amp;escapedquot;:true,&amp;escapedquot;topicListType&amp;escapedquot;:&amp;escapedquot;topic-list&amp;escapedquot;},&amp;escapedquot;showArrow&amp;escapedquot;:true}\" data-hydrate-slots=\"{&#039;default&#039;:[]}\" class=\"tspDDr7 tspDCr5\" rel=\"nofollow noopener\" target=\"_blank\">Wagenknechts BSW n\u00e4hert sich der AfD Kuschelkurs auf Arml\u00e4nge <\/a><a href=\"https:\/\/www.tagesspiegel.de\/politik\/bsw-streitet-uber-afd-die-wagenknecht-partei-im-niedergang-15939519.html?icid=topic-list_15957001___\" data-gtm-class=\"article-mzt-link\" data-hydrate-fingerprint=\"09740a54944caac75fd2c0c63fd5c5df\" data-hydrate-props=\"{&amp;escapedquot;element&amp;escapedquot;:{&amp;escapedquot;type&amp;escapedquot;:&amp;escapedquot;relatedContent&amp;escapedquot;,&amp;escapedquot;fieldMap&amp;escapedquot;:{},&amp;escapedquot;relation&amp;escapedquot;:{&amp;escapedquot;fields&amp;escapedquot;:{&amp;escapedquot;isPaid&amp;escapedquot;:null},&amp;escapedquot;href&amp;escapedquot;:&amp;escapedquot;\/politik\/bsw-streitet-uber-afd-die-wagenknecht-partei-im-niedergang-15939519.html&amp;escapedquot;,&amp;escapedquot;teaserTitle&amp;escapedquot;:{&amp;escapedquot;kicker&amp;escapedquot;:&amp;escapedquot;BSW streitet \u00fcber AfD&amp;escapedquot;,&amp;escapedquot;headline&amp;escapedquot;:&amp;escapedquot;Die Wagenknecht-Partei im Niedergang&amp;escapedquot;},&amp;escapedquot;id&amp;escapedquot;:&amp;escapedquot;15939519&amp;escapedquot;,&amp;escapedquot;type&amp;escapedquot;:&amp;escapedquot;story&amp;escapedquot;},&amp;escapedquot;isPartOfList&amp;escapedquot;:true,&amp;escapedquot;topicListType&amp;escapedquot;:&amp;escapedquot;topic-list&amp;escapedquot;},&amp;escapedquot;showArrow&amp;escapedquot;:true}\" data-hydrate-slots=\"{&#039;default&#039;:[]}\" class=\"tspDDr7 tspDCr5\" rel=\"nofollow noopener\" target=\"_blank\">BSW streitet \u00fcber AfD Die Wagenknecht-Partei im Niedergang <\/a><a href=\"https:\/\/www.tagesspiegel.de\/politik\/austritte-autoritarer-stil--und-der-flirt-mit-dem-tabu-wie-das-bsw-sich-selbst-zerlegt-15940187.html?icid=topic-list_15957001___\" data-gtm-class=\"article-mzt-link\" data-hydrate-fingerprint=\"09740a54944caac75fd2c0c63fd5c5df\" data-hydrate-props=\"{&amp;escapedquot;element&amp;escapedquot;:{&amp;escapedquot;type&amp;escapedquot;:&amp;escapedquot;relatedContent&amp;escapedquot;,&amp;escapedquot;fieldMap&amp;escapedquot;:{},&amp;escapedquot;relation&amp;escapedquot;:{&amp;escapedquot;fields&amp;escapedquot;:{&amp;escapedquot;isPaid&amp;escapedquot;:false},&amp;escapedquot;href&amp;escapedquot;:&amp;escapedquot;\/politik\/austritte-autoritarer-stil--und-der-flirt-mit-dem-tabu-wie-das-bsw-sich-selbst-zerlegt-15940187.html&amp;escapedquot;,&amp;escapedquot;teaserTitle&amp;escapedquot;:{&amp;escapedquot;kicker&amp;escapedquot;:&amp;escapedquot;Austritte, \u201eautorit\u00e4rer Stil\u201c\u00a0\u2013 und der Flirt mit dem Tabu&amp;escapedquot;,&amp;escapedquot;headline&amp;escapedquot;:&amp;escapedquot;Wie das BSW sich selbst zerlegt&amp;escapedquot;},&amp;escapedquot;id&amp;escapedquot;:&amp;escapedquot;15940187&amp;escapedquot;,&amp;escapedquot;type&amp;escapedquot;:&amp;escapedquot;story&amp;escapedquot;},&amp;escapedquot;isPartOfList&amp;escapedquot;:true,&amp;escapedquot;topicListType&amp;escapedquot;:&amp;escapedquot;topic-list&amp;escapedquot;},&amp;escapedquot;showArrow&amp;escapedquot;:true}\" data-hydrate-slots=\"{&#039;default&#039;:[]}\" class=\"tspDDr7 tspDCr5\" rel=\"nofollow noopener\" target=\"_blank\">Austritte, \u201eautorit\u00e4rer Stil\u201c\u00a0\u2013 und der Flirt mit dem Tabu Wie das BSW sich selbst zerlegt <\/a><\/p>\n<p class=\"tspCKpk\">Entsprechend entspannt wirkt die Landesspitze mit Blick auf den Sonderparteitag. Sowohl Wolf als auch Co-Landeschef Gernot S\u00fc\u00dfmuth zeigten sich betont offen daf\u00fcr, den weiteren Kurs der Partei im Freistaat zu debattieren. \u201eIch finde die Variante eines Sonderparteitags in der jetzigen Situation gar nicht bedrohlich und gar nicht schlimm\u201c, sagte Wolf.<\/p>\n<p class=\"tspCKpk\">Und auch BSW-Minister Sch\u00fctz begr\u00fc\u00dft den Plan: \u201eWir sehen uns \u2013 zumindest in Th\u00fcringen \u2013 als demokratische Partei und finden es gut, mit unseren Mitgliedern und mit der Basis wirklich zu einer Debatte zu kommen\u201c, sagt er.<\/p>\n<p class=\"tspCKpk\">F\u00fcr Wagenknecht und die Parteispitze k\u00f6nnte der Sonderparteitag hingegen zur Feuerprobe werden. Dem Vernehmen nach soll er in rund drei Wochen stattfinden \u2013 und damit wom\u00f6glich kurz nach der Wahl in Sachsen-Anhalt.<\/p>\n","protected":false},"excerpt":{"rendered":"Wer Sahra Wagenknecht kennt, der wei\u00df, dass sie stets einen Plan verfolgt. Es war also absehbar, dass die&hellip;\n","protected":false},"author":2,"featured_media":1246394,"comment_status":"","ping_status":"","sticky":false,"template":"","format":"standard","meta":{"footnotes":"","_share_on_mastodon":"0"},"categories":[5],"tags":[186,31,137414,13,4850,14,15,860,9683,12,184,861,10,8,9,11],"class_list":["post-1246393","post","type-post","status-publish","format-standard","has-post-thumbnail","category-nachrichten","tag-afd","tag-cdu","tag-hauptstadtbuero","tag-headlines","tag-lehrer","tag-nachrichten","tag-news","tag-sachsen-anhalt","tag-sahra-wagenknecht","tag-schlagzeilen","tag-spd","tag-thueringen","tag-top-news","tag-top-meldungen","tag-topmeldungen","tag-topnews"],"share_on_mastodon":{"url":"https:\/\/pubeurope.com\/@de\/117120638120617908","error":""},"_links":{"self":[{"href":"https:\/\/www.europesays.com\/de\/wp-json\/wp\/v2\/posts\/1246393","targetHints":{"allow":["GET"]}}],"collection":[{"href":"https:\/\/www.europesays.com\/de\/wp-json\/wp\/v2\/posts"}],"about":[{"href":"https:\/\/www.europesays.com\/de\/wp-json\/wp\/v2\/types\/post"}],"author":[{"embeddable":true,"href":"https:\/\/www.europesays.com\/de\/wp-json\/wp\/v2\/users\/2"}],"replies":[{"embeddable":true,"href":"https:\/\/www.europesays.com\/de\/wp-json\/wp\/v2\/comments?post=1246393"}],"version-history":[{"count":0,"href":"https:\/\/www.europesays.com\/de\/wp-json\/wp\/v2\/posts\/1246393\/revisions"}],"wp:featuredmedia":[{"embeddable":true,"href":"https:\/\/www.europesays.com\/de\/wp-json\/wp\/v2\/media\/1246394"}],"wp:attachment":[{"href":"https:\/\/www.europesays.com\/de\/wp-json\/wp\/v2\/media?parent=1246393"}],"wp:term":[{"taxonomy":"category","embeddable":true,"href":"https:\/\/www.europesays.com\/de\/wp-json\/wp\/v2\/categories?post=1246393"},{"taxonomy":"post_tag","embeddable":true,"href":"https:\/\/www.europesays.com\/de\/wp-json\/wp\/v2\/tags?post=1246393"}],"curies":[{"name":"wp","href":"https:\/\/api.w.org\/{rel}","templated":true}]}}