{"id":1246440,"date":"2026-08-19T06:25:17","date_gmt":"2026-08-19T06:25:17","guid":{"rendered":"https:\/\/www.europesays.com\/de\/1246440\/"},"modified":"2026-08-19T06:25:17","modified_gmt":"2026-08-19T06:25:17","slug":"sterbehilfe-in-frankreich-macron-setzt-umstrittenes-gesetz-fuer-schwerkranke-in-kraft","status":"publish","type":"post","link":"https:\/\/www.europesays.com\/de\/1246440\/","title":{"rendered":"Sterbehilfe in Frankreich: Macron setzt umstrittenes Gesetz f\u00fcr Schwerkranke in Kraft"},"content":{"rendered":"<p class=\"tspCKpk tspCKpl\">Frankreichs Staatschef Emmanuel Macron hat <a href=\"https:\/\/www.tagesspiegel.de\/internationales\/ethische-antwort-auf-bedurfnisse-der-kranken-frankreich-treibt-sterbehilfe-gesetz-voran-11497310.html?icid=in-text-link_15957796\" class=\"link link--internal\" data-gtm-class=\"article-text-link\" data-gtm-val=\"internal\" rel=\"nofollow noopener\" target=\"_blank\">das umstrittene Sterbehilfe-Gesetz<\/a> mit seiner Unterschrift in Kraft gesetzt. Das seit Jahren diskutierte Gesetz wurde am Mittwoch im offiziellen Amtsblatt des Landes ver\u00f6ffentlicht. Mit ihm bekommen unheilbar kranke Menschen in Frankreich das Recht, sich unter strengen Auflagen beim Suizid helfen zu lassen.<\/p>\n<p class=\"tspCKpk\">F\u00fcr die Inanspruchnahme der Sterbehilfe m\u00fcssen Patienten vollj\u00e4hrig sein und an einer nicht heilbaren, lebensbedrohlichen Krankheit leiden. Sie m\u00fcssen ihren Willen frei und klar \u00e4u\u00dfern k\u00f6nnen. Ein Arzt kann das t\u00f6dliche Mittel erst nach einer Beratung mit anderen verschreiben. Die Patienten m\u00fcssen das Mittel in der Regel selbst einnehmen. Nur falls sie k\u00f6rperlich nicht dazu in der Lage sind, kann ein Arzt oder ein Pfleger ihnen dabei helfen.<\/p>\n<p class=\"tspCKpk\">Das Gesetz war im Juli von der Nationalversammlung verabschiedet worden, der Verfassungsrat gab in der vergangenen Woche gr\u00fcnes Licht. \u00dcber den Text war zuvor seit Jahren gestritten worden.<\/p>\n<p> Bischofskonferenz in Frankreich warnt vor Missbrauch bei Sterbehilfe <\/p>\n<p class=\"tspCKpk\">Kritiker, darunter die franz\u00f6sische Bischofskonferenz, warnten, dass die M\u00f6glichkeit <a href=\"https:\/\/www.tagesspiegel.de\/gesundheit\/elke-lemke-hat-beschlossen-zu-sterben-die-krebsdiagnose-war-fast-eine-erleichterung-13438300.html?icid=in-text-link_15957796\" class=\"link link--internal\" data-gtm-class=\"article-text-link\" data-gtm-val=\"internal\" rel=\"nofollow noopener\" target=\"_blank\">zu assistiertem Suizid<\/a> die T\u00fcr zum Missbrauch \u00f6ffnen k\u00f6nnte\u00a0\u2013 indem sich etwa unheilbar kranke Menschen unter Druck gesetzt f\u00fchlen k\u00f6nnten, anderen nicht zur Last zu fallen.\u00a0Bef\u00fcrworter argumentierten dagegen, dass unheilbar kranke Menschen die M\u00f6glichkeit haben sollten, selbst zu entscheiden, ihr Leiden zu verk\u00fcrzen.<\/p>\n<p class=\"tspCKpk\">Mit dem Gesetz reiht sich Frankreich in die L\u00e4nder ein, in denen Sterbehilfe unter bestimmten Bedingungen erlaubt ist. Zu ihnen z\u00e4hlen unter anderem Belgien, die Niederlande und die Schweiz. (AFP)<\/p>\n","protected":false},"excerpt":{"rendered":"Frankreichs Staatschef Emmanuel Macron hat das umstrittene Sterbehilfe-Gesetz mit seiner Unterschrift in Kraft gesetzt. Das seit Jahren diskutierte&hellip;\n","protected":false},"author":2,"featured_media":1246441,"comment_status":"","ping_status":"","sticky":false,"template":"","format":"standard","meta":{"footnotes":"","_share_on_mastodon":"0"},"categories":[3974],"tags":[331,332,1356,548,663,3934,3980,156,141,13,14,15,12,51704],"class_list":["post-1246440","post","type-post","status-publish","format-standard","has-post-thumbnail","category-frankreich","tag-aktuelle-nachrichten","tag-aktuelle-news","tag-emmanuel-macron","tag-eu","tag-europa","tag-europe","tag-france","tag-frankreich","tag-gesundheit","tag-headlines","tag-nachrichten","tag-news","tag-schlagzeilen","tag-sterbehilfe"],"share_on_mastodon":{"url":"https:\/\/pubeurope.com\/@de\/117120750494204724","error":""},"_links":{"self":[{"href":"https:\/\/www.europesays.com\/de\/wp-json\/wp\/v2\/posts\/1246440","targetHints":{"allow":["GET"]}}],"collection":[{"href":"https:\/\/www.europesays.com\/de\/wp-json\/wp\/v2\/posts"}],"about":[{"href":"https:\/\/www.europesays.com\/de\/wp-json\/wp\/v2\/types\/post"}],"author":[{"embeddable":true,"href":"https:\/\/www.europesays.com\/de\/wp-json\/wp\/v2\/users\/2"}],"replies":[{"embeddable":true,"href":"https:\/\/www.europesays.com\/de\/wp-json\/wp\/v2\/comments?post=1246440"}],"version-history":[{"count":0,"href":"https:\/\/www.europesays.com\/de\/wp-json\/wp\/v2\/posts\/1246440\/revisions"}],"wp:featuredmedia":[{"embeddable":true,"href":"https:\/\/www.europesays.com\/de\/wp-json\/wp\/v2\/media\/1246441"}],"wp:attachment":[{"href":"https:\/\/www.europesays.com\/de\/wp-json\/wp\/v2\/media?parent=1246440"}],"wp:term":[{"taxonomy":"category","embeddable":true,"href":"https:\/\/www.europesays.com\/de\/wp-json\/wp\/v2\/categories?post=1246440"},{"taxonomy":"post_tag","embeddable":true,"href":"https:\/\/www.europesays.com\/de\/wp-json\/wp\/v2\/tags?post=1246440"}],"curies":[{"name":"wp","href":"https:\/\/api.w.org\/{rel}","templated":true}]}}