{"id":1246538,"date":"2026-08-19T07:23:19","date_gmt":"2026-08-19T07:23:19","guid":{"rendered":"https:\/\/www.europesays.com\/de\/1246538\/"},"modified":"2026-08-19T07:23:19","modified_gmt":"2026-08-19T07:23:19","slug":"aerger-im-block-prozess-richterin-reagiert-mit-ungewoehnlich-scharfen-worten","status":"publish","type":"post","link":"https:\/\/www.europesays.com\/de\/1246538\/","title":{"rendered":"\u00c4rger im Block-Prozess: Richterin reagiert mit ungew\u00f6hnlich scharfen Worten"},"content":{"rendered":"<p>&#8222;Bin kein Babysitter&#8220;Richterin findet deutliche Worte im Block-Prozess<\/p>\n<p>19.08.2026, 08:39 Uhr <\/p>\n<p>Artikel anh\u00f6ren(02:51 min)<\/p>\n<p><img decoding=\"async\" class=\"Image_img__fQCi0 Image_Img_16_9__4BLfH widget-picture-inline_maximizable__t_E7h\" loading=\"eager\" fetchpriority=\"high\" src=\"https:\/\/www.europesays.com\/de\/wp-content\/uploads\/2026\/08\/Richterin-Isabel-Hildebrandt-Vorsitzende-der-Strafkammer-steht-im-Gerichtssaal-im-Strafjustizgebaeud.webp\" alt=\"Richterin-Isabel-Hildebrandt-Vorsitzende-der-Strafkammer-steht-im-Gerichtssaal-im-Strafjustizgebaeude-vor-Beginn-eines-weiteren-Prozesstages-In-einer-Nacht-und-Nebel-Aktion-wurden-in-der-Silvesternacht-2023-24-zwei-Kinder-der-Gastronomie-Unternehmerin-Block-von-Daenemark-nach-Deutschland-gebracht-Wegen-der-mutmasslichen-Entfuehrung-findet-am-Landgericht-Hamburg-der-Prozess-statt-unter-anderem-gegen-Block\"\/>Richterin Isabel Hildebrandt, Vorsitzende Richterin am Landgericht Hamburg. (Foto: picture alliance\/dpa\/dpa-pool)<\/p>\n<p class=\"Typography_text-m__XI0da Typography_weight-bold__uT6mq storyline_lead_text_leadtext__q_wg8\">Im Block-Prozess kommt es immer wieder zu hitzigen Auseinandersetzungen zwischen Anklage und Verteidigung. J\u00fcngster Grund ist der Unmut \u00fcber die Ver\u00f6ffentlichung eines Gutachtens. Die Richterin bringt ihr Unverst\u00e4ndnis ebenfalls zum Ausdruck &#8211; und die Grenzen ihrer Macht.<\/p>\n<p class=\"Typography_text-default__P3otY Typography_weight-normal__pqUbH storyline_paragraph_p__qSR5N\">Im Hamburger Prozess um die Entf\u00fchrung der Block-Kinder haben mehrere Verteidiger ihre Ver\u00e4rgerung dar\u00fcber ge\u00e4u\u00dfert, dass Teile eines nicht \u00f6ffentlichen Gutachtens in die \u00d6ffentlichkeit gelangt seien. Seine Mandantin sei ersch\u00fcttert, sagte Ingo Bott, Anwalt der angeklagten Unternehmerin Christina Block.<\/p>\n<p class=\"Typography_text-default__P3otY Typography_weight-normal__pqUbH storyline_paragraph_p__qSR5N\">&#8222;Mir gef\u00e4llt das auch nicht&#8220;, sagte die Vorsitzende Richterin Isabel Hildebrandt. Sie habe aber keinen Einfluss darauf, ob jemand etwas weitergebe, und sei nicht der &#8222;Wachhund&#8220; oder &#8222;Babysitter&#8220; f\u00fcr die Prozessbeteiligten. Verteidiger David Rieks, der Blocks Lebensgef\u00e4hrten Gerhard Delling vertritt, merkte an, die Staatsanwaltschaft k\u00f6nne aber etwas dagegen unternehmen.<\/p>\n<p>\u00d6ffentlichkeit f\u00fcr Gutachten ausgeschlossen<\/p>\n<p class=\"Typography_text-default__P3otY Typography_weight-normal__pqUbH storyline_paragraph_p__qSR5N\">In Abwesenheit der Zuschauer hatte die Sachverst\u00e4ndige Mareike Sch\u00fcler-Springorum die Folgen der Entf\u00fchrung in der Silvesternacht 2023\/2024 f\u00fcr die Kinder beschrieben. Sie waren damals ihrem Vater entrissen, in ein Auto gezerrt und nach Deutschland gebracht worden. Nach vier Verhandlungstagen hatte die Kammer die \u00d6ffentlichkeit wieder zugelassen.<\/p>\n<p class=\"Typography_text-default__P3otY Typography_weight-normal__pqUbH storyline_paragraph_p__qSR5N\">Die Nebenklage, der Ex-Mann Stephen Hensel von Christina Block und Vater der gemeinsamen Kinder, welcher durch Phillip von der Meden vertreten wird, wies den Vorwurf der Verteidigung, das Gutachten an die Presse weitergegeben zu haben, zur\u00fcck. Hensel ist ebenfalls vor derselben Jugendschutzkammer wegen Kindesentziehung angeklagt, in seinem Verfahren tritt Block als Nebenklage auf. Das Hauptverfahren gegen Hensel ist jedoch noch nicht er\u00f6ffnet.<\/p>\n<p>Sechs weitere Angeklagte<\/p>\n<p class=\"Typography_text-default__P3otY Typography_weight-normal__pqUbH storyline_paragraph_p__qSR5N\">Christina Block ist angeklagt, eine israelische Sicherheitsfirma damit beauftragt zu haben, ihren damals 10-j\u00e4hrigen Sohn und die 13 Jahre alte Tochter vom Wohnort ihres Ex-Manns in D\u00e4nemark nach Deutschland zu entf\u00fchren. Die Tochter des Gr\u00fcnders der Steakhaus-Kette &#8222;Block House&#8220; bestreitet die Vorw\u00fcrfe. Der Tat vorausgegangen war ein langer Sorgerechtsstreit. Nach einem Wochenendbesuch hatte der Vater Stephan Hensel die Kinder nicht wie vereinbart zur Mutter zur\u00fcckgebracht.<\/p>\n<p class=\"Typography_text-default__P3otY Typography_weight-normal__pqUbH storyline_paragraph_p__qSR5N\">Es gibt noch sechs weitere Angeklagte, darunter Ex-Sportmoderator Delling, der Lebensgef\u00e4hrte von Christina Block, dem Beihilfe vorgeworfen wird. Nur einer der Beschuldigten, ein 37-J\u00e4hriger aus Israel, hat die Vorw\u00fcrfe einger\u00e4umt.<\/p>\n<p class=\"Typography_text-s__wu_cm Typography_weight-normal__pqUbH Typography_color-darkgrey__sZEnP article-detail-footer_source__KslPc\">Quelle: ntv.de, kaz\/dpa<\/p>\n","protected":false},"excerpt":{"rendered":"&#8222;Bin kein Babysitter&#8220;Richterin findet deutliche Worte im Block-Prozess 19.08.2026, 08:39 Uhr Artikel anh\u00f6ren(02:51 min) Richterin Isabel Hildebrandt, Vorsitzende&hellip;\n","protected":false},"author":2,"featured_media":1246539,"comment_status":"","ping_status":"","sticky":false,"template":"","format":"standard","meta":{"footnotes":"","_share_on_mastodon":"0"},"categories":[2],"tags":[27753,29,2798,30,692,13,984,1114,14,15,505,12,10,8,9,11],"class_list":["post-1246538","post","type-post","status-publish","format-standard","has-post-thumbnail","category-deutschland","tag-christina-block","tag-deutschland","tag-entfuehrung","tag-germany","tag-hamburg","tag-headlines","tag-international","tag-kinder","tag-nachrichten","tag-news","tag-prozesse","tag-schlagzeilen","tag-top-news","tag-top-meldungen","tag-topmeldungen","tag-topnews"],"share_on_mastodon":{"url":"","error":""},"_links":{"self":[{"href":"https:\/\/www.europesays.com\/de\/wp-json\/wp\/v2\/posts\/1246538","targetHints":{"allow":["GET"]}}],"collection":[{"href":"https:\/\/www.europesays.com\/de\/wp-json\/wp\/v2\/posts"}],"about":[{"href":"https:\/\/www.europesays.com\/de\/wp-json\/wp\/v2\/types\/post"}],"author":[{"embeddable":true,"href":"https:\/\/www.europesays.com\/de\/wp-json\/wp\/v2\/users\/2"}],"replies":[{"embeddable":true,"href":"https:\/\/www.europesays.com\/de\/wp-json\/wp\/v2\/comments?post=1246538"}],"version-history":[{"count":0,"href":"https:\/\/www.europesays.com\/de\/wp-json\/wp\/v2\/posts\/1246538\/revisions"}],"wp:featuredmedia":[{"embeddable":true,"href":"https:\/\/www.europesays.com\/de\/wp-json\/wp\/v2\/media\/1246539"}],"wp:attachment":[{"href":"https:\/\/www.europesays.com\/de\/wp-json\/wp\/v2\/media?parent=1246538"}],"wp:term":[{"taxonomy":"category","embeddable":true,"href":"https:\/\/www.europesays.com\/de\/wp-json\/wp\/v2\/categories?post=1246538"},{"taxonomy":"post_tag","embeddable":true,"href":"https:\/\/www.europesays.com\/de\/wp-json\/wp\/v2\/tags?post=1246538"}],"curies":[{"name":"wp","href":"https:\/\/api.w.org\/{rel}","templated":true}]}}