{"id":1246579,"date":"2026-08-19T07:50:20","date_gmt":"2026-08-19T07:50:20","guid":{"rendered":"https:\/\/www.europesays.com\/de\/1246579\/"},"modified":"2026-08-19T07:50:20","modified_gmt":"2026-08-19T07:50:20","slug":"kanye-west-soll-fuer-auftritt-in-russland-ukraine-krieg-befuerworten","status":"publish","type":"post","link":"https:\/\/www.europesays.com\/de\/1246579\/","title":{"rendered":"Kanye West soll f\u00fcr Auftritt in Russland Ukraine-Krieg bef\u00fcrworten"},"content":{"rendered":"<p class=\"asmb-article-excerpt headline-single-article weight-500\">Rapper Kanye West spielt angeblich im Oktober in St. Petersburg \u2013 meldet zumindest ein Telegram-Kanal von Gazprom. <\/p>\n<p><img loading=\"lazy\" decoding=\"async\" src=\"https:\/\/www.europesays.com\/de\/wp-content\/uploads\/2026\/08\/20a700ee94234ba49c23a0d135ba03da.gif\" alt=\"\" width=\"1\" height=\"1\"\/>Die R\u00fcckkehr von Kanye West alias Ye ins Livegesch\u00e4ft nimmt weiter Form an. Nach <a href=\"https:\/\/www.musikexpress.de\/kanye-west-klage-einigung-pisciotta-3224407\/\" rel=\"nofollow noopener\" target=\"_blank\">Gigs in Los Angeles, Tampa, San Antonio, in der T\u00fcrkei (vor 118.000 Zuschauern), den Niederlanden, Georgien, Albanien, Spanien, Portugal und zuletzt in Kasachstan<\/a> sollen im Oktober zwei Auftritte in der Gazprom-Arena stattfinden. Das geht aus einem Beitrag des Stadions des Fu\u00dfballvereins Zenit St. Petersburg auf Telegram hervor.<\/p>\n<p>Demnach will der Rapper vor jeweils 70.000 Zuschauer:innen am 10. und 100. Oktober spielen. Wie es hei\u00dft, kosten Karten ab 9000 Rubel (etwas mehr als 90 Euro). Danach wird es allerdings teuer: Wer Ye in St. Petersburg sehen will, muss von 15.000 bis 225.000 Rubel blechen \u2013 also knapp 150 bis 2279 Euro! Die staatliche Nachrichtenagentur TASS meldet, dass die g\u00fcnstigsten Eintrittskarten bereits alle ausverkauft seien.<\/p>\n<p>In den letzten Wochen erwies sich der Versuch des Musikers, auf der B\u00fchne wieder Fu\u00df zu fassen, als komplizierte Angelegenheit. Wegen seiner <a href=\"https:\/\/www.musikexpress.de\/kanye-west-juedischer-adidas-manager-sollte-hitler-foto-kuessen-2392651\/\" rel=\"nofollow noopener\" target=\"_blank\">drastischen antisemitischen \u00c4u\u00dferungen<\/a> (unter anderem pries er Adolf Hitler) und anderen Auff\u00e4lligkeiten in der Vergangenheit <a href=\"https:\/\/www.musikexpress.de\/kanye-west-marseille-konzert-abgesagt-3186857\/\" rel=\"nofollow noopener\" target=\"_blank\">gab es von mehreren europ\u00e4ischen L\u00e4ndern direkt Auftrittsverbote<\/a>, darunter von Gro\u00dfbritannien, Frankreich, Polen, der Schweiz, Italien und Brasilien. Da half es auch nichts, dass sich Ye f\u00fcr sein Verhalten Anfang des Jahres entschuldigte und von einer unbehandelten bipolaren St\u00f6rung als Ausl\u00f6ser sprach.<\/p>\n<p><img decoding=\"async\" src=\"https:\/\/www.europesays.com\/de\/wp-content\/uploads\/2025\/04\/me-badge-recommendation.png\" alt=\"Musikexpress Badge\"\/><\/p>\n<p>Empfehlungen der Redaktion<\/p>\n<p>Forderungen aus Russland<\/p>\n<p>Die Gigs in Russland stehen allerdings auch schon unter Beschuss. Der Abgeordnete Nikolay Novichkov erkl\u00e4rte, ausl\u00e4ndische K\u00fcnstler, die in Russland auftreten wollen, m\u00fcssten sich zun\u00e4chst \u00f6ffentlich f\u00fcr den Krieg gegen die Ukraine aussprechen. Fraglich, ob sich der 49-J\u00e4hrige darauf einl\u00e4sst.<\/p>\n<p>\u201eWenn sie Geld verdienen wollen, m\u00fcssen sie verstehen, dass sich das Land in einer besonderen Milit\u00e4roperation befindet und moralische Unterst\u00fctzung von Kulturschaffenden ben\u00f6tigt \u2013 sofern sie sich selbst als solche betrachten\u201c, sagte Novichkov gegen\u00fcber \u201eOstorozhno Novosti\u201c. \u201eSollte dies nicht geschehen, werde ich die Absage der Konzerte fordern.\u201c<\/p>\n<p>Sollten die Konzerte wie geplant stattfinden, w\u00e4ren es die gr\u00f6\u00dften eines westlichen Popstars seit dem Beginn des Krieges gegen die Ukraine im Jahr 2022.<\/p>\n<p class=\"p1\">Welche Platten \u00fcberdauern einfach alles? Wir haben die 500 besten Alben aller Zeiten gek\u00fcrt. Teil 1 des gro\u00dfen Rankings findet ihr in der aktuellen MUSIKEXPRESS-Ausgabe. Weitere Themen: Kevin Rowland \u00fcber Liebe im Alter, B\u00fclent Ceylan h\u00f6rt mit uns Musik, Grenzkontrolle waren mit uns an der Bar und J Mascis hat uns sein Berlin im Sommer gezeigt. Die MUSIKEXPRESS-Ausgabe gibt es hier bequem zum Bestellen. <a href=\"https:\/\/www.musik-magazine.de\/musikexpress-01-26-09\/\" target=\"_blank\" rel=\"noopener nofollow\">Die MUSIKEXPRESS-Ausgabe gibt es hier bequem zum Bestellen.<\/a><\/p>\n","protected":false},"excerpt":{"rendered":"Rapper Kanye West spielt angeblich im Oktober in St. Petersburg \u2013 meldet zumindest ein Telegram-Kanal von Gazprom. Die&hellip;\n","protected":false},"author":2,"featured_media":1246580,"comment_status":"","ping_status":"","sticky":false,"template":"","format":"standard","meta":{"footnotes":"","_share_on_mastodon":"0"},"categories":[4013],"tags":[331,332,13,3641,1310,4006,14,15,4043,4044,850,307,12,2884,7361],"class_list":["post-1246579","post","type-post","status-publish","format-standard","has-post-thumbnail","category-russland","tag-aktuelle-nachrichten","tag-aktuelle-news","tag-headlines","tag-kanye-west","tag-konzert","tag-live","tag-nachrichten","tag-news","tag-russia","tag-russian-federation","tag-russische-foederation","tag-russland","tag-schlagzeilen","tag-tour","tag-ye"],"share_on_mastodon":{"url":"https:\/\/pubeurope.com\/@de\/117121086628727177","error":""},"_links":{"self":[{"href":"https:\/\/www.europesays.com\/de\/wp-json\/wp\/v2\/posts\/1246579","targetHints":{"allow":["GET"]}}],"collection":[{"href":"https:\/\/www.europesays.com\/de\/wp-json\/wp\/v2\/posts"}],"about":[{"href":"https:\/\/www.europesays.com\/de\/wp-json\/wp\/v2\/types\/post"}],"author":[{"embeddable":true,"href":"https:\/\/www.europesays.com\/de\/wp-json\/wp\/v2\/users\/2"}],"replies":[{"embeddable":true,"href":"https:\/\/www.europesays.com\/de\/wp-json\/wp\/v2\/comments?post=1246579"}],"version-history":[{"count":0,"href":"https:\/\/www.europesays.com\/de\/wp-json\/wp\/v2\/posts\/1246579\/revisions"}],"wp:featuredmedia":[{"embeddable":true,"href":"https:\/\/www.europesays.com\/de\/wp-json\/wp\/v2\/media\/1246580"}],"wp:attachment":[{"href":"https:\/\/www.europesays.com\/de\/wp-json\/wp\/v2\/media?parent=1246579"}],"wp:term":[{"taxonomy":"category","embeddable":true,"href":"https:\/\/www.europesays.com\/de\/wp-json\/wp\/v2\/categories?post=1246579"},{"taxonomy":"post_tag","embeddable":true,"href":"https:\/\/www.europesays.com\/de\/wp-json\/wp\/v2\/tags?post=1246579"}],"curies":[{"name":"wp","href":"https:\/\/api.w.org\/{rel}","templated":true}]}}