{"id":1246646,"date":"2026-08-19T08:30:28","date_gmt":"2026-08-19T08:30:28","guid":{"rendered":"https:\/\/www.europesays.com\/de\/1246646\/"},"modified":"2026-08-19T08:30:28","modified_gmt":"2026-08-19T08:30:28","slug":"br24-sport-finale-dahoam-2028-muenchen-will-das-champions-league-finale","status":"publish","type":"post","link":"https:\/\/www.europesays.com\/de\/1246646\/","title":{"rendered":"BR24 Sport: Finale dahoam 2028? M\u00fcnchen will das Champions-League-Finale"},"content":{"rendered":"<p>            <img loading=\"lazy\" decoding=\"async\" class=\"ts-image\" src=\"https:\/\/www.europesays.com\/de\/wp-content\/uploads\/2026\/08\/br-champions-league-finale-2025-in-muenchen-100.jpg\" alt=\"Champions-League-Finale 2025 in M\u00fcnchen\" title=\"Champions-League-Finale 2025 in M\u00fcnchen | picture-alliance\/dpa\"\/><\/p>\n<p class=\"metatextline\">Stand: 19.08.2026 \u2022 09:56 Uhr<\/p>\n<p class=\"article-head__shorttext\">\n        <strong>Der FC Bayern darf wieder von einem Finale dahoam tr\u00e4umen. M\u00fcnchen will 2028 erneut Gastgeber des Champions-League-Finales werden. Der Stadtrat hat die Bewerbung bef\u00fcrwortet. Die Entscheidung der UEFA f\u00e4llt Mitte September.<\/strong>\n    <\/p>\n<p class=\"textabsatz m-ten m-offset-one l-eight l-offset-two columns twelve\">Nach dem erfolgreichen Champions-League-Finale 2025 m\u00f6chte M\u00fcnchen bereits drei Jahre sp\u00e4ter erneut das wichtigste Spiel im europ\u00e4ischen Vereinsfu\u00dfball ausrichten. Der Feriensenat des M\u00fcnchner Stadtrats hat die Bewerbung der Landeshauptstadt f\u00fcr das Finale 2028 in seiner Sitzung am Mittwoch (19.8.) bef\u00fcrwortet.<\/p>\n<p>    M\u00fcnchner OB Krause: &#8222;Gro\u00dfe Chance&#8220;<\/p>\n<p class=\"textabsatz m-ten m-offset-one l-eight l-offset-two columns twelve\">Geplant sind erneut vier Veranstaltungstage vom 25. bis 28. Mai 2028. Das Endspiel soll am Samstag, 27. Mai, in der Allianz Arena stattfinden. Wie bereits 2025 sind zwei Fan Meeting Points in der Innenstadt sowie ein viert\u00e4giges, m\u00f6glichst zentral gelegenes Champions Festival vorgesehen.<\/p>\n<p class=\"textabsatz m-ten m-offset-one l-eight l-offset-two columns twelve\">\u00dcber den Austragungsort entscheidet das UEFA-Exekutivkomitee Mitte September 2026. M\u00fcnchen tritt dabei mit der Erfahrung aus der erfolgreichen Ausrichtung des Finales 2025 an.<\/p>\n<p class=\"textabsatz m-ten m-offset-one l-eight l-offset-two columns twelve\">Oberb\u00fcrgermeister Dominik Krause sieht in einer erneuten Austragung eine gro\u00dfe Chance f\u00fcr die Stadt. &#8222;M\u00fcnchen hat 2025 einmal mehr gezeigt, dass wir Sportgro\u00dfereignisse auf h\u00f6chstem internationalen Niveau ausrichten k\u00f6nnen. Eine erneute Austragung w\u00e4re eine gro\u00dfe Chance, M\u00fcnchen als weltoffene, sportbegeisterte und leistungsf\u00e4hige Gastgeberstadt international zu pr\u00e4sentieren.&#8220;<\/p>\n<p>    Positive Impulse f\u00fcr Olympia-Bewerbung in M\u00fcnchen<\/p>\n<p class=\"textabsatz m-ten m-offset-one l-eight l-offset-two columns twelve\">Auch Sportreferent Florian Kraus verweist auf die bereits vorhandenen Strukturen. 2028 k\u00f6nne M\u00fcnchen auf die Erfahrungen und bew\u00e4hrten Konzepte des Finales 2025 aufbauen. Gleichzeitig solle das Event einen nachhaltigen Mehrwert f\u00fcr die Stadtgesellschaft schaffen und insbesondere junge Menschen f\u00fcr Sport und Nachwuchsarbeit begeistern.<\/p>\n<p class=\"textabsatz m-ten m-offset-one l-eight l-offset-two columns twelve\">Dar\u00fcber hinaus k\u00f6nnte das Event wichtige Impulse f\u00fcr eine m\u00f6gliche internationale Bewerbung um die Olympischen und Paralympischen Spiele liefern. Es bietet M\u00fcnchen die Gelegenheit, sich als Austragungsort zu pr\u00e4sentieren und international auf sich aufmerksam zu machen. \u00dcber die Vergabe der Spiele 2036 will das IOC im Juni 2029 entscheiden. Bis dahin muss M\u00fcnchen zun\u00e4chst das nationale Auswahlverfahren gegen Berlin und Rhein-Ruhr f\u00fcr sich entscheiden. Mit dem Ergebnis wird Ende September gerechnet.<\/p>\n<p>    Sechstes K\u00f6nigsklassen-Endspiel in M\u00fcnchen?<\/p>\n<p class=\"textabsatz m-ten m-offset-one l-eight l-offset-two columns twelve\">Erst letztes Jahr im Mai hatte in der M\u00fcnchner Arena Paris Saint-Germain das Champions-League-Endspiel gegen Inter Mailand mit 5:0 gewonnen. Das Stadion im Norden von M\u00fcnchen war davor bereits Austragungsort des &#8222;Finales dahoam&#8220;, das der FC Bayern 2012 gegen Chelsea verlor. Zuvor hatten im M\u00fcnchner Olympiastadion drei Endspiele in der K\u00f6nigsklasse stattgefunden.<\/p>\n<p class=\"textabsatz m-ten m-offset-one l-eight l-offset-two columns twelve\">In der aktuellen Saison steigt das Champions-League-Endspiel im Estadio Metropolitano von Atl\u00e9tico Madrid. F\u00fcr das Jahr 2029 hinterlegten bereits London mit dem Wembley-Stadion und das zuletzt umgebaute Camp Nou in Barcelona ihr Interesse.<\/p>\n<p class=\"textabsatz m-ten m-offset-one l-eight l-offset-two columns twelve\">Quelle: BR24 Radio 19.08.2026 &#8211; 07:54 Uhr<\/p>\n<p>                                        <a class=\"backlink__link\" href=\"https:\/\/www.br.de\/nachrichten\/sport\/fussball-muenchen-bewirbt-sich-erneut-um-champions-league-finale-finale-dahoam-2028-fuer-fc-bayern,VSj0DBI\" rel=\"nofollow noopener\" target=\"_blank\"><\/p>\n<p>                                                <img decoding=\"async\" src=\"https:\/\/images.sportschau.de\/image\/05fe9eb0-903d-4c3a-83ba-894c6893cc80\/AAABlap_YQI\/AAABnR8VW9w\/original\/lra-br-logo-100.svg\" alt=\"Bayerischer Rundfunk\"\/><\/p>\n<p>                                        <\/a><\/p>\n","protected":false},"excerpt":{"rendered":"Stand: 19.08.2026 \u2022 09:56 Uhr Der FC Bayern darf wieder von einem Finale dahoam tr\u00e4umen. M\u00fcnchen will 2028&hellip;\n","protected":false},"author":2,"featured_media":1246647,"comment_status":"","ping_status":"","sticky":false,"template":"","format":"standard","meta":{"footnotes":"","_share_on_mastodon":"0"},"categories":[1827],"tags":[772,3204,468,29,2665,347,30,1268],"class_list":["post-1246646","post","type-post","status-publish","format-standard","has-post-thumbnail","category-muenchen","tag-bayern","tag-br","tag-champions-league","tag-deutschland","tag-finale","tag-fussball","tag-germany","tag-muenchen"],"share_on_mastodon":{"url":"https:\/\/pubeurope.com\/@de\/117121242414271828","error":""},"_links":{"self":[{"href":"https:\/\/www.europesays.com\/de\/wp-json\/wp\/v2\/posts\/1246646","targetHints":{"allow":["GET"]}}],"collection":[{"href":"https:\/\/www.europesays.com\/de\/wp-json\/wp\/v2\/posts"}],"about":[{"href":"https:\/\/www.europesays.com\/de\/wp-json\/wp\/v2\/types\/post"}],"author":[{"embeddable":true,"href":"https:\/\/www.europesays.com\/de\/wp-json\/wp\/v2\/users\/2"}],"replies":[{"embeddable":true,"href":"https:\/\/www.europesays.com\/de\/wp-json\/wp\/v2\/comments?post=1246646"}],"version-history":[{"count":0,"href":"https:\/\/www.europesays.com\/de\/wp-json\/wp\/v2\/posts\/1246646\/revisions"}],"wp:featuredmedia":[{"embeddable":true,"href":"https:\/\/www.europesays.com\/de\/wp-json\/wp\/v2\/media\/1246647"}],"wp:attachment":[{"href":"https:\/\/www.europesays.com\/de\/wp-json\/wp\/v2\/media?parent=1246646"}],"wp:term":[{"taxonomy":"category","embeddable":true,"href":"https:\/\/www.europesays.com\/de\/wp-json\/wp\/v2\/categories?post=1246646"},{"taxonomy":"post_tag","embeddable":true,"href":"https:\/\/www.europesays.com\/de\/wp-json\/wp\/v2\/tags?post=1246646"}],"curies":[{"name":"wp","href":"https:\/\/api.w.org\/{rel}","templated":true}]}}