{"id":1246708,"date":"2026-08-19T09:12:41","date_gmt":"2026-08-19T09:12:41","guid":{"rendered":"https:\/\/www.europesays.com\/de\/1246708\/"},"modified":"2026-08-19T09:12:41","modified_gmt":"2026-08-19T09:12:41","slug":"tierschutzverstoesse-in-karlsruhe-fische-leiden-in-gaststaette-unter-schlechten-bedingungen","status":"publish","type":"post","link":"https:\/\/www.europesays.com\/de\/1246708\/","title":{"rendered":"Tierschutzverst\u00f6\u00dfe in Karlsruhe: Fische leiden in Gastst\u00e4tte unter schlechten Bedingungen"},"content":{"rendered":"<p class=\"mb-6 text-xs-varying md:text-m lg:text-l font-serif group-[.font-sans]:font-sans \">\n    In einer Gastst\u00e4tte in <a href=\"https:\/\/www.ka-news.de\/promis\/karlsruhe-kulturlandschaft-technologieregion-und-residenz-des-rechts-die-faecherstadt-im-ueberblick-art-2783253\" target=\"_self\" class=\"underline \" rel=\"nofollow noopener\">Karlsruhe<\/a> sind nach Angaben der Stadt Zierfische unter Bedingungen gehalten worden, die erheblich <strong class=\"font-bold\">gegen das Tierschutzgesetz versto\u00dfen.<\/strong> Ausl\u00f6ser der Kontrolle war eine B\u00fcrgerbeschwerde. In einem <strong class=\"font-bold\">zu kleinen Aquarium<\/strong> wurden Warm- und Kaltwasserfische gemeinsam gehalten \u2013 ohne Pflanzen oder R\u00fcckzugsm\u00f6glichkeiten. Au\u00dferdem fehlte geeignetes, artgerechtes Futter.\n  <\/p>\n<p>            Fische leiden unter tierschutzwidriger Haltung<\/p>\n<p class=\"mb-6 text-xs-varying md:text-m lg:text-l font-serif group-[.font-sans]:font-sans \">\n    Auf der Theke des Lokals stand ein rundes Glas, in dem ein einzelner Fisch gehalten wurde. Das Glas verf\u00fcgte nicht \u00fcber <strong class=\"font-bold\">Beleuchtung, Heizung oder einem Filter<\/strong>. Eine solche Haltung sorgt bei den Tieren f\u00fcr <strong class=\"font-bold\">dauerhaften Stress<\/strong> und<strong class=\"font-bold\"> unn\u00f6tiges Leid. <\/strong>Fische d\u00fcrften nicht als preisg\u00fcnstige Dekorationsobjekte genutzt werden, betont die Stadt.\n  <\/p>\n<p>            Betreiber bringen Fische teilweise privat unter<\/p>\n<p class=\"mb-6 text-xs-varying md:text-m lg:text-l font-serif group-[.font-sans]:font-sans \">\n    Gegen die Betreiber l\u00e4uft inzwischen ein <strong class=\"font-bold\">Ordnungswidrigkeitsverfahren<\/strong>. Wie der SWR berichtet, haben die Betreiber die Fische inzwischen anderweitig untergebracht. Sie werden nun privat gehalten. Einige Goldfische befinden sich jedoch weiterhin im Aquarium der Gastst\u00e4tte. Dort sollen die Haltungsbedingungen inzwischen angepasst worden sein.\n  <\/p>\n","protected":false},"excerpt":{"rendered":"In einer Gastst\u00e4tte in Karlsruhe sind nach Angaben der Stadt Zierfische unter Bedingungen gehalten worden, die erheblich gegen&hellip;\n","protected":false},"author":2,"featured_media":1246709,"comment_status":"","ping_status":"","sticky":false,"template":"","format":"standard","meta":{"footnotes":"","_share_on_mastodon":"0"},"categories":[1844],"tags":[1634,3364,29,6123,6767,30,8903,1755,122045,14898,178543],"class_list":["post-1246708","post","type-post","status-publish","format-standard","has-post-thumbnail","category-karlsruhe","tag-baden-wuerttemberg","tag-de","tag-deutschland","tag-fisch","tag-gaststaette","tag-germany","tag-karlsruhe","tag-swr","tag-tierschutzverstoss","tag-veterinaeramt","tag-zierfisch"],"share_on_mastodon":{"url":"https:\/\/pubeurope.com\/@de\/117121407190542479","error":""},"_links":{"self":[{"href":"https:\/\/www.europesays.com\/de\/wp-json\/wp\/v2\/posts\/1246708","targetHints":{"allow":["GET"]}}],"collection":[{"href":"https:\/\/www.europesays.com\/de\/wp-json\/wp\/v2\/posts"}],"about":[{"href":"https:\/\/www.europesays.com\/de\/wp-json\/wp\/v2\/types\/post"}],"author":[{"embeddable":true,"href":"https:\/\/www.europesays.com\/de\/wp-json\/wp\/v2\/users\/2"}],"replies":[{"embeddable":true,"href":"https:\/\/www.europesays.com\/de\/wp-json\/wp\/v2\/comments?post=1246708"}],"version-history":[{"count":0,"href":"https:\/\/www.europesays.com\/de\/wp-json\/wp\/v2\/posts\/1246708\/revisions"}],"wp:featuredmedia":[{"embeddable":true,"href":"https:\/\/www.europesays.com\/de\/wp-json\/wp\/v2\/media\/1246709"}],"wp:attachment":[{"href":"https:\/\/www.europesays.com\/de\/wp-json\/wp\/v2\/media?parent=1246708"}],"wp:term":[{"taxonomy":"category","embeddable":true,"href":"https:\/\/www.europesays.com\/de\/wp-json\/wp\/v2\/categories?post=1246708"},{"taxonomy":"post_tag","embeddable":true,"href":"https:\/\/www.europesays.com\/de\/wp-json\/wp\/v2\/tags?post=1246708"}],"curies":[{"name":"wp","href":"https:\/\/api.w.org\/{rel}","templated":true}]}}