{"id":1246793,"date":"2026-08-19T10:02:17","date_gmt":"2026-08-19T10:02:17","guid":{"rendered":"https:\/\/www.europesays.com\/de\/1246793\/"},"modified":"2026-08-19T10:02:17","modified_gmt":"2026-08-19T10:02:17","slug":"fussball-muenchen-bewirbt-sich-ums-champions-league-finale-2028-muenchen","status":"publish","type":"post","link":"https:\/\/www.europesays.com\/de\/1246793\/","title":{"rendered":"Fu\u00dfball: M\u00fcnchen bewirbt sich ums Champions-League-Finale 2028 &#8211; M\u00fcnchen"},"content":{"rendered":"<p data-manual=\"paragraph\" data-schema-org-speakable=\"true\" class=\"css-1eosz7k\"><a href=\"https:\/\/www.sueddeutsche.de\/thema\/M%C3%BCnchen\" rel=\"nofollow noopener\" target=\"_blank\">M\u00fcnchen<\/a> will 2028 erneut das Endspiel in der <a href=\"https:\/\/www.sueddeutsche.de\/thema\/Fu%C3%9Fball\" rel=\"nofollow noopener\" target=\"_blank\">Fu\u00dfball<\/a>-Champions-League der M\u00e4nner ausrichten. Das beschloss der Feriensenat des Stadtrats in seiner Sitzung am Mittwoch einstimmig. Die Entscheidung mitten in den Sommerferien war notwendig, weil das Exekutivkomitee des europ\u00e4ischen Fu\u00dfballverbandes <a href=\"https:\/\/www.sueddeutsche.de\/thema\/UEFA\" rel=\"nofollow noopener\" target=\"_blank\">Uefa<\/a> bereits am 15. September das Finale vergeben will.<\/p>\n<p data-manual=\"paragraph\" data-schema-org-speakable=\"true\" class=\"css-1eosz7k\">Bei einem Zuschlag w\u00e4re M\u00fcnchen zum sechsten Mal Austragungsort des Endspiels im wichtigsten europ\u00e4ischen Fu\u00dfball-Wettbewerb, nach 1979, 1993, 1997, 2012 und 2025. Nur in London fand es h\u00e4ufiger statt, n\u00e4mlich bislang achtmal.<\/p>\n<p data-manual=\"paragraph\" data-schema-org-speakable=\"true\" class=\"css-1eosz7k\">Die erfolgreiche Organisation im vorigen Jahr hatte bei den europ\u00e4ischen und deutschen Fu\u00dfball-Funktion\u00e4ren offenbar einen so guten Eindruck hinterlassen, dass sie bereits Ende 2025 ihr Interesse an einer R\u00fcckkehr in die bayerische Landeshauptstadt hinterlegten. \u201eM\u00fcnchen hat 2025 einmal mehr gezeigt, dass wir Sportgro\u00dfereignisse auf h\u00f6chstem internationalen Niveau ausrichten k\u00f6nnen\u201c, res\u00fcmierte Oberb\u00fcrgermeister Dominik Krause (Gr\u00fcne) angesichts der neuerlichen Bewerbung. \u201eEine erneute Austragung w\u00e4re eine gro\u00dfe Chance, M\u00fcnchen als weltoffene, sportbegeisterte und leistungsf\u00e4hige Gastgeberstadt international zu pr\u00e4sentieren.\u201c<\/p>\n<p data-manual=\"paragraph\" data-schema-org-speakable=\"true\" class=\"css-1eosz7k\">Gerade im Kontext der laufenden Olympiabewerbung k\u00f6nnte sich die Vergabe des Fu\u00dfball-Finales als weiterer Pluspunkt f\u00fcr M\u00fcnchen auswirken. Nur elf Tage nach dem Votum der Fu\u00dfballer w\u00e4hlt der Deutsche Olympische Sportbund (DOSB) in Baden-Baden aus dem <a href=\"https:\/\/www.sueddeutsche.de\/muenchen\/olympia-muenchen-hamburg-bewerbung-votum-2036-li.3492023\" rel=\"nofollow noopener\" target=\"_blank\">Trio M\u00fcnchen, Berlin und Rhein-Ruhr-Gebiet mit K\u00f6ln als Zentrum<\/a> seinen nationalen Kandidaten f\u00fcr eine Bewerbung um Sommerspiele in den Jahren 2036, 2040 oder 2044. Ebenfalls Mitte September vergibt auch der Leichtathletik-Weltverband WA seine globalen Titelk\u00e4mpfe f\u00fcr die Jahre 2029 und 2031; <a href=\"https:\/\/www.sueddeutsche.de\/muenchen\/leichtathletik-wm-muenchen-bewerbung-finanzen-li.3523141\" rel=\"nofollow noopener\" target=\"_blank\">daf\u00fcr ist M\u00fcnchen ebenfalls im Rennen<\/a>.<\/p>\n<p data-manual=\"paragraph\" data-schema-org-speakable=\"true\" class=\"css-1eosz7k\">Wie im vergangenen Jahr sind auch 2028 insgesamt vier Veranstaltungstage mit Fan-Aktivit\u00e4ten rund um das Champions-League-Finale geplant, vom 25. bis zum 28. Mai. Das Endspiel selbst ist f\u00fcr den 27. Mai in der Arena in <a href=\"https:\/\/www.sueddeutsche.de\/thema\/Fr%C3%B6ttmaning\" rel=\"nofollow noopener\" target=\"_blank\">Fr\u00f6ttmaning<\/a> terminiert. Beppo Brem, der sportpolitische Sprecher der Gr\u00fcnen im Stadtrat, wies darauf hin, dass 2025 \u201eder finanzielle Mehrwert f\u00fcr M\u00fcnchen erheblich\u201c gewesen sei: Die Hotelzimmer seien zu 90 Prozent ausgelastet gewesen, der touristisch bedingte Umsatz wird auf 46 Millionen Euro gesch\u00e4tzt. Und dabei blieben die Organisationskosten f\u00fcr die Stadt erfreulicherweise im Rahmen: Statt der urspr\u00fcnglich veranschlagten 8,6 Millionen Euro an Zusch\u00fcssen, wurde der st\u00e4dtische Haushalt mit nur 4,8 Millionen Euro belastet.<\/p>\n<p data-manual=\"paragraph\" data-schema-org-speakable=\"true\" class=\"css-1eosz7k\">Das Finale 2028 bek\u00e4me die Stadt nun noch einmal \u201edeutlich g\u00fcnstiger\u201c, wie Brem erkl\u00e4rte, ohne genaue Zahlen nennen zu wollen. Die wurden lediglich in der Sitzungsvorlage f\u00fcr den nicht-\u00f6ffentlichen Teil der Stadtratssitzung genannt: Demnach w\u00fcrde der Aufwand in zwei Jahren sogar nur etwa halb so hoch ausfallen wie die Gesamtkosten 2025 und rund 2,4 Millionen Euro betragen. Erkl\u00e4ren l\u00e4sst sich das auch damit, dass die Uefa zu weitreichenden Zugest\u00e4ndnissen bereit war, weil offensichtlich nicht mehr allzu viele St\u00e4dte und Stadien den Anspr\u00fcchen und Anforderungen f\u00fcr ein gro\u00dfes Finale gen\u00fcgen.<\/p>\n","protected":false},"excerpt":{"rendered":"M\u00fcnchen will 2028 erneut das Endspiel in der Fu\u00dfball-Champions-League der M\u00e4nner ausrichten. Das beschloss der Feriensenat des Stadtrats&hellip;\n","protected":false},"author":2,"featured_media":1246794,"comment_status":"","ping_status":"","sticky":false,"template":"","format":"standard","meta":{"footnotes":"","_share_on_mastodon":"0"},"categories":[1827],"tags":[2721,772,468,29,2722,347,30,1268,3661,2719,149,1681],"class_list":["post-1246793","post","type-post","status-publish","format-standard","has-post-thumbnail","category-muenchen","tag-allianz-arena","tag-bayern","tag-champions-league","tag-deutschland","tag-froettmaning","tag-fussball","tag-germany","tag-muenchen","tag-politik-muenchen","tag-sport-in-muenchen","tag-sueddeutsche-zeitung","tag-uefa"],"share_on_mastodon":{"url":"https:\/\/pubeurope.com\/@de\/117121603802067523","error":""},"_links":{"self":[{"href":"https:\/\/www.europesays.com\/de\/wp-json\/wp\/v2\/posts\/1246793","targetHints":{"allow":["GET"]}}],"collection":[{"href":"https:\/\/www.europesays.com\/de\/wp-json\/wp\/v2\/posts"}],"about":[{"href":"https:\/\/www.europesays.com\/de\/wp-json\/wp\/v2\/types\/post"}],"author":[{"embeddable":true,"href":"https:\/\/www.europesays.com\/de\/wp-json\/wp\/v2\/users\/2"}],"replies":[{"embeddable":true,"href":"https:\/\/www.europesays.com\/de\/wp-json\/wp\/v2\/comments?post=1246793"}],"version-history":[{"count":0,"href":"https:\/\/www.europesays.com\/de\/wp-json\/wp\/v2\/posts\/1246793\/revisions"}],"wp:featuredmedia":[{"embeddable":true,"href":"https:\/\/www.europesays.com\/de\/wp-json\/wp\/v2\/media\/1246794"}],"wp:attachment":[{"href":"https:\/\/www.europesays.com\/de\/wp-json\/wp\/v2\/media?parent=1246793"}],"wp:term":[{"taxonomy":"category","embeddable":true,"href":"https:\/\/www.europesays.com\/de\/wp-json\/wp\/v2\/categories?post=1246793"},{"taxonomy":"post_tag","embeddable":true,"href":"https:\/\/www.europesays.com\/de\/wp-json\/wp\/v2\/tags?post=1246793"}],"curies":[{"name":"wp","href":"https:\/\/api.w.org\/{rel}","templated":true}]}}