{"id":1246864,"date":"2026-08-19T10:43:18","date_gmt":"2026-08-19T10:43:18","guid":{"rendered":"https:\/\/www.europesays.com\/de\/1246864\/"},"modified":"2026-08-19T10:43:18","modified_gmt":"2026-08-19T10:43:18","slug":"berlin-nicht-genug-tickets-verkauft-saengerin-ela-muss-tour-absagen","status":"publish","type":"post","link":"https:\/\/www.europesays.com\/de\/1246864\/","title":{"rendered":"Berlin | Nicht genug Tickets verkauft: S\u00e4ngerin Ela muss Tour absagen"},"content":{"rendered":"<p>Berlin (dpa) &#8211; Die Musikerin Ela Steinmetz (\u00abIrgendwann\u00bb) muss ihre geplante Tour absagen. Die Ticketverk\u00e4ufe h\u00e4tten sich leider nicht so entwickelt, wie sie es sich gew\u00fcnscht h\u00e4tten und wie die Tour es gebraucht habe, um sich zu tragen, sagte die S\u00e4ngerin mit K\u00fcnstlernamen ela. bei Instagram. \u00abNach langem Ringen und K\u00e4mpfen haben wir mit den \u00f6rtlichen Veranstaltern und meinem Team uns dazu entschieden, die Tour leider abzusagen.\u00bb<\/p>\n<p>Steinmetz war 2014 mit der Band Elaiza (\u00abIs It Right\u00bb) f\u00fcr Deutschland beim Eurovision Song Contest (ESC) angetreten. Vor einigen Wochen hatte sie ihr neues Soloalbum \u00abPinke Pl\u00fcschjacke\u00bb ver\u00f6ffentlicht. Im September waren Auftritte in Hamburg, Hannover, K\u00f6ln, Frankfurt, Berlin und Leipzig geplant.<\/p>\n<p>Die Absage sei \u00abnat\u00fcrlich super schade\u00bb, sagte Steinmetz in dem Video, \u00fcber das t-online berichtete. \u00abEs tut voll weh, aber ich wei\u00df, dass es gerade vielen Menschen nicht so gut geht und dass viele Leute gerade versuchen, ihre Kohle irgendwie zusammenzuhalten. Wir leben in Zeiten von Kriegen und Krisen und es ist alles nicht so einfach\u00bb. Sie nehme es niemandem \u00fcbel.<\/p>\n<p>\u00abHoffe auf bessere Zeiten\u00bb<\/p>\n<p>Sie wolle sich bei allen herzlich bedanken, die Tickets gekauft und sie von Anfang an unterst\u00fctzt h\u00e4tten, sagte sie. Die Karten k\u00f6nne man zur\u00fcckgeben und bekomme eine Erstattung. Sie glaube fest daran, dass es vielleicht zu einem anderen Zeitpunkt klappe. \u00abIch find`s schade, aber ich dr\u00fccke euch ganz lieb und hoffe eben auf bessere Zeiten.\u00bb Zuletzt hatte auch S\u00e4nger Gabriel Kelly seine Tour abgesagt, weil nicht genug Tickets verkauft wurden.<\/p>\n","protected":false},"excerpt":{"rendered":"Berlin (dpa) &#8211; Die Musikerin Ela Steinmetz (\u00abIrgendwann\u00bb) muss ihre geplante Tour absagen. Die Ticketverk\u00e4ufe h\u00e4tten sich leider&hellip;\n","protected":false},"author":2,"featured_media":1246865,"comment_status":"","ping_status":"","sticky":false,"template":"","format":"standard","meta":{"footnotes":"","_share_on_mastodon":"0"},"categories":[1841],"tags":[296,1605,3364,29,30,2315,2549,810,1209],"class_list":["post-1246864","post","type-post","status-publish","format-standard","has-post-thumbnail","category-bielefeld","tag-berlin","tag-bielefeld","tag-de","tag-deutschland","tag-germany","tag-konzerte","tag-leute","tag-musik","tag-nordrhein-westfalen"],"share_on_mastodon":{"url":"https:\/\/pubeurope.com\/@de\/117121765017439139","error":""},"_links":{"self":[{"href":"https:\/\/www.europesays.com\/de\/wp-json\/wp\/v2\/posts\/1246864","targetHints":{"allow":["GET"]}}],"collection":[{"href":"https:\/\/www.europesays.com\/de\/wp-json\/wp\/v2\/posts"}],"about":[{"href":"https:\/\/www.europesays.com\/de\/wp-json\/wp\/v2\/types\/post"}],"author":[{"embeddable":true,"href":"https:\/\/www.europesays.com\/de\/wp-json\/wp\/v2\/users\/2"}],"replies":[{"embeddable":true,"href":"https:\/\/www.europesays.com\/de\/wp-json\/wp\/v2\/comments?post=1246864"}],"version-history":[{"count":0,"href":"https:\/\/www.europesays.com\/de\/wp-json\/wp\/v2\/posts\/1246864\/revisions"}],"wp:featuredmedia":[{"embeddable":true,"href":"https:\/\/www.europesays.com\/de\/wp-json\/wp\/v2\/media\/1246865"}],"wp:attachment":[{"href":"https:\/\/www.europesays.com\/de\/wp-json\/wp\/v2\/media?parent=1246864"}],"wp:term":[{"taxonomy":"category","embeddable":true,"href":"https:\/\/www.europesays.com\/de\/wp-json\/wp\/v2\/categories?post=1246864"},{"taxonomy":"post_tag","embeddable":true,"href":"https:\/\/www.europesays.com\/de\/wp-json\/wp\/v2\/tags?post=1246864"}],"curies":[{"name":"wp","href":"https:\/\/api.w.org\/{rel}","templated":true}]}}