{"id":1246883,"date":"2026-08-19T10:54:22","date_gmt":"2026-08-19T10:54:22","guid":{"rendered":"https:\/\/www.europesays.com\/de\/1246883\/"},"modified":"2026-08-19T10:54:22","modified_gmt":"2026-08-19T10:54:22","slug":"die-naechste-rote-linie-iran-prueft-angriffe-auf-us-ziele-in-europa-welche-standorte-teheran-nennt-wallstreetonline","status":"publish","type":"post","link":"https:\/\/www.europesays.com\/de\/1246883\/","title":{"rendered":"Die n\u00e4chste rote Linie: Iran pr\u00fcft Angriffe auf US-Ziele in Europa \u2013 welche Standorte Teheran nennt | wallstreetONLINE"},"content":{"rendered":"<p id=\"newsArticleSummary\">\n        Sollte Donald Trump weiter eskalieren, k\u00f6nnte Teheran den Konflikt geografisch ausweiten. Welche Orte dabei diskutiert werden, macht die Drohung besonders brisant.    <\/p>\n<p>\n  Iran erw\u00e4gt f\u00fcr den Fall einer weiteren Eskalation des Krieges durch Donald Trump offenbar Angriffe auf US-Milit\u00e4rziele in Europa. Nach einem Bericht der Financial Times, auf den sich<br \/>\n  CNBC beruft, wurden Einrichtungen in Bulgarien und Zypern als m\u00f6gliche Ziele diskutiert. Zwei Insider des iranischen Regimes best\u00e4tigten demnach entsprechende \u00dcberlegungen. CNBC<br \/>\n  konnte die Angaben nicht unabh\u00e4ngig verifizieren.\n<\/p>\n<p>\n  Zu den potenziellen Zielen z\u00e4hlt der Luftwaffenst\u00fctzpunkt Bezmer in Bulgarien, den US-Flugzeuge zum Auftanken nutzen k\u00f6nnen. Auch Zypern taucht in den \u00dcberlegungen auf, wo im M\u00e4rz bereits ein<br \/>\n  britischer Luftwaffenst\u00fctzpunkt mutma\u00dflich von einer iranischen Drohne getroffen wurde. Zudem erw\u00e4gt Teheran laut\u00a0Financial Times Angriffe auf Unterwasser-Glasfaserkabel in der Stra\u00dfe<br \/>\n  von Hormus.\n<\/p>\n<p>                                        <a style=\"text-decoration:none;\" href=\"https:\/\/www.wallstreet-online.de\/nachrichten\/autor\/wallstreet-online-redaktion\" rel=\"nofollow noopener\" target=\"_blank\"><br \/>\n                                <img style=\"padding: 0 10px 10px 0;\" class=\"img-fluid d-block loadOnSight\" rel=\"\/\/assets.wallstreet-online.de\/_media\/3278\/nl\/size_59\/bild-2023-07-26-162724843.png\" alt=\"Autor\"\/><\/p>\n<p>                            <\/a><\/p>\n<p>wallstreetONLINE Redaktion<\/p>\n<p>0 Follower                    <\/p>\n<p>                                <img style=\"padding: 0 10px 10px 0;\" class=\"img-fluid d-block loadOnSight\" rel=\"\/\/assets.wallstreet-online.de\/_media\/3278\/nl\/size_59\/bild-2023-07-26-162724843.png\" alt=\"Autor\"\/><\/p>\n<p>\n                            Mehr anzeigen\n                        <\/p>\n<p>Melden Sie sich <a href=\"https:\/\/www.wallstreet-online.de\/newsletter\" target=\"_blank\" rel=\"nofollow noopener\">HIER f\u00fcr den Newsletter der wallstreetONLINE Redaktion an<\/a> &#8211; alle Top-Themen der B\u00f6rsenwoche im \u00dcberblick! Verpassen Sie kein wichtiges Anleger-Thema!&#13;\n<\/p>\n<p>&#13;<br \/>\nF\u00fcr Beitr\u00e4ge auf diesem journalistischen Channel ist die Chefredaktion der wallstreetONLINE Redaktion verantwortlich.<\/p>\n<p>Die Fachjournalisten der wallstreetONLINE Redaktion berichten hier mit ihren Kolleginnen und Kollegen aus den Partnerredaktionen exklusiv, fundiert, ausgewogen sowie unabh\u00e4ngig f\u00fcr den Anleger.<\/p>\n<p>Die Zentralredaktion recherchiert intensiv, um Anlegern der Kategorie Selbstentscheider relevante Informationen f\u00fcr ihre Anlageentscheidungen liefern zu k\u00f6nnen.<\/p>\n<p>NEU: Podcast &#8222;B\u00f6rse, Baby!&#8220;<\/p>\n<p>\n                            Mehr anzeigen\n                        <\/p>\n<p>                        <a href=\"https:\/\/www.wallstreet-online.de\/rss\/nachrichten\/wallstreet-online-redaktion\" title=\"RSS-Feed des Autors wallstreetONLINE Redaktion\" target=\"_blank\" rel=\"nofollow noopener\"><img decoding=\"async\" src=\"https:\/\/assets.wallstreet-online.de\/frontend\/img\/icons\/icons\/rss.svg\" alt=\"RSS Icon\" class=\"imgSvg me-1\" style=\"width:16px;height:16px\"\/><\/a><a style=\"vertical-align:top;\" href=\"https:\/\/www.wallstreet-online.de\/rss\/nachrichten\/wallstreet-online-redaktion\" title=\"RSS-Feed des Autors wallstreetONLINE Redaktion\" target=\"_blank\" class=\"text-subdued-alpha\" rel=\"nofollow noopener\">RSS-Feed abonnieren<\/a><\/p>\n","protected":false},"excerpt":{"rendered":"Sollte Donald Trump weiter eskalieren, k\u00f6nnte Teheran den Konflikt geografisch ausweiten. Welche Orte dabei diskutiert werden, macht die&hellip;\n","protected":false},"author":2,"featured_media":1246884,"comment_status":"","ping_status":"","sticky":false,"template":"","format":"standard","meta":{"footnotes":"","_share_on_mastodon":"0"},"categories":[3933],"tags":[331,332,548,663,158,3934,3935,13,258277,258280,258278,186871,14,15,1510,1124,1125,12,258281,29839,258279],"class_list":["post-1246883","post","type-post","status-publish","format-standard","has-post-thumbnail","category-eu","tag-aktuelle-nachrichten","tag-aktuelle-news","tag-eu","tag-europa","tag-europaeische-union","tag-europe","tag-european-union","tag-headlines","tag-iran-eu-stuetzpunkte","tag-iran-europa","tag-iran-sanktionen","tag-iran-krieg","tag-nachrichten","tag-news","tag-oel","tag-oelpreis","tag-rohoel","tag-schlagzeilen","tag-strait-of-hormuz","tag-strasse-von-hormus","tag-trump-iran"],"share_on_mastodon":{"url":"https:\/\/pubeurope.com\/@de\/117121809990735919","error":""},"_links":{"self":[{"href":"https:\/\/www.europesays.com\/de\/wp-json\/wp\/v2\/posts\/1246883","targetHints":{"allow":["GET"]}}],"collection":[{"href":"https:\/\/www.europesays.com\/de\/wp-json\/wp\/v2\/posts"}],"about":[{"href":"https:\/\/www.europesays.com\/de\/wp-json\/wp\/v2\/types\/post"}],"author":[{"embeddable":true,"href":"https:\/\/www.europesays.com\/de\/wp-json\/wp\/v2\/users\/2"}],"replies":[{"embeddable":true,"href":"https:\/\/www.europesays.com\/de\/wp-json\/wp\/v2\/comments?post=1246883"}],"version-history":[{"count":0,"href":"https:\/\/www.europesays.com\/de\/wp-json\/wp\/v2\/posts\/1246883\/revisions"}],"wp:featuredmedia":[{"embeddable":true,"href":"https:\/\/www.europesays.com\/de\/wp-json\/wp\/v2\/media\/1246884"}],"wp:attachment":[{"href":"https:\/\/www.europesays.com\/de\/wp-json\/wp\/v2\/media?parent=1246883"}],"wp:term":[{"taxonomy":"category","embeddable":true,"href":"https:\/\/www.europesays.com\/de\/wp-json\/wp\/v2\/categories?post=1246883"},{"taxonomy":"post_tag","embeddable":true,"href":"https:\/\/www.europesays.com\/de\/wp-json\/wp\/v2\/tags?post=1246883"}],"curies":[{"name":"wp","href":"https:\/\/api.w.org\/{rel}","templated":true}]}}