{"id":1246887,"date":"2026-08-19T10:56:19","date_gmt":"2026-08-19T10:56:19","guid":{"rendered":"https:\/\/www.europesays.com\/de\/1246887\/"},"modified":"2026-08-19T10:56:19","modified_gmt":"2026-08-19T10:56:19","slug":"ein-taucher-aus-der-ukraine-nord-stream-anschlaege-zweiter-verdaechtiger-festgenommen","status":"publish","type":"post","link":"https:\/\/www.europesays.com\/de\/1246887\/","title":{"rendered":"Ein Taucher aus der Ukraine: Nord-Stream-Anschl\u00e4ge: Zweiter Verd\u00e4chtiger festgenommen"},"content":{"rendered":"<p>Ein Taucher aus der UkraineNord-Stream-Anschl\u00e4ge: Zweiter Verd\u00e4chtiger festgenommen<\/p>\n<p>19.08.2026, 11:23 Uhr <\/p>\n<p>Artikel anh\u00f6ren(00:51 min)<\/p>\n<p><img decoding=\"async\" class=\"Image_img__fQCi0 Image_Img_16_9__4BLfH widget-picture-inline_maximizable__t_E7h\" loading=\"eager\" fetchpriority=\"high\" src=\"https:\/\/www.europesays.com\/de\/wp-content\/uploads\/2026\/08\/HANDOUT-Das-vom-daenischen-Verteidigungskommando-zur-Verfuegung-gestellte-Foto-zeigt-das-Nord-Stream.webp\" alt=\"HANDOUT-Das-vom-daenischen-Verteidigungskommando-zur-Verfuegung-gestellte-Foto-zeigt-das-Nord-Stream-2-Gasleck-in-der-Naehe-von-Bornholm-aus-der-Luft-Russland-besteht-nach-Medienberichten-ueber-eine-moegliche-ukrainische-Spur-bei-den-Explosionen-an-den-Ostseepipelines-Nord-Stream-1-und-2-auf-einer-Aufklaerung-des-Anschlags-Es-muesse-eine-transparente-internationale-und-dringliche-Untersuchung-dessen-erfolgen-was-jetzt-vor-sich-geht-sagte-Regierungssprecher-Peskow-am-Donnerstag-mit-Blick-auf-Medienberichte-ueber-eine-moegliche-Beteiligung-von-Ukrainern-an-dem-Anschlag\"\/>September 2022: Das Nord-Stream-Gasleck in der N\u00e4he von Bornholm. (Foto: picture alliance\/dpa\/Danish Defence Command)<\/p>\n<p class=\"Typography_text-m__XI0da Typography_weight-bold__uT6mq storyline_lead_text_leadtext__q_wg8\">Es gibt offenbar einen weiteren Fahndungserfolg im Zusammenhang mit den Anschl\u00e4gen auf die Nord-Stream-Pipelines. Wie die Bundesanwaltschaft mitteilt, wird ein weiterer Ukrainer festgenommen &#8211; diesmal in Kroatien.<\/p>\n<p class=\"Typography_text-default__P3otY Typography_weight-normal__pqUbH storyline_paragraph_p__qSR5N\">Vier Jahre nach den Anschl\u00e4gen auf die Nord-Stream-Pipelines ist ein zweiter Tatverd\u00e4chtiger festgenommen worden. Es handelt sich um einen ausgebildeten Taucher aus der Ukraine, wie die Bundesanwaltschaft in Karlsruhe mitteilte. Vladimir Z. wurde demnach auf Grundlage eines Europ\u00e4ischen Haftbefehls in Kroatien gefasst. Ihm wird unter anderem das gemeinschaftliche Herbeif\u00fchren einer Sprengstoffexplosion vorgeworfen.<\/p>\n<p class=\"Typography_text-default__P3otY Typography_weight-normal__pqUbH storyline_paragraph_p__qSR5N\">Bei den Anschl\u00e4gen im September 2022 waren die Nord-Stream-Leitungen, die f\u00fcr den Transport von russischem Gas nach Deutschland gebaut worden waren, durch Sprengs\u00e4tze schwer besch\u00e4digt worden. Sie waren zu dem Zeitpunkt nicht in Betrieb. Russland hatte die Gaslieferungen \u00fcber Nord Stream 1 bereits kurz zuvor gestoppt, mutma\u00dflich als Reaktion auf die westlichen Sanktionen angesichts des russischen Einmarschs in die Ukraine. Nord Stream 2 ging nie in Betrieb.<\/p>\n<p class=\"Typography_text-default__P3otY Typography_weight-normal__pqUbH storyline_paragraph_p__qSR5N\">Eine erste Festnahme in dem Fall gab es im August 2025. Damals wurde ein fr\u00fcherer ukrainischer Offizier, Serhii K., im Urlaub in Italien gefasst und sp\u00e4ter nach Deutschland ausgeliefert. Ende Juni klagte ihn die Bundesanwaltschaft als Mitt\u00e4ter eines Kriegsverbrechens des Angriffs gegen zivile Objekte an, au\u00dferdem wegen des Herbeif\u00fchrens einer Sprengstoffexplosion, der Zerst\u00f6rung von Bauwerken und der St\u00f6rung \u00f6ffentlicher Betriebe.<\/p>\n<p class=\"Typography_text-default__P3otY Typography_weight-normal__pqUbH storyline_paragraph_p__qSR5N\">Dem Ukrainer Z. wird nun des gemeinschaftlichen Herbeif\u00fchrens einer Sprengstoffexplosion, der verfassungsfeindlichen Sabotage sowie der Zerst\u00f6rung von Bauwerken dringend verd\u00e4chtigt. Er sollte nach seiner \u00dcberstellung aus Kroatien dem Ermittlungsrichter des Bundesgerichtshofs vorgef\u00fchrt werden, der \u00fcber die Untersuchungshaft entscheidet.<\/p>\n<p class=\"Typography_text-default__P3otY Typography_weight-normal__pqUbH storyline_paragraph_p__qSR5N\">Die Bundesanwaltschaft in Deutschland vermutet staatliche ukrainische Stellen hinter den Anschl\u00e4gen auf die Nord-Stream-Pipelines. Die Generalstaatsanwaltschaft in Kiew weist dies zur\u00fcck. Bislang gebe es keine Hinweise darauf, dass die Ukraine, ihre Beh\u00f6rden oder einzelne Amtstr\u00e4ger an den Explosionen in der Ostsee im September 2022 beteiligt gewesen seien oder entsprechende Anweisungen erteilt h\u00e4tten, erkl\u00e4rte die Strafverfolgungsbeh\u00f6rde Anfang Juli. F\u00fcr weitere Untersuchungen schlug sie die Einrichtung einer gemeinsamen Ermittlungsgruppe mit Deutschland vor. Die Ermittlungen seien noch nicht abgeschlossen, und Erkenntnisse w\u00fcrden weiterhin gesammelt und gepr\u00fcft.<\/p>\n<p class=\"Typography_text-s__wu_cm Typography_weight-normal__pqUbH Typography_color-darkgrey__sZEnP article-detail-footer_source__KslPc\">Quelle: ntv.de, gh\u00f6\/AFP\/rts<\/p>\n","protected":false},"excerpt":{"rendered":"Ein Taucher aus der UkraineNord-Stream-Anschl\u00e4ge: Zweiter Verd\u00e4chtiger festgenommen 19.08.2026, 11:23 Uhr Artikel anh\u00f6ren(00:51 min) September 2022: Das Nord-Stream-Gasleck&hellip;\n","protected":false},"author":2,"featured_media":1246888,"comment_status":"","ping_status":"","sticky":false,"template":"","format":"standard","meta":{"footnotes":"","_share_on_mastodon":"0"},"categories":[5],"tags":[331,332,15728,3364,29,30,13,929,14,15,49882,16,12,317],"class_list":["post-1246887","post","type-post","status-publish","format-standard","has-post-thumbnail","category-nachrichten","tag-aktuelle-nachrichten","tag-aktuelle-news","tag-attentate","tag-de","tag-deutschland","tag-germany","tag-headlines","tag-kriege-und-konflikte","tag-nachrichten","tag-news","tag-nord-stream","tag-politik","tag-schlagzeilen","tag-ukraine"],"share_on_mastodon":{"url":"","error":""},"_links":{"self":[{"href":"https:\/\/www.europesays.com\/de\/wp-json\/wp\/v2\/posts\/1246887","targetHints":{"allow":["GET"]}}],"collection":[{"href":"https:\/\/www.europesays.com\/de\/wp-json\/wp\/v2\/posts"}],"about":[{"href":"https:\/\/www.europesays.com\/de\/wp-json\/wp\/v2\/types\/post"}],"author":[{"embeddable":true,"href":"https:\/\/www.europesays.com\/de\/wp-json\/wp\/v2\/users\/2"}],"replies":[{"embeddable":true,"href":"https:\/\/www.europesays.com\/de\/wp-json\/wp\/v2\/comments?post=1246887"}],"version-history":[{"count":0,"href":"https:\/\/www.europesays.com\/de\/wp-json\/wp\/v2\/posts\/1246887\/revisions"}],"wp:featuredmedia":[{"embeddable":true,"href":"https:\/\/www.europesays.com\/de\/wp-json\/wp\/v2\/media\/1246888"}],"wp:attachment":[{"href":"https:\/\/www.europesays.com\/de\/wp-json\/wp\/v2\/media?parent=1246887"}],"wp:term":[{"taxonomy":"category","embeddable":true,"href":"https:\/\/www.europesays.com\/de\/wp-json\/wp\/v2\/categories?post=1246887"},{"taxonomy":"post_tag","embeddable":true,"href":"https:\/\/www.europesays.com\/de\/wp-json\/wp\/v2\/tags?post=1246887"}],"curies":[{"name":"wp","href":"https:\/\/api.w.org\/{rel}","templated":true}]}}