{"id":1246905,"date":"2026-08-19T11:06:22","date_gmt":"2026-08-19T11:06:22","guid":{"rendered":"https:\/\/www.europesays.com\/de\/1246905\/"},"modified":"2026-08-19T11:06:22","modified_gmt":"2026-08-19T11:06:22","slug":"kameradin-vergewaltigt-berufssoldat-weist-vorwurf-zurueck","status":"publish","type":"post","link":"https:\/\/www.europesays.com\/de\/1246905\/","title":{"rendered":"Kameradin vergewaltigt? Berufssoldat weist Vorwurf zur\u00fcck"},"content":{"rendered":"<p>        <img decoding=\"async\" src=\"https:\/\/www.europesays.com\/de\/wp-content\/uploads\/2026\/08\/hannover17938.webp\" alt=\"Das Landgericht Hannover\" title=\"Das Landgericht Hannover | NDR, Paola Mester\" class=\"responsive\"\/><\/p>\n<p>AUDIO: Prozessauftakt: Soldat soll Kameradin vergewaltigt haben (1 Min)<\/p>\n<p>\n                Stand: 19.08.2026 12:50 Uhr<\/p>\n<p class=\"preface\">Ein Bundeswehrsoldat muss sich vor dem Landgericht Hannover wegen des Vorwurfs der Vergewaltigung verantworten. Die Tat soll sich auf einer Weihnachtsfeier in einer Bundeswehr-Kaserne in Hannover ereignet haben.<\/p>\n<p class=\"\">Zum Prozessauftakt am Mittwoch sagte der 41-j\u00e4hrige Angeklagte zwar nicht selbst aus, lies aber \u00fcber seinen Anwalt eine Erkl\u00e4rung abgeben. Darin r\u00e4umte er ein, dass es auf der Weihnachtsfeier vor zwei Jahren zum Oralverkehr zwischen ihm und seiner Kameradin gekommen sei. Der Angeklagte behauptet, dass das Ganze einvernehmlich geschehen sei.<\/p>\n<p>    Opfer hatte H\u00e4matome an Hals und K\u00f6rper<\/p>\n<p class=\"\">Die Staatsanwaltschaft wirft dem 41-J\u00e4hrigen dagegen vor, dass er seiner Kameradin vor dem Toilettenwagen auf dem Kasernengel\u00e4nde aufgelauert habe. Als die Frau die T\u00fcr ge\u00f6ffnet habe, habe er sie mit Gewalt in die Kabine zur\u00fcckgedr\u00e4ngt, sie teilweise ausgezogen und sie dann zum Oralverkehr gezwungen. Dabei habe die Frau auch mehrere H\u00e4matome an Hals und K\u00f6rper davongetragen, so die Staatsanwaltschaft. Aus Sicht der Verteidigung sind die Verletzungen allerdings kein Beleg daf\u00fcr, dass der 41-J\u00e4hrige seine Kameradin zum Sex gezwungen hat.<\/p>\n<p class=\"\">Das Opfer sagte auch zum Prozessauftakt aus &#8211; allerdings unter Ausschluss der \u00d6ffentlichkeit. Ein Urteil in dem Verfahren. In dem Prozess sind bislang f\u00fcnf Fortsetzungstermine geplant, ein Urteil wird in der kommenden Woche erwartet.<\/p>\n<p>        <img decoding=\"async\" src=\"https:\/\/www.europesays.com\/de\/wp-content\/uploads\/2026\/08\/nurjaheisstja-102.webp\" alt=\"Ein Aufkleber mit &quot;Nur Ja hei\u00dft Ja&quot; h\u00e4ngt an einem Laternenmast.\" title=\"Ein Aufkleber mit &quot;Nur Ja hei\u00dft Ja&quot; h\u00e4ngt an einem Laternenmast. | picture alliance\/CHROMORANGE, Christian Ohde\" class=\"responsive\" loading=\"lazy\"\/><\/p>\n<p>Nach dem Fall Gnarrenburg hat der NDR mit einer Juristin der Leibniz Uni Hannover \u00fcber sexualisierte Gewalt gesprochen.<\/p>\n<p>        <img decoding=\"async\" src=\"https:\/\/www.europesays.com\/de\/wp-content\/uploads\/2026\/08\/justitia154.webp\" alt=\"Die Statue Justitia ist im Amtsgericht Hannover zu sehen.\" title=\"Die Statue Justitia ist im Amtsgericht Hannover zu sehen. | picture alliance\/dpa, Peter Steffen\" class=\"responsive\" loading=\"lazy\"\/><\/p>\n<p>Der Unwille des M\u00e4dchens sei aus den Beweismitteln nicht ersichtlich gewesen. Die &#8220; Nur Ja hei\u00dft Ja&#8220;-Regel gilt in Deutschland nicht.<\/p>\n","protected":false},"excerpt":{"rendered":"AUDIO: Prozessauftakt: Soldat soll Kameradin vergewaltigt haben (1 Min) Stand: 19.08.2026 12:50 Uhr Ein Bundeswehrsoldat muss sich vor&hellip;\n","protected":false},"author":2,"featured_media":1246906,"comment_status":"","ping_status":"","sticky":false,"template":"","format":"standard","meta":{"footnotes":"","_share_on_mastodon":"0"},"categories":[1836],"tags":[258075,685,3364,29,30,46,22237,48935,1411,1269,1921],"class_list":["post-1246905","post","type-post","status-publish","format-standard","has-post-thumbnail","category-hannover","tag-berufssoldat","tag-bundeswehr","tag-de","tag-deutschland","tag-germany","tag-hannover","tag-kameradin","tag-kaserne","tag-niedersachsen","tag-prozess","tag-vergewaltigung"],"share_on_mastodon":{"url":"https:\/\/pubeurope.com\/@de\/117121858794225842","error":""},"_links":{"self":[{"href":"https:\/\/www.europesays.com\/de\/wp-json\/wp\/v2\/posts\/1246905","targetHints":{"allow":["GET"]}}],"collection":[{"href":"https:\/\/www.europesays.com\/de\/wp-json\/wp\/v2\/posts"}],"about":[{"href":"https:\/\/www.europesays.com\/de\/wp-json\/wp\/v2\/types\/post"}],"author":[{"embeddable":true,"href":"https:\/\/www.europesays.com\/de\/wp-json\/wp\/v2\/users\/2"}],"replies":[{"embeddable":true,"href":"https:\/\/www.europesays.com\/de\/wp-json\/wp\/v2\/comments?post=1246905"}],"version-history":[{"count":0,"href":"https:\/\/www.europesays.com\/de\/wp-json\/wp\/v2\/posts\/1246905\/revisions"}],"wp:featuredmedia":[{"embeddable":true,"href":"https:\/\/www.europesays.com\/de\/wp-json\/wp\/v2\/media\/1246906"}],"wp:attachment":[{"href":"https:\/\/www.europesays.com\/de\/wp-json\/wp\/v2\/media?parent=1246905"}],"wp:term":[{"taxonomy":"category","embeddable":true,"href":"https:\/\/www.europesays.com\/de\/wp-json\/wp\/v2\/categories?post=1246905"},{"taxonomy":"post_tag","embeddable":true,"href":"https:\/\/www.europesays.com\/de\/wp-json\/wp\/v2\/tags?post=1246905"}],"curies":[{"name":"wp","href":"https:\/\/api.w.org\/{rel}","templated":true}]}}