{"id":1246977,"date":"2026-08-19T11:50:15","date_gmt":"2026-08-19T11:50:15","guid":{"rendered":"https:\/\/www.europesays.com\/de\/1246977\/"},"modified":"2026-08-19T11:50:15","modified_gmt":"2026-08-19T11:50:15","slug":"ukraine-mitarbeiterin-von-selenskyj-soll-in-korruptionsfall-verwickelt-sein","status":"publish","type":"post","link":"https:\/\/www.europesays.com\/de\/1246977\/","title":{"rendered":"Ukraine: Mitarbeiterin von Selenskyj soll in Korruptionsfall verwickelt sein"},"content":{"rendered":"<p class=\"paragraph article__item\">Antikorruptionsbeh\u00f6rden in der <a class=\"rtr-entity\" href=\"https:\/\/www.zeit.de\/politik\/ausland\/ukraine-krieg-news-liveblog\" rel=\"nofollow noopener\" target=\"_blank\">Ukraine<\/a> haben eine Gro\u00dfrazzia gegen Politiker und hochrangige Funktion\u00e4re gestartet. Das nationale Antikorruptionsb\u00fcro teilte mit, dass man eine \u00bbSonderoperation zur Aufdeckung einer kriminellen Organisation\u00ab durchf\u00fchre, die unter Leitung eines amtierenden und eines ehemaligen Parlamentsabgeordneten agiert haben soll. Beteiligt sein sollen au\u00dferdem \u00bbhochrangige Mitarbeiter des B\u00fcros des Pr\u00e4sidenten der Ukraine\u00ab sowie weitere Personen.\n<\/p>\n<p class=\"paragraph article__item\">Der Abgeordnete Wadym Stolar best\u00e4tigte in einem Post auf Facebook, dass er von den Durchsuchungen betroffen sei. Er kooperiere mit den Ermittlern, schrieb er. Ukrainische Medien berichteten \u00fcbereinstimmend, die Ermittlungen richteten sich au\u00dferdem gegen Iryna Mudra, eine stellvertretende Leiterin des Pr\u00e4sidentenb\u00fcros.\u00a0\n<\/p>\n<p class=\"paragraph article__item\">Auf der Website von Pr\u00e4sident <a class=\"rtr-entity\" href=\"https:\/\/www.zeit.de\/thema\/wolodymyr-selenskyj\" rel=\"nofollow noopener\" target=\"_blank\">Wolodymyr Selenskyj<\/a> wurde die Entlassung Mudras bekannt gegeben. Ein Grund daf\u00fcr wurde nicht genannt.\u00a0\n<\/p>\n<p class=\"paragraph article__item\">In einem Video auf YouTube verk\u00fcndeten die Antikorruptionsbeh\u00f6rden, dass sie eine Gruppe aufgedeckt h\u00e4tten, die 150 Millionen Hrywnja (umgerechnet etwa 2,9 Millionen Euro) gewaschen haben sollen. Beteiligt seien eine stellvertretende Leiterin des Pr\u00e4sidentenb\u00fcros, ein ehemaliger Abgeordneter sowie F\u00fchrungskr\u00e4fte einer Bank im Staatsbesitz und weitere. Namen nannten die Beh\u00f6rden nicht.\u00a0\n<\/p>\n<p class=\"paragraph article__item\">Mit dem Geld sei Kaution f\u00fcr einen Verd\u00e4chtigen in einem fr\u00fcheren Korruptionsfall im Energiesektor bezahlt worden. Dieser von den Ermittlern \u00bbOperation Midas\u00ab genannte Fall <a href=\"https:\/\/www.zeit.de\/2026\/23\/korruptionsaffaere-ukraine-operation-midas-timur-minditsch-herman-haluschtschenko\" target=\"_blank\" rel=\"nofollow noopener\">besch\u00e4ftigt das Land schon l\u00e4nger<\/a>.\n<\/p>\n<p>            Parlament hat neuen Verteidigungsminister gew\u00e4hlt            <\/p>\n<p class=\"paragraph article__item\">Die Razzien d\u00fcrften den Druck auf Pr\u00e4sident Wolodymyr Selenskyj erh\u00f6ht haben. F\u00fcr Selenskyj stand an diesem Mittwoch ein wichtiger Termin an, der sich aber zu seinen Gunsten entwickelte: Das ukrainische Parlament hatte \u00fcber den neuen Verteidigungsminister abzustimmen. Mit \u2060dem Votum will Selenskyj den \u200bUmbau seines Sicherheitskabinetts abschlie\u00dfen. Als neuen Verteidigungsminister hatte er Jewhenij Chmara vorgeschlagen, der das Amt seit dem Ausscheiden von Vorg\u00e4nger Mychailo Fedorow bereits kommissarisch innehat. 312 Abgeordnete stimmten f\u00fcr Selenskyjs Kandidaten Chmara \u2013 und damit deutlich mehr als die mindestens 226 notwendigen Stimmen.\n<\/p>\n<p class=\"paragraph article__item\"><a href=\"https:\/\/www.zeit.de\/politik\/ausland\/2026-07\/ruecktritt-mychailo-fedorow-ukrainischer-verteidigungsminister-regierungsumbau\" target=\"_blank\" rel=\"nofollow noopener\">Fedorows Absetzung<\/a>\u00a0hatte zu tagelangen Protesten im Land gef\u00fchrt. Allein in Kyjiw gingen Tausende Menschen auf die Stra\u00dfe und forderten seine Wiedereinsetzung. Der Demission Fedorows waren monatelange Konflikte mit der Armeef\u00fchrung vorausgegangen. Fedorow<br \/>\n warf dieser vor, seine Reformvorhaben zu blockieren. Selenskyj entlie\u00df<br \/>\nwenige Tage sp\u00e4ter auch Armeechef Oleksandr Syrskyj und ersetzte ihn<br \/>\ndurch den als reformorientiert geltenden Fedorow-Verb\u00fcndeten Mychailo Drapatyj.\n<\/p>\n<p>                            \u00a9\u00a0Lea Dohle<\/p>\n<p>\n                                        Newsletter<br \/>\n                                        Was jetzt? \u2013 Der t\u00e4gliche Morgen\u00fcberblick<\/p>\n<p class=\"newsletter-signup__text\">Starten Sie mit unserem kurzen Nachrichten-Newsletter in den Tag. Erhalten Sie zudem freitags das digitale Magazin ZEIT am Wochenende.<\/p>\n<p class=\"newsletter-signup__datapolicy\" hidden=\"\">\n            Mit Ihrer Registrierung nehmen Sie die <a href=\"https:\/\/datenschutz.zeit.de\/zon#Newsletter\" target=\"_blank\" rel=\"nofollow noopener\">Datenschutzerkl\u00e4rung<\/a> zur Kenntnis.\n        <\/p>\n<p>    Vielen Dank! Wir haben Ihnen eine E-Mail geschickt.<\/p>\n<p>Pr\u00fcfen Sie Ihr Postfach und best\u00e4tigen Sie das Newsletter-Abonnement.<\/p>\n<p class=\"paragraph article__item\">Die ukrainischen Antikorruptionsbeh\u00f6rden haben ihr Vorgehen<br \/>\ngegen Bestechlichkeit im Staatsapparat w\u00e4hrend des \u200cKrieges<br \/>\nversch\u00e4rft. Dies gilt als eine der wichtigsten Voraussetzungen<br \/>\nf\u00fcr den \u200bangestrebten Beitritt der Ukraine zur Europ\u00e4ischen<br \/>\nUnion.\n<\/p>\n<p>Mehr zum Thema<\/p>\n<p>            Ukraine        <\/p>\n<p>                <a href=\"https:\/\/www.zeit.de\/politik\/ausland\/2026-08\/drohnenangriff-wildberries-ukraine-russland-onlinehaendler\" data-ct-label=\"Drohnenangriffe auf Wildberries: Ihre Zukunft soll in Flammen stehen\" data-uuid=\"ad92b8bb-60c1-433d-84d2-073b3c980426\" rel=\"nofollow noopener\" target=\"_blank\"><\/p>\n<p>        Z+ (abopflichtiger Inhalt);<\/p>\n<p>    Drohnenangriffe auf Wildberries:<br \/>\n                        Ihre Zukunft soll in Flammen stehen<\/p>\n<p>                <\/a><\/p>\n<p>                <a href=\"https:\/\/www.zeit.de\/2026\/33\/mychajlo-drapatyj-oberbefehlshaber-ukrainische-armee-militaer\" data-ct-label=\"Mychajlo Drapatyj: Sie hoffen, dass er das Sterben beenden kann\" data-uuid=\"1bb4b7a3-d426-49cc-baab-34b401370cd9\" rel=\"nofollow noopener\" target=\"_blank\"><\/p>\n<p>        Z+ (abopflichtiger Inhalt);<\/p>\n<p>    Mychajlo Drapatyj:<br \/>\n                        Sie hoffen, dass er das Sterben beenden kann<\/p>\n<p>                <\/a><\/p>\n<p>                <a href=\"https:\/\/www.zeit.de\/2026\/33\/ukrainischer-angriff-kaspisches-meer-iran-frachter-russland\" data-ct-label=\"Ukrainischer Angriff im Kaspischen Meer: Warum die Ukraine einen iranischen Frachter angriff\" data-uuid=\"4f2dcc5e-8bbe-4361-96a4-6c15fc475d2f\" rel=\"nofollow noopener\" target=\"_blank\"><\/p>\n<p>        Z+ (abopflichtiger Inhalt);<\/p>\n<p>    Ukrainischer Angriff im Kaspischen Meer:<br \/>\n                        Warum die Ukraine einen iranischen Frachter angriff<\/p>\n<p>                <\/a><\/p>\n","protected":false},"excerpt":{"rendered":"Antikorruptionsbeh\u00f6rden in der Ukraine haben eine Gro\u00dfrazzia gegen Politiker und hochrangige Funktion\u00e4re gestartet. Das nationale Antikorruptionsb\u00fcro teilte mit,&hellip;\n","protected":false},"author":2,"featured_media":1246978,"comment_status":"","ping_status":"","sticky":false,"template":"","format":"standard","meta":{"footnotes":"","_share_on_mastodon":"0"},"categories":[3],"tags":[587,13,324,1435,14,15,10565,16,12,10,8,9,11,317,686,103,107,104],"class_list":["post-1246977","post","type-post","status-publish","format-standard","has-post-thumbnail","category-welt","tag-ermittlung","tag-headlines","tag-korruption","tag-krieg-in-der-ukraine","tag-nachrichten","tag-news","tag-parlament","tag-politik","tag-schlagzeilen","tag-top-news","tag-top-meldungen","tag-topmeldungen","tag-topnews","tag-ukraine","tag-verteidigungspolitik","tag-welt","tag-wolodymyr-selenskyj","tag-world"],"share_on_mastodon":{"url":"https:\/\/pubeurope.com\/@de\/117122028991855551","error":""},"_links":{"self":[{"href":"https:\/\/www.europesays.com\/de\/wp-json\/wp\/v2\/posts\/1246977","targetHints":{"allow":["GET"]}}],"collection":[{"href":"https:\/\/www.europesays.com\/de\/wp-json\/wp\/v2\/posts"}],"about":[{"href":"https:\/\/www.europesays.com\/de\/wp-json\/wp\/v2\/types\/post"}],"author":[{"embeddable":true,"href":"https:\/\/www.europesays.com\/de\/wp-json\/wp\/v2\/users\/2"}],"replies":[{"embeddable":true,"href":"https:\/\/www.europesays.com\/de\/wp-json\/wp\/v2\/comments?post=1246977"}],"version-history":[{"count":0,"href":"https:\/\/www.europesays.com\/de\/wp-json\/wp\/v2\/posts\/1246977\/revisions"}],"wp:featuredmedia":[{"embeddable":true,"href":"https:\/\/www.europesays.com\/de\/wp-json\/wp\/v2\/media\/1246978"}],"wp:attachment":[{"href":"https:\/\/www.europesays.com\/de\/wp-json\/wp\/v2\/media?parent=1246977"}],"wp:term":[{"taxonomy":"category","embeddable":true,"href":"https:\/\/www.europesays.com\/de\/wp-json\/wp\/v2\/categories?post=1246977"},{"taxonomy":"post_tag","embeddable":true,"href":"https:\/\/www.europesays.com\/de\/wp-json\/wp\/v2\/tags?post=1246977"}],"curies":[{"name":"wp","href":"https:\/\/api.w.org\/{rel}","templated":true}]}}