{"id":1247010,"date":"2026-08-19T12:14:19","date_gmt":"2026-08-19T12:14:19","guid":{"rendered":"https:\/\/www.europesays.com\/de\/1247010\/"},"modified":"2026-08-19T12:14:19","modified_gmt":"2026-08-19T12:14:19","slug":"berlin-spd-fraktionsmanager-gegen-sonderparteitag","status":"publish","type":"post","link":"https:\/\/www.europesays.com\/de\/1247010\/","title":{"rendered":"Berlin | SPD-Fraktionsmanager gegen Sonderparteitag"},"content":{"rendered":"<p>Debatte um Parteif\u00fchrung<\/p>\n<p>Berlin (dpa) &#8211; Der Parlamentarische Gesch\u00e4ftsf\u00fchrer der SPD-Fraktion, Dirk Wiese, lehnt einen Sonderparteitag zur Neuwahl der SPD-Spitze klar ab. \u00abEinen Sonderparteitag halte ich f\u00fcr pure Selbstbesch\u00e4ftigung\u00bb, sagte Wiese. Diese Forderung sei gerade nicht nachvollziehbar: Die Partei sei im Wahlkampf f\u00fcr die Landtagswahlen, die Fraktion bereite das zweite Halbjahr vor. Er werde sich deshalb kein Wochenende im Herbst freihalten.\u00a0<\/p>\n<p>In der SPD-Parteibasis gibt es Forderungen, bei einem Sonderparteitag nach den Landtagswahlen im Herbst die Parteif\u00fchrung neu zu w\u00e4hlen. Lars Klingbeil und B\u00e4rbel Bas m\u00fcssten sich entscheiden, ob sie Parteichefs oder Minister sein wollten &#8211; beides gehe nicht.<\/p>\n<p>\u00a9 dpa-infocom, dpa:260819-930-552205\/1<\/p>\n","protected":false},"excerpt":{"rendered":"Debatte um Parteif\u00fchrung Berlin (dpa) &#8211; Der Parlamentarische Gesch\u00e4ftsf\u00fchrer der SPD-Fraktion, Dirk Wiese, lehnt einen Sonderparteitag zur Neuwahl&hellip;\n","protected":false},"author":2,"featured_media":1247011,"comment_status":"","ping_status":"","sticky":false,"template":"","format":"standard","meta":{"footnotes":"","_share_on_mastodon":"0"},"categories":[1841],"tags":[1605,3364,29,30,1209,2403,184],"class_list":["post-1247010","post","type-post","status-publish","format-standard","has-post-thumbnail","category-bielefeld","tag-bielefeld","tag-de","tag-deutschland","tag-germany","tag-nordrhein-westfalen","tag-partei","tag-spd"],"share_on_mastodon":{"url":"https:\/\/pubeurope.com\/@de\/117122122818506724","error":""},"_links":{"self":[{"href":"https:\/\/www.europesays.com\/de\/wp-json\/wp\/v2\/posts\/1247010","targetHints":{"allow":["GET"]}}],"collection":[{"href":"https:\/\/www.europesays.com\/de\/wp-json\/wp\/v2\/posts"}],"about":[{"href":"https:\/\/www.europesays.com\/de\/wp-json\/wp\/v2\/types\/post"}],"author":[{"embeddable":true,"href":"https:\/\/www.europesays.com\/de\/wp-json\/wp\/v2\/users\/2"}],"replies":[{"embeddable":true,"href":"https:\/\/www.europesays.com\/de\/wp-json\/wp\/v2\/comments?post=1247010"}],"version-history":[{"count":0,"href":"https:\/\/www.europesays.com\/de\/wp-json\/wp\/v2\/posts\/1247010\/revisions"}],"wp:featuredmedia":[{"embeddable":true,"href":"https:\/\/www.europesays.com\/de\/wp-json\/wp\/v2\/media\/1247011"}],"wp:attachment":[{"href":"https:\/\/www.europesays.com\/de\/wp-json\/wp\/v2\/media?parent=1247010"}],"wp:term":[{"taxonomy":"category","embeddable":true,"href":"https:\/\/www.europesays.com\/de\/wp-json\/wp\/v2\/categories?post=1247010"},{"taxonomy":"post_tag","embeddable":true,"href":"https:\/\/www.europesays.com\/de\/wp-json\/wp\/v2\/tags?post=1247010"}],"curies":[{"name":"wp","href":"https:\/\/api.w.org\/{rel}","templated":true}]}}