{"id":1247037,"date":"2026-08-19T12:29:28","date_gmt":"2026-08-19T12:29:28","guid":{"rendered":"https:\/\/www.europesays.com\/de\/1247037\/"},"modified":"2026-08-19T12:29:28","modified_gmt":"2026-08-19T12:29:28","slug":"firmenschliessungen-2025-deutschland-verliert-zu-viele-gesunde-betriebe","status":"publish","type":"post","link":"https:\/\/www.europesays.com\/de\/1247037\/","title":{"rendered":"Firmenschlie\u00dfungen 2025: Deutschland verliert zu viele gesunde Betriebe"},"content":{"rendered":"<p><a title=\"Firmenschlie\u00dfungen\" href=\"https:\/\/neue-gladbecker-zeitung.de\/firmenschliessungen-2025-deutschland-verliert-zu-viele-gesunde-betriebe\/firmenschliessungen-zew_ergebnis\/\" rel=\"nofollow noopener\" target=\"_blank\"><img fetchpriority=\"high\" width=\"678\" height=\"381\" src=\"https:\/\/www.europesays.com\/de\/wp-content\/uploads\/2026\/08\/Firmenschliessungen-ZEW_ergebnis.webp\" class=\"attachment-mh-magazine-content size-mh-magazine-content wp-post-image\" alt=\"Firmenschlie\u00dfungen 2025 in Deutschland\" title=\"Firmenschlie\u00dfungen\" loading=\"eager\" decoding=\"async\"  \/><\/a><br \/>\nQuelle: Mannheimer Unternehmenspanel (MUP) | Creditreform, ZEW<\/p>\n<p>Rund 188.000 Unternehmen haben 2025 geschlossen<\/p>\n<p><strong>Gladbeck \u2013 19.08.2026 \u2013 Firmenschlie\u00dfungen 2025 \u2013 <\/strong>Deutschland verliert immer mehr Unternehmen. Im Jahr 2025 haben rund 188.000 Firmen ihre Gesch\u00e4ftst\u00e4tigkeit beendet. Das sind zehn Prozent mehr als im Vorjahr.<\/p>\n<p>Damit erreichte die Zahl der Firmenschlie\u00dfungen den h\u00f6chsten Stand seit fast 20 Jahren. Das zeigt eine gemeinsame Untersuchung von Creditreform und dem <a href=\"https:\/\/www.zew.de\/\" target=\"_blank\" rel=\"noopener nofollow\">Leibniz-Zentrum f\u00fcr Europ\u00e4ische Wirtschaftsforschung (ZEW)<\/a> in Mannheim.<\/p>\n<p>Dabei geht es nicht nur um Firmen in einer akuten Krise. Auch Unternehmen mit guter oder mittlerer Bonit\u00e4t geben auf.<\/p>\n<blockquote class=\"wp-embedded-content\" data-secret=\"3VkOBqCzWF\">\n<p><a href=\"https:\/\/neue-gladbecker-zeitung.de\/inkasso-forderungen-ohne-erlaubnis\/\" rel=\"nofollow noopener\" target=\"_blank\">Inkasso-Forderungen ohne Erlaubnis<\/a><\/p>\n<\/blockquote>\n<p>Die NGZ-News aus Gladbeck immer sofort auf das Handy?<br \/>Dann abonniere kostenlos den <a style=\"color: #ff0000;\" href=\"https:\/\/whatsapp.com\/channel\/0029VaAJZdH8F2pIH21PF72X\" target=\"_blank\" rel=\"noopener nofollow\">WhatsApp-Kanal<\/a><br \/>\nDie Gladbecker Zusammenfassung des Tages der NGZ?<br \/>Dann abonniere den kostenlosen <a href=\"https:\/\/neue-gladbecker-zeitung.de\/newsletter-der-ngz\/\" target=\"_blank\" rel=\"noopener nofollow\"><strong>Newsletter<\/strong><\/a><br \/>\nFolgen Sie uns auf Facebook: <strong><a style=\"color: #ff0000;\" href=\"https:\/\/www.facebook.com\/NeueGladbeckerZeitung\/\" target=\"_blank\" rel=\"noopener nofollow\">NeueGladbeckerZeitung<\/a><\/strong><\/p>\n<p>Auch gesunde Firmen verschwinden<\/p>\n<p>Patrik Ludwig Hantzsch von <a href=\"https:\/\/www.creditreform.de\/\" target=\"_blank\" rel=\"noopener nofollow\">Creditreform<\/a> sieht eine neue Entwicklung. Die Zahl der Marktaustritte steigt in vielen Bereichen deutlich.<\/p>\n<p>Gro\u00dfe Unternehmen sorgen oft f\u00fcr Schlagzeilen. Doch deutlich mehr kleine und mittlere Betriebe verschwinden still vom Markt.<\/p>\n<p>Dabei schlie\u00dfen inzwischen auch wirtschaftlich gesunde Unternehmen. Die Gr\u00fcnde sind vielf\u00e4ltig. Dazu geh\u00f6ren der technologische Wandel, mehr Konkurrenz und fehlende Arbeitskr\u00e4fte.<\/p>\n<p>Auch die Finanzierung ist nicht der einzige Grund f\u00fcr das Firmensterben. Die Unternehmen stehen vor mehreren Problemen gleichzeitig.<\/p>\n<p>Viele Firmen finden keinen Nachfolger<\/p>\n<p>Ein weiterer wichtiger Grund ist der Ruhestand vieler Firmeninhaber. Immer mehr Unternehmer finden keinen passenden Nachfolger.<\/p>\n<p>Fast ein Drittel der freiwilligen Schlie\u00dfungen geht inzwischen auf das Alter der Inhaber zur\u00fcck. Dieser Anteil ist deutlich h\u00f6her als noch vor zehn oder 15 Jahren.<\/p>\n<p>Die meisten Betriebe schlie\u00dfen zudem ohne Insolvenz. Rund 87 Prozent der Gesch\u00e4ftsaufgaben im Jahr 2025 erfolgten ohne Insolvenzverfahren.\u00a0Nur etwa 13 Prozent der Schlie\u00dfungen gingen auf ein Insolvenzverfahren zur\u00fcck.<\/p>\n<blockquote class=\"wp-embedded-content\" data-secret=\"ZWlIji5b1r\">\n<p><a href=\"https:\/\/neue-gladbecker-zeitung.de\/insolvenzen-im-1-hj-2026-hoechststand-seit-2013-erreicht\/\" rel=\"nofollow noopener\" target=\"_blank\">Insolvenzen: Im 1. Hj. 2026 H\u00f6chststand seit 2013 erreicht<\/a><\/p>\n<\/blockquote>\n<p>11.000 Industrieunternehmen gaben auf<\/p>\n<p>Auch die Industrie verliert weiter Betriebe. Gut 11.000 Unternehmen aus dem Verarbeitenden Gewerbe stellten 2025 ihren Betrieb ein.\u00a0Das waren zehn Prozent mehr als im Vorjahr.<\/p>\n<p>Noch h\u00f6her war die Zahl im Baugewerbe. Dort schlossen rund 24.000 Unternehmen. Das entspricht einem Anstieg von zw\u00f6lf Prozent.<\/p>\n<p>Gastgewerbe besonders unter Druck<\/p>\n<p>Auch im Gastgewerbe bleibt die Lage schwierig. 2025 gaben gut 15.000 Gastst\u00e4tten und Beherbergungsbetriebe auf.\u00a0Die Zahl stieg damit um 15 Prozent.<\/p>\n<p>Viele Betriebe k\u00e4mpfen mit mehreren Problemen. Die Kunden sparen h\u00e4ufiger. Gleichzeitig w\u00e4chst die Konkurrenz durch Lieferdienste. Dazu kommt der Mangel an Arbeitskr\u00e4ften.<\/p>\n<p>Auch im Handel nahm die Zahl der Schlie\u00dfungen wieder zu. Hier lag der Anstieg bei acht Prozent.<\/p>\n<p>Gesundheitswesen verliert immer mehr Betriebe<\/p>\n<p>Besonders kritisch ist die Entwicklung im Gesundheitswesen. Dort steigt die Zahl der Schlie\u00dfungen bereits seit rund zehn Jahren.<\/p>\n<p>2025 gab es rund 11.000 Marktaustritte. Das waren zw\u00f6lf Prozent mehr als im Jahr zuvor.\u00a0Im Vergleich mit 2008 hat sich die Zahl der Schlie\u00dfungen damit etwa verdoppelt.<\/p>\n<p>Immer mehr Arztpraxen schlie\u00dfen<\/p>\n<p>Besonders stark trifft die Entwicklung Arztpraxen. 2025 schlossen bundesweit knapp 5.500 Praxen.\u00a0Das waren 23 Prozent mehr als 2024.\u00a0Auch in l\u00e4ndlichen Regionen ist die Lage angespannt. Dort schlie\u00dfen \u00fcberdurchschnittlich viele Gesundheitsdienste.<\/p>\n<p>Das kann die Versorgung vor Ort schw\u00e4chen. Denn wenn Arztpraxen, Apotheken oder Fach\u00e4rzte fehlen, werden die Wege f\u00fcr Patienten l\u00e4nger.<\/p>\n<p>Bremen besonders stark betroffen<\/p>\n<p>Auch regional gibt es gro\u00dfe Unterschiede. Bremen weist die h\u00f6chste Schlie\u00dfungsrate auf.\u00a0Dort verschwanden 7,8 Prozent der Unternehmen vom Markt, die 2024 noch bestanden.\u00a0Hohe Werte gab es au\u00dferdem in Sachsen-Anhalt, Sachsen, Schleswig-Holstein und Th\u00fcringen.<\/p>\n<p>Deutlich niedriger waren die Schlie\u00dfungsraten unter anderem in Baden-W\u00fcrttemberg und Hamburg. Beide L\u00e4nder kamen auf 5,3 Prozent.\u00a0Besonders stark stieg die Zahl der Schlie\u00dfungen zudem in Bremen und Schleswig-Holstein. Dort lag der Anstieg jeweils bei 21 Prozent.<\/p>\n<p>In Rheinland-Pfalz nahm die Zahl sogar um 16 Prozent zu.<\/p>\n<p>Firmenschlie\u00dfungen werden zum Problem f\u00fcr Deutschland<\/p>\n<p>Die Zahlen zeigen eine klare Entwicklung. Deutschland verliert nicht nur Unternehmen in wirtschaftlichen Krisen.\u00a0Auch gesunde und mittelst\u00e4ndische Betriebe geben zunehmend auf. Neben wirtschaftlichem Druck spielt dabei die Nachfolge eine wichtige Rolle.<\/p>\n<p>F\u00fcr viele Regionen kann das Folgen haben. Denn mit jedem geschlossenen Betrieb gehen Arbeitspl\u00e4tze, Angebote und regionale Wirtschaftskraft verloren.\u00a0Vor allem die Entwicklung im Gesundheitswesen ist problematisch. Dort kann jede weitere Schlie\u00dfung die Versorgung der Bev\u00f6lkerung erschweren.<\/p>\n<p><strong>Quelle: Creditreform<\/strong><\/p>\n<p><a style=\"color: #ff0000;\" href=\"https:\/\/neue-gladbecker-zeitung.de\" rel=\"nofollow noopener\" target=\"_blank\">Zur Startseite<\/a><\/p>\n","protected":false},"excerpt":{"rendered":"Quelle: Mannheimer Unternehmenspanel (MUP) | Creditreform, ZEW Rund 188.000 Unternehmen haben 2025 geschlossen Gladbeck \u2013 19.08.2026 \u2013 Firmenschlie\u00dfungen&hellip;\n","protected":false},"author":2,"featured_media":1247038,"comment_status":"","ping_status":"","sticky":false,"template":"","format":"standard","meta":{"footnotes":"","_share_on_mastodon":"0"},"categories":[2],"tags":[331,3924,332,3922,26171,3364,29,258303,18955,30,290,13,54,1317,4563,14,3923,15,3921,12,258304,55],"class_list":["post-1247037","post","type-post","status-publish","format-standard","has-post-thumbnail","category-deutschland","tag-aktuelle-nachrichten","tag-aktuelle-nachrichten-aus-deutschland","tag-aktuelle-news","tag-aktuelle-news-aus-deutschland","tag-baugewerbe","tag-de","tag-deutschland","tag-firmenschliessungen","tag-gastgewerbe","tag-germany","tag-gesundheitswesen","tag-headlines","tag-industrie","tag-insolvenzen","tag-mittelstand","tag-nachrichten","tag-nachrichten-aus-deutschland","tag-news","tag-news-aus-deutschland","tag-schlagzeilen","tag-unternehmensschliessungen","tag-wirtschaft"],"share_on_mastodon":{"url":"https:\/\/pubeurope.com\/@de\/117122183503104782","error":""},"_links":{"self":[{"href":"https:\/\/www.europesays.com\/de\/wp-json\/wp\/v2\/posts\/1247037","targetHints":{"allow":["GET"]}}],"collection":[{"href":"https:\/\/www.europesays.com\/de\/wp-json\/wp\/v2\/posts"}],"about":[{"href":"https:\/\/www.europesays.com\/de\/wp-json\/wp\/v2\/types\/post"}],"author":[{"embeddable":true,"href":"https:\/\/www.europesays.com\/de\/wp-json\/wp\/v2\/users\/2"}],"replies":[{"embeddable":true,"href":"https:\/\/www.europesays.com\/de\/wp-json\/wp\/v2\/comments?post=1247037"}],"version-history":[{"count":0,"href":"https:\/\/www.europesays.com\/de\/wp-json\/wp\/v2\/posts\/1247037\/revisions"}],"wp:featuredmedia":[{"embeddable":true,"href":"https:\/\/www.europesays.com\/de\/wp-json\/wp\/v2\/media\/1247038"}],"wp:attachment":[{"href":"https:\/\/www.europesays.com\/de\/wp-json\/wp\/v2\/media?parent=1247037"}],"wp:term":[{"taxonomy":"category","embeddable":true,"href":"https:\/\/www.europesays.com\/de\/wp-json\/wp\/v2\/categories?post=1247037"},{"taxonomy":"post_tag","embeddable":true,"href":"https:\/\/www.europesays.com\/de\/wp-json\/wp\/v2\/tags?post=1247037"}],"curies":[{"name":"wp","href":"https:\/\/api.w.org\/{rel}","templated":true}]}}