{"id":1247055,"date":"2026-08-19T12:41:32","date_gmt":"2026-08-19T12:41:32","guid":{"rendered":"https:\/\/www.europesays.com\/de\/1247055\/"},"modified":"2026-08-19T12:41:32","modified_gmt":"2026-08-19T12:41:32","slug":"historische-welle-dynamo-dresden-so-stark-wie-seit-peter-pacult-nicht-sport","status":"publish","type":"post","link":"https:\/\/www.europesays.com\/de\/1247055\/","title":{"rendered":"Historische Welle! Dynamo Dresden so stark wie seit Peter Pacult nicht | Sport"},"content":{"rendered":"<p><a class=\"skip-content skip-content--link\" href=\"#in-content-skip-link-target-v-0-0\">TTS-Player \u00fcberspringen\u21b5<\/a><a id=\"in-content-skip-link-target-v-0-0\" class=\"skip-content--target-link-hidden skip-content skip-content--target-link\" href=\"#in-content-skip-link-target-v-0-0\">Artikel weiterlesen<\/a><\/p>\n<p data-21134c99=\"0-3031\"><b>Was w\u00e4chst da gerade zusammen bei der Sportgemeinschaft? Das 1:0 gegen Darmstadt 98 zum Heimauftakt hatte f\u00fcr Dynamo Dresden eine quasi historische Note! Erstmals seit \u00fcber 13 Jahren konnten die Schwarz-Gelben &#8211; saison\u00fcbergreifend gerechnet &#8211; viermal in Folge in der 2. Bundesliga zuhause gewinnen.<\/b><\/p>\n<p data-21134c99=\"0-3031\">Zur Verdeutlichung: Die letzte erfolgreiche Vierer-Reihe war in der R\u00fcckrunde 2012\/13 \u2013 damals noch unter Cheftrainer Peter Pacult! Bezwungen wurden im Harbig-Stadion St. Pauli (3:2), Cottbus (1:0), Paderborn (2:1) und Regensburg (3:1).<\/p>\n<p><img decoding=\"async\" width=\"992\" height=\"650\" alt=\"Peter Pacult war der letzte Dynamo-Trainer, der zuvor vier Zweitliga-Heimspiele in Folge gewann\" loading=\"lazy\" src=\"https:\/\/www.europesays.com\/de\/wp-content\/uploads\/2026\/08\/e1911d2c190a3334237b5d0dc0840db0,d39a9b24.jpeg\"   class=\"dynamic\"\/><\/p>\n<p class=\"fig__caption__text\">Peter Pacult war der letzte Dynamo-Trainer, der zuvor vier Zweitliga-Heimspiele in Folge gewann <\/p>\n<p>Foto: picture alliance\/dpa<\/p>\n<p data-21134c99=\"0-3031\">Jetzt machte Coach Thomas Stamm es dem \u00d6sterreicher nach: 2:0 gegen Bochum, 1:0 gegen Kaiserslautern, 2:1 gegen Kiel und eben das 1:0 gegen die Lilien. Dynamos Zweitliga-Rekord bei Heimsiegen in Serie liegt bei f\u00fcnf \u2013 das gelang nur ein einziges Mal: Von Fr\u00fchjahr bis Sommer 2005 unter Christoph Franke (81). Ab sofort kann die SGD mit Stamm diesen Bestwert jagen!<\/p>\n<p>F\u00fcr Klassenerhalt! \u201eStadion zur Festung machen\u201c<\/p>\n<p data-21134c99=\"0-3031\">Kapit\u00e4n Niklas Hauptmann (30): \u201eDie Heimst\u00e4rke ist ein Punkt von einigen, die wir uns f\u00fcr diese Saison fest vorgenommen haben. Es war auch wichtig f\u00fcr uns, dass der K-Block gegen Darmstadt voll war. Wir wollen dieses Stadion wieder zur Festung machen!\u201c<\/p>\n<p data-21134c99=\"0-3031\">Angesichts der Rekord-Jagd wird also auch deutlich, wie wichtig die Entscheidung des St\u00e4ndigen Schiedsgerichts beim DFB wird. Nach den Hertha-Randalen war Dresden zu einem Teilausschluss von Zuschauern &#8211; betroffen also der ber\u00fcchtigte K-Block &#8211; verurteilt worden. <a href=\"https:\/\/www.bild.de\/sport\/fussball\/fussball-dfb-strafe-ausgesetzt-teilerfolg-fuer-dynamo-dresden-6a7b121667ddb2e13c584186\" class=\"text-link\" rel=\"nofollow noopener\" target=\"_blank\">Im Moment ist die Strafe ausgesetzt<\/a>, mutma\u00dflich bis zum Herbst. Das k\u00f6nnte f\u00fcr die historische Erfolgsmarke genauso knapp werden wie gerade so reichen!<\/p>\n<p><img decoding=\"async\" width=\"992\" height=\"558\" alt=\"Beeindruckende Kulisse: Die Dynamo-Choreo zum Heimstart gegen Darmstadt\" loading=\"lazy\" src=\"https:\/\/www.europesays.com\/de\/wp-content\/uploads\/2026\/08\/beb19b3adb4f5a0f3f7cca74cc23bcbe,3a913b98.jpeg\"   class=\"landscape\"\/><\/p>\n<p class=\"fig__caption__text\">Beeindruckende Kulisse: Die Dynamo-Choreo zum Heimstart gegen Darmstadt<\/p>\n<p>Foto: Robert Michael\/dpa<\/p>\n<p data-21134c99=\"0-3031\">Von der Choreografie war Innenverteidiger Thomas Keller (27) nach seiner Leihe ein weiteres Mal geflasht: \u201eWenn man einl\u00e4uft, kriegt man das immer mit und es macht richtig Spa\u00df. Deswegen bin ich auch wieder hergekommen, weil unsere Heimspiele einfach unfassbar geil sind mit den Fans.\u201c<\/p>\n<p data-21134c99=\"0-3031\">Der nun fest verpflichtete Neuzugang aus Heidenheim meinte weiter: \u201eNat\u00fcrlich wollen wir hier zu Hause den Fans immer etwas bieten. Sie unterst\u00fctzen uns jedes Spiel so sehr, die geben uns so viel Kraft auf dem Feld. Wir wollen da etwas zur\u00fcckgeben und dementsprechend hier besonders gut sein.\u201c<\/p>\n<p>Mehr zum Thema<\/p>\n<p data-21134c99=\"0-3031\">Tats\u00e4chlich war der Auftritt gegen Darmstadt bemerkenswert: Die G\u00e4ste kamen zu einer einzigen Torchance in 90 Minuten und die wurde durch einen eigenen Fehlpass in der Defensive eingeleitet. Sonst waren die Ballzirkulationen und das Aufbauspiel von Dynamo herausragend. Wie die Dresdner mittlerweile eine Partie spielerisch aufziehen k\u00f6nnen, ist nicht mal mehr vergleichbar mit den vorangegangenen Zweitliga-Zugeh\u00f6rigkeiten der SGD.<\/p>\n<p data-21134c99=\"0-3031\">Nat\u00fcrlich h\u00e4tte es an der ein oder anderen Stelle noch etwas mehr Zug zum Tor sein k\u00f6nnen, aber Darmstadt ist eine gestandene Truppe im Bundesliga-Unterhaus, die mit beeindruckender Dominanz und 63 Prozent Ballbesitz laufen gelassen wurde. Packt Dynamo das auch im n\u00e4chsten Heimspiel gegen den VfL Bochum (5.9.\/20:30 Uhr), winkt die Einstellung des Uralt-Rekords von vor 21 Jahren&#8230;<\/p>\n","protected":false},"excerpt":{"rendered":"TTS-Player \u00fcberspringen\u21b5Artikel weiterlesen Was w\u00e4chst da gerade zusammen bei der Sportgemeinschaft? Das 1:0 gegen Darmstadt 98 zum Heimauftakt&hellip;\n","protected":false},"author":2,"featured_media":1247056,"comment_status":"","ping_status":"","sticky":false,"template":"","format":"standard","meta":{"footnotes":"","_share_on_mastodon":"0"},"categories":[1835],"tags":[1001,3364,29,2386,3766,1002,30,3442,6147,3797,859,3460,8305,1243,784],"class_list":["post-1247055","post","type-post","status-publish","format-standard","has-post-thumbnail","category-dresden","tag-ausschreitungen","tag-de","tag-deutschland","tag-dresden","tag-dynamo-dresden","tag-fans","tag-germany","tag-randale","tag-rekord","tag-rudolf-harbig-stadion","tag-sachsen","tag-sport-leuchtturm-leipzig","tag-sv-darmstadt-98","tag-urteil","tag-zweite-bundesliga"],"share_on_mastodon":{"url":"https:\/\/pubeurope.com\/@de\/117122231861196392","error":""},"_links":{"self":[{"href":"https:\/\/www.europesays.com\/de\/wp-json\/wp\/v2\/posts\/1247055","targetHints":{"allow":["GET"]}}],"collection":[{"href":"https:\/\/www.europesays.com\/de\/wp-json\/wp\/v2\/posts"}],"about":[{"href":"https:\/\/www.europesays.com\/de\/wp-json\/wp\/v2\/types\/post"}],"author":[{"embeddable":true,"href":"https:\/\/www.europesays.com\/de\/wp-json\/wp\/v2\/users\/2"}],"replies":[{"embeddable":true,"href":"https:\/\/www.europesays.com\/de\/wp-json\/wp\/v2\/comments?post=1247055"}],"version-history":[{"count":0,"href":"https:\/\/www.europesays.com\/de\/wp-json\/wp\/v2\/posts\/1247055\/revisions"}],"wp:featuredmedia":[{"embeddable":true,"href":"https:\/\/www.europesays.com\/de\/wp-json\/wp\/v2\/media\/1247056"}],"wp:attachment":[{"href":"https:\/\/www.europesays.com\/de\/wp-json\/wp\/v2\/media?parent=1247055"}],"wp:term":[{"taxonomy":"category","embeddable":true,"href":"https:\/\/www.europesays.com\/de\/wp-json\/wp\/v2\/categories?post=1247055"},{"taxonomy":"post_tag","embeddable":true,"href":"https:\/\/www.europesays.com\/de\/wp-json\/wp\/v2\/tags?post=1247055"}],"curies":[{"name":"wp","href":"https:\/\/api.w.org\/{rel}","templated":true}]}}