{"id":1247213,"date":"2026-08-19T14:51:15","date_gmt":"2026-08-19T14:51:15","guid":{"rendered":"https:\/\/www.europesays.com\/de\/1247213\/"},"modified":"2026-08-19T14:51:15","modified_gmt":"2026-08-19T14:51:15","slug":"birding-in-duesseldorf-warum-immer-mehr-menschen-voegel-beobachten","status":"publish","type":"post","link":"https:\/\/www.europesays.com\/de\/1247213\/","title":{"rendered":"\u201eBirding\u201c in D\u00fcsseldorf: Warum immer mehr Menschen V\u00f6gel beobachten"},"content":{"rendered":"<p class=\"text_ohne_einzug richtext text-em-55 !leading-serif mx-6 desktop:mx-0\"> Auf Englisch hei\u00dft das, was die D\u00fcsseldorferin Yvonne Hofer oft und gerne macht, \u201eBirding\u201c. Ins Deutsche \u00fcbersetzt w\u00fcrde man dann von einer Vogelbeobachterin sprechen, wobei bei ihr zum Beobachten ja auch noch das Fotografieren hinzukommt. Immer mehr auch junge Menschen entdecken das Hobby \u201eVogel-Spotten\u201c f\u00fcr sich.<\/p>\n<p class=\"richtext text-em-55 !leading-serif mx-6 desktop:mx-0\">Unl\u00e4ngst bei einem Foto-Wettbewerb der Bezirksvertretung 9 sicherten sich zwei Sch\u00fcler des Freien Christlichen Gymnasiums in der Kategorie \u201eKinder und Jugendliche\u201c Platz eins mit ihrer Aufnahme eines Eisvogels. Um diesen mit der Kamera ablichten zu k\u00f6nnen, bauten die beiden Jungs fr\u00fch morgens \u2013 zwischen 5 und 6 Uhr \u2013 ein Tarnzelt auf und legten sich auf die Lauer. Und das nicht nur einmal, sondern gleich mehrfach. F\u00fcr die beiden sprangen f\u00fcr ihre erfolgreiche Teilnahme am Wettbewerb jeweils 100 Euro Urlaubsgeld heraus.<\/p>\n<p class=\"richtext text-em-55 !leading-serif mx-6 desktop:mx-0\">F\u00fcr Yvonne Hofer z\u00e4hlen jedoch andere Eindr\u00fccke und vor allem Gl\u00fccksgef\u00fchle, wenn sie bei ihrem Vogel-Trip f\u00fcndig wird: \u201eEs ist ziemlich magisch, wenn so ein kleiner Seidens\u00e4nger dich recht melodi\u00f6s anschreit.\u201c Was sie an der Urdenbacher K\u00e4mpe f\u00fcr ihre Ausfl\u00fcge so sch\u00e4tzt? \u201eDie Auenlandschaft mit Weiden, Feuchtwiesen und dem Altrheinarm ist Heimat f\u00fcr seltene Arten wie den Pirol, den Schwarzspecht und den Neunt\u00f6ter\u201c, sagt sie.<\/p>\n<p class=\"richtext text-em-55 !leading-serif mx-6 desktop:mx-0\">Wer nicht gleich eine Kamera z\u00fccken will, kann auch einfach mit einem Fernglas und einem Bestimmungsbuch oder einer App losziehen. \u201eD\u00fcsseldorf liegt in einer \u00f6kologisch spannenden Lage zwischen Niederrhein, Rheinauen und st\u00e4dtischen Gr\u00fcnfl\u00e4chen. Das macht die Stadt zu einem idealen Lebensraum f\u00fcr zahlreiche Vogelarten\u201c, sagt Yvonne Hofer.<\/p>\n<p class=\"richtext text-em-55 !leading-serif mx-6 desktop:mx-0\">Und in ein paar Wochen wird sich allen Interessierten wieder solch ein besonderes Schauspiel bieten: Zum Spektakul\u00e4rsten, was der Vogelzug in D\u00fcsseldorf im Fr\u00fchjahr und Herbst zu bieten hat, sind die Kraniche, die lautstark trompetend \u00fcber die Stadt hinwegfliegen. Ab Mitte Oktober machen sie sich auf ihren langen Weg nach Afrika.<\/p>\n<p class=\"richtext text-em-55 !leading-serif mx-6 desktop:mx-0\">Um den Schw\u00e4rmen mit den Augen zu folgen, reicht es \u00fcbrigens aus, einfach mal den Kopf in den Nacken zu legen. Aber auch hier ist ein Fernglas hilfreich.<\/p>\n<p class=\"richtext text-em-55 !leading-serif mx-6 desktop:mx-0\">Und noch zwei Tipps der Vogelbeobachterin: \u201eDas Beobachten ist manchmal gar nicht so einfach, weil V\u00f6gel noch lange nicht machen, was man m\u00f6chte. Geduld ist deswegen das A und O. Und die Wege nicht verlassen: In Schutzgebieten bleiben Sie bitte auf den ausgewiesenen Pfaden!\u201c<\/p>\n","protected":false},"excerpt":{"rendered":"Auf Englisch hei\u00dft das, was die D\u00fcsseldorferin Yvonne Hofer oft und gerne macht, \u201eBirding\u201c. Ins Deutsche \u00fcbersetzt w\u00fcrde&hellip;\n","protected":false},"author":2,"featured_media":1247214,"comment_status":"","ping_status":"","sticky":false,"template":"","format":"standard","meta":{"footnotes":"","_share_on_mastodon":"0"},"categories":[1831],"tags":[3364,29,3405,30,1209,13180],"class_list":["post-1247213","post","type-post","status-publish","format-standard","has-post-thumbnail","category-duesseldorf","tag-de","tag-deutschland","tag-duesseldorf","tag-germany","tag-nordrhein-westfalen","tag-urdenbach"],"share_on_mastodon":{"url":"https:\/\/pubeurope.com\/@de\/117122740079430594","error":""},"_links":{"self":[{"href":"https:\/\/www.europesays.com\/de\/wp-json\/wp\/v2\/posts\/1247213","targetHints":{"allow":["GET"]}}],"collection":[{"href":"https:\/\/www.europesays.com\/de\/wp-json\/wp\/v2\/posts"}],"about":[{"href":"https:\/\/www.europesays.com\/de\/wp-json\/wp\/v2\/types\/post"}],"author":[{"embeddable":true,"href":"https:\/\/www.europesays.com\/de\/wp-json\/wp\/v2\/users\/2"}],"replies":[{"embeddable":true,"href":"https:\/\/www.europesays.com\/de\/wp-json\/wp\/v2\/comments?post=1247213"}],"version-history":[{"count":0,"href":"https:\/\/www.europesays.com\/de\/wp-json\/wp\/v2\/posts\/1247213\/revisions"}],"wp:featuredmedia":[{"embeddable":true,"href":"https:\/\/www.europesays.com\/de\/wp-json\/wp\/v2\/media\/1247214"}],"wp:attachment":[{"href":"https:\/\/www.europesays.com\/de\/wp-json\/wp\/v2\/media?parent=1247213"}],"wp:term":[{"taxonomy":"category","embeddable":true,"href":"https:\/\/www.europesays.com\/de\/wp-json\/wp\/v2\/categories?post=1247213"},{"taxonomy":"post_tag","embeddable":true,"href":"https:\/\/www.europesays.com\/de\/wp-json\/wp\/v2\/tags?post=1247213"}],"curies":[{"name":"wp","href":"https:\/\/api.w.org\/{rel}","templated":true}]}}