{"id":1247277,"date":"2026-08-19T15:34:25","date_gmt":"2026-08-19T15:34:25","guid":{"rendered":"https:\/\/www.europesays.com\/de\/1247277\/"},"modified":"2026-08-19T15:34:25","modified_gmt":"2026-08-19T15:34:25","slug":"braende-in-hann-muenden-jugendliche-unter-verdacht","status":"publish","type":"post","link":"https:\/\/www.europesays.com\/de\/1247277\/","title":{"rendered":"Br\u00e4nde in Hann. M\u00fcnden: Jugendliche unter Verdacht"},"content":{"rendered":"<p>        <img decoding=\"async\" src=\"https:\/\/www.europesays.com\/de\/wp-content\/uploads\/2026\/08\/brand-1040.webp\" alt=\"Blick auf Hann. M\u00fcnden und einer gro\u00dfe Rauchs\u00e4ule mitten in der Stadt, die durch einen Gro\u00dfbrand auf dem Gel\u00e4nde einer ehemaligen Fabrik entstand. \" title=\"Blick auf Hann. M\u00fcnden und einer gro\u00dfe Rauchs\u00e4ule mitten in der Stadt, die durch einen Gro\u00dfbrand auf dem Gel\u00e4nde einer ehemaligen Fabrik entstand.  | NDR\" class=\"responsive\"\/><\/p>\n<p>\n                Stand: 19.08.2026 16:31 Uhr<\/p>\n<p class=\"preface\">Nach mehreren Br\u00e4nden in Hann. M\u00fcnden (Landkreis G\u00f6ttingen) und Umgebung befindet sich ein 17-J\u00e4hriger in Untersuchungshaft. Ein 15-J\u00e4hriger wird als Mitt\u00e4ter verd\u00e4chtigt.<\/p>\n<p class=\"\">Der 17-J\u00e4hrige soll f\u00fcr mehrere Br\u00e4nde verantwortlich sein: Laut Staatsanwaltschaft z\u00e4hlt dazu etwa ein Mitte Juli im Hochbad in Hann. M\u00fcnden angez\u00fcndeter Strandkorb. Gemeinsam mit dem 15-J\u00e4hrigen soll der Jugendliche demnach Anfang August auch das Feuer auf dem Gel\u00e4nde eines <a href=\"https:\/\/www.ndr.de\/nachrichten\/niedersachsen\/braunschweig_harz_goettingen\/grossbrand-hann-muenden-alter-fabrik-43-menschen-evakuiert,schleifmittelfabrik-100.html\" title=\"Hann. M\u00fcnden: Gro\u00dfbrand in Fabrik - 43 Menschen evakuiert\" rel=\"nofollow noopener\" target=\"_blank\">ehemaligen Fabrikkomplexes<\/a> gelegt haben. Bei dem Brand entstand den Beamten zufolge ein Schaden von rund einer Million Euro. F\u00fcr den j\u00fcngsten Brand einer Waldh\u00fctte bei Hedem\u00fcnden soll das Duo laut Staatsanwaltschaft ebenfalls verantwortlich sein.<\/p>\n<p>    Wegen Wiederholungsgefahr in Haft<\/p>\n<p class=\"\">Nach Angaben der Staatsanwaltschaft ist der 17-J\u00e4hrige mittlerweile wegen Wiederholungsgefahr inhaftiert. Seine mutma\u00dfliche Beteiligung war demnach schon vor dem letzten Feuer in Hedem\u00fcnden bekannt. Weil die Anforderungen f\u00fcr die Inhaftierung von Jugendlichen hoch seien, habe man ihn aber nicht festhalten k\u00f6nnen, erkl\u00e4rte ein Sprecher der Staatsanwaltschaft. Der 17-J\u00e4hrige stammt demnach aus Hann. M\u00fcnden, sein 15-J\u00e4hriger mutma\u00dflicher Mitt\u00e4ter aus dem nahen Werra-Mei\u00dfner-Kreis. Der 15-J\u00e4hrige sei nach der Vernehmung wieder auf freiem Fu\u00df, so die Staatsanwaltschaft. Die Ermittlungen zu weiteren Taten und m\u00f6glichen Zusammenh\u00e4ngen dauern an.<\/p>\n<p>        <img decoding=\"async\" src=\"https:\/\/www.europesays.com\/de\/wp-content\/uploads\/2026\/08\/brand-1034.webp\" alt=\"In Hann. M\u00fcnden brennt eine ehemalige Fabrik \" title=\"In Hann. M\u00fcnden brennt eine ehemalige Fabrik  | TeleNewsNetwork\" class=\"responsive\" loading=\"lazy\"\/><\/p>\n<p>Die Ermittler bitten um Foto- und Videoaufnahmen, um herauszufinden, was den Brand auf dem Fabrikgel\u00e4nde ausgel\u00f6st hat.<\/p>\n<p>        <img decoding=\"async\" src=\"https:\/\/www.europesays.com\/de\/wp-content\/uploads\/2026\/08\/feuerwehr3194.webp\" alt=\"Feuerwehr im Einsatz.\" title=\"Feuerwehr im Einsatz. | NDR, Julius Matuschik\" class=\"responsive\" loading=\"lazy\"\/><\/p>\n<p>Seit Sonntag k\u00e4mpft die Feuerwehr gegen den Gro\u00dfbrand in Hann. M\u00fcnden. Die Flammen schlugen bis zu acht Meter hoch.<\/p>\n<p>Dieses Thema im Programm:<\/p>\n<p>                NDR 1 Niedersachsen | Regional Braunschweig | 19.08.2026 | 15:00 Uhr<\/p>\n","protected":false},"excerpt":{"rendered":"Stand: 19.08.2026 16:31 Uhr Nach mehreren Br\u00e4nden in Hann. M\u00fcnden (Landkreis G\u00f6ttingen) und Umgebung befindet sich ein 17-J\u00e4hriger&hellip;\n","protected":false},"author":2,"featured_media":1247278,"comment_status":"","ping_status":"","sticky":false,"template":"","format":"standard","meta":{"footnotes":"","_share_on_mastodon":"0"},"categories":[1850],"tags":[65171,590,2919,986,6429,3364,29,548,663,3934,980,30,48188,13,14,15,1411,121,12,172860],"class_list":["post-1247277","post","type-post","status-publish","format-standard","has-post-thumbnail","category-braunschweig","tag-17-jaehriger","tag-aktuell","tag-brand","tag-braende","tag-braunschweig","tag-de","tag-deutschland","tag-eu","tag-europa","tag-europe","tag-festnahme","tag-germany","tag-hann-muenden","tag-headlines","tag-nachrichten","tag-news","tag-niedersachsen","tag-polizei","tag-schlagzeilen","tag-tatverdaechtig"],"share_on_mastodon":{"url":"https:\/\/pubeurope.com\/@de\/117122912520628257","error":""},"_links":{"self":[{"href":"https:\/\/www.europesays.com\/de\/wp-json\/wp\/v2\/posts\/1247277","targetHints":{"allow":["GET"]}}],"collection":[{"href":"https:\/\/www.europesays.com\/de\/wp-json\/wp\/v2\/posts"}],"about":[{"href":"https:\/\/www.europesays.com\/de\/wp-json\/wp\/v2\/types\/post"}],"author":[{"embeddable":true,"href":"https:\/\/www.europesays.com\/de\/wp-json\/wp\/v2\/users\/2"}],"replies":[{"embeddable":true,"href":"https:\/\/www.europesays.com\/de\/wp-json\/wp\/v2\/comments?post=1247277"}],"version-history":[{"count":0,"href":"https:\/\/www.europesays.com\/de\/wp-json\/wp\/v2\/posts\/1247277\/revisions"}],"wp:featuredmedia":[{"embeddable":true,"href":"https:\/\/www.europesays.com\/de\/wp-json\/wp\/v2\/media\/1247278"}],"wp:attachment":[{"href":"https:\/\/www.europesays.com\/de\/wp-json\/wp\/v2\/media?parent=1247277"}],"wp:term":[{"taxonomy":"category","embeddable":true,"href":"https:\/\/www.europesays.com\/de\/wp-json\/wp\/v2\/categories?post=1247277"},{"taxonomy":"post_tag","embeddable":true,"href":"https:\/\/www.europesays.com\/de\/wp-json\/wp\/v2\/tags?post=1247277"}],"curies":[{"name":"wp","href":"https:\/\/api.w.org\/{rel}","templated":true}]}}