{"id":1247296,"date":"2026-08-19T15:52:34","date_gmt":"2026-08-19T15:52:34","guid":{"rendered":"https:\/\/www.europesays.com\/de\/1247296\/"},"modified":"2026-08-19T15:52:34","modified_gmt":"2026-08-19T15:52:34","slug":"spenge-einbrecher-stehlen-starkstromaggregat-aus-anglerhuette","status":"publish","type":"post","link":"https:\/\/www.europesays.com\/de\/1247296\/","title":{"rendered":"Spenge: Einbrecher stehlen Starkstromaggregat aus Anglerh\u00fctte"},"content":{"rendered":"<p>In Spenge haben unbekannte T\u00e4ter eine Anglerh\u00fctte leerger\u00e4umt. Ein Zeuge meldete dem Besitzer am Samstagabend (15.08.), dass das Eingangstor zu dessen Teichgrundst\u00fcck an der Wallstra\u00dfe besch\u00e4digt war. Die Einbrecher waren durch ein Loch im Draht auf das Gel\u00e4nde gekommen. D<\/p>\n<p>Starstromaggregat, Angelrouten, Kettens\u00e4ge<\/p>\n<p>Dann brachen sie ein Fenster der H\u00fctte auf, aus dem sie ein Starkstromaggregat, eine Kettens\u00e4ge und mehr als 20 Angelrouten mitgehen lie\u00dfen. Die Polizei sagt, der Wert der Beute liegt im mittleren vierstelligen Bereich. \u00a0\u00a0<\/p>\n","protected":false},"excerpt":{"rendered":"In Spenge haben unbekannte T\u00e4ter eine Anglerh\u00fctte leerger\u00e4umt. Ein Zeuge meldete dem Besitzer am Samstagabend (15.08.), dass das&hellip;\n","protected":false},"author":2,"featured_media":1247297,"comment_status":"","ping_status":"","sticky":false,"template":"","format":"standard","meta":{"footnotes":"","_share_on_mastodon":"0"},"categories":[1841],"tags":[258349,1605,3364,29,30,258350,1209,55150],"class_list":["post-1247296","post","type-post","status-publish","format-standard","has-post-thumbnail","category-bielefeld","tag-anglerhuette","tag-bielefeld","tag-de","tag-deutschland","tag-germany","tag-leergeraeumt","tag-nordrhein-westfalen","tag-spenge"],"share_on_mastodon":{"url":"https:\/\/pubeurope.com\/@de\/117122980130421423","error":""},"_links":{"self":[{"href":"https:\/\/www.europesays.com\/de\/wp-json\/wp\/v2\/posts\/1247296","targetHints":{"allow":["GET"]}}],"collection":[{"href":"https:\/\/www.europesays.com\/de\/wp-json\/wp\/v2\/posts"}],"about":[{"href":"https:\/\/www.europesays.com\/de\/wp-json\/wp\/v2\/types\/post"}],"author":[{"embeddable":true,"href":"https:\/\/www.europesays.com\/de\/wp-json\/wp\/v2\/users\/2"}],"replies":[{"embeddable":true,"href":"https:\/\/www.europesays.com\/de\/wp-json\/wp\/v2\/comments?post=1247296"}],"version-history":[{"count":0,"href":"https:\/\/www.europesays.com\/de\/wp-json\/wp\/v2\/posts\/1247296\/revisions"}],"wp:featuredmedia":[{"embeddable":true,"href":"https:\/\/www.europesays.com\/de\/wp-json\/wp\/v2\/media\/1247297"}],"wp:attachment":[{"href":"https:\/\/www.europesays.com\/de\/wp-json\/wp\/v2\/media?parent=1247296"}],"wp:term":[{"taxonomy":"category","embeddable":true,"href":"https:\/\/www.europesays.com\/de\/wp-json\/wp\/v2\/categories?post=1247296"},{"taxonomy":"post_tag","embeddable":true,"href":"https:\/\/www.europesays.com\/de\/wp-json\/wp\/v2\/tags?post=1247296"}],"curies":[{"name":"wp","href":"https:\/\/api.w.org\/{rel}","templated":true}]}}