{"id":1247387,"date":"2026-08-19T17:08:24","date_gmt":"2026-08-19T17:08:24","guid":{"rendered":"https:\/\/www.europesays.com\/de\/1247387\/"},"modified":"2026-08-19T17:08:24","modified_gmt":"2026-08-19T17:08:24","slug":"berlin-neue-langstreckendrohne-aus-braunschweig-vorgestellt","status":"publish","type":"post","link":"https:\/\/www.europesays.com\/de\/1247387\/","title":{"rendered":"Berlin: Neue Langstreckendrohne aus Braunschweig vorgestellt"},"content":{"rendered":"<p>        <img decoding=\"async\" src=\"https:\/\/www.europesays.com\/de\/wp-content\/uploads\/2026\/08\/drohne-424.webp\" alt=\"Eine neue Langstreckendrohne von Aerodata AG.\" title=\"Eine neue Langstreckendrohne von Aerodata AG. | Aerodata AG\" class=\"responsive\"\/><\/p>\n<p>\n                Stand: 19.08.2026 15:43 Uhr<\/p>\n<p class=\"preface\">Die Aerodata AG aus Braunschweig hat eine neue Langstreckendrohne entwickelt. Der Prototyp ist am Mittwoch am brandenburgischen Fertigungsstandort in Strausberg bei Berlin vorgestellt worden.<\/p>\n<p class=\"textauthor\">von <a href=\"https:\/\/www.ndr.de\/nachrichten\/niedersachsen\/katharina-seiler,katharinaseiler102.html\" rel=\"nofollow noopener\" target=\"_blank\">Katharina Seiler<\/a><\/p>\n<p class=\"\">Die AeroForce X ist eine Drohne, also ein unbemanntes Luftfahrtsystem, mit einer Spannweite von 26 Metern. Sie hat eine Flugzeit von 40 Stunden und eine Reichweite von 10.000 Kilometern. Ihren Hauptnutzen sieht die Aerodata AG darin, gro\u00dfe Gebiete zu \u00fcberwachen, wie etwa die Nord- und Ostsee. So k\u00f6nnte sie verd\u00e4chtige Schiffe ausfindig machen und die kritische Infrastruktur vor Sabotage sch\u00fctzen, sagt Neset T\u00fckenmez von Aerodata.<\/p>\n<p>    Drohne aus deutscher Produktion<\/p>\n<p class=\"\">F\u00fcr den nieders\u00e4chsischen Ministerpr\u00e4sidenten Olaf Lies (SPD), der bei der Vorstellung der Drohne am Fertigungsstandort in Strausberg dabei war, ist sie ein Beweis f\u00fcr die Innovationskraft deutscher Unternehmen. Denn diese Drohne ist ein rein europ\u00e4isches beziehungsweise deutsches Produkt. Das unterscheidet sie von vergleichbaren Produkten und k\u00f6nnte auch f\u00fcr die Bundeswehr ein Argument sein, sie f\u00fcr die Seeraum\u00fcberwachung zu beschaffen, findet Neset T\u00fckenmez von Aerodata.<\/p>\n<p>    Unternehmen mit Bundeswehr im Austausch<\/p>\n<p class=\"\">Nach Angaben des Unternehmens gibt es bereits zahlreiche Interessenten f\u00fcr die Drohne. Auch mit der Bundeswehr sei man im Gespr\u00e4ch. In einem n\u00e4chsten Schritt muss sie allerdings erst noch ihren Erstflug erfolgreich bestehen, der f\u00fcr Oktober geplant ist. Sollte es zu Bestellungen kommen, k\u00f6nnte die Drohne ab 2029 ausgeliefert werden, hei\u00dft es vom Unternehmen.<strong> <\/strong><\/p>\n<p>        <img decoding=\"async\" src=\"https:\/\/www.europesays.com\/de\/wp-content\/uploads\/2026\/08\/drohnen-226.webp\" alt=\"Das Drohnentestfeld in Braunschweig\" title=\"Das Drohnentestfeld in Braunschweig | NDR, Janek Wiechers\" class=\"responsive\" loading=\"lazy\"\/><\/p>\n<p>Das Luft- und Raumfahrtzentrum und die TU Braunschweig wollen Drohnen intensiver beforschen. Es geht nicht nur um zivile Nutzung.<\/p>\n<p>        <img decoding=\"async\" src=\"https:\/\/www.europesays.com\/de\/wp-content\/uploads\/2026\/08\/screenshot-93818.webp\" alt=\"Eine Polizeidrohne.\" title=\"Eine Polizeidrohne. | Screenshot\" class=\"responsive\" loading=\"lazy\"\/><\/p>\n<p>Schneller als die Einsatzkr\u00e4fte von Polizei und Feuerwehr soll die Testdrohne am Unfall- oder Brandort sein.<\/p>\n<p>        <img decoding=\"async\" src=\"https:\/\/www.europesays.com\/de\/wp-content\/uploads\/2026\/08\/screenshot-26442.webp\" alt=\"Eine Drohne steht am Himmel.\" title=\"Eine Drohne steht am Himmel. | Screenshot\" class=\"responsive\" loading=\"lazy\"\/><\/p>\n<p>Der R\u00fcstungskonzern hat den Standort der Leichtwerk AG \u00fcbernommen. Die Bundeswehr soll bereits einen Auftrag vergeben haben.<\/p>\n","protected":false},"excerpt":{"rendered":"Stand: 19.08.2026 15:43 Uhr Die Aerodata AG aus Braunschweig hat eine neue Langstreckendrohne entwickelt. Der Prototyp ist am&hellip;\n","protected":false},"author":2,"featured_media":1247388,"comment_status":"","ping_status":"","sticky":false,"template":"","format":"standard","meta":{"footnotes":"","_share_on_mastodon":"0"},"categories":[1825],"tags":[258179,1941,1939,296,1937,6429,685,29,1478,30,250235,1940,1938,7292,2852],"class_list":["post-1247387","post","type-post","status-publish","format-standard","has-post-thumbnail","category-berlin","tag-aerodata-ag","tag-aktuelle-nachrichten-aus-berlin","tag-aktuelle-news-aus-berlin","tag-berlin","tag-berlin-news","tag-braunschweig","tag-bundeswehr","tag-deutschland","tag-drohne","tag-germany","tag-langstreckendrohne","tag-nachrichten-aus-berlin","tag-news-aus-berlin","tag-nordsee","tag-ostsee"],"share_on_mastodon":{"url":"https:\/\/pubeurope.com\/@de\/117123282409512941","error":""},"_links":{"self":[{"href":"https:\/\/www.europesays.com\/de\/wp-json\/wp\/v2\/posts\/1247387","targetHints":{"allow":["GET"]}}],"collection":[{"href":"https:\/\/www.europesays.com\/de\/wp-json\/wp\/v2\/posts"}],"about":[{"href":"https:\/\/www.europesays.com\/de\/wp-json\/wp\/v2\/types\/post"}],"author":[{"embeddable":true,"href":"https:\/\/www.europesays.com\/de\/wp-json\/wp\/v2\/users\/2"}],"replies":[{"embeddable":true,"href":"https:\/\/www.europesays.com\/de\/wp-json\/wp\/v2\/comments?post=1247387"}],"version-history":[{"count":0,"href":"https:\/\/www.europesays.com\/de\/wp-json\/wp\/v2\/posts\/1247387\/revisions"}],"wp:featuredmedia":[{"embeddable":true,"href":"https:\/\/www.europesays.com\/de\/wp-json\/wp\/v2\/media\/1247388"}],"wp:attachment":[{"href":"https:\/\/www.europesays.com\/de\/wp-json\/wp\/v2\/media?parent=1247387"}],"wp:term":[{"taxonomy":"category","embeddable":true,"href":"https:\/\/www.europesays.com\/de\/wp-json\/wp\/v2\/categories?post=1247387"},{"taxonomy":"post_tag","embeddable":true,"href":"https:\/\/www.europesays.com\/de\/wp-json\/wp\/v2\/tags?post=1247387"}],"curies":[{"name":"wp","href":"https:\/\/api.w.org\/{rel}","templated":true}]}}