{"id":1247427,"date":"2026-08-19T17:35:15","date_gmt":"2026-08-19T17:35:15","guid":{"rendered":"https:\/\/www.europesays.com\/de\/1247427\/"},"modified":"2026-08-19T17:35:15","modified_gmt":"2026-08-19T17:35:15","slug":"kiel-holt-abwehr-huenen-aus-portugal","status":"publish","type":"post","link":"https:\/\/www.europesays.com\/de\/1247427\/","title":{"rendered":"Kiel holt Abwehr-H\u00fcnen aus Portugal"},"content":{"rendered":"<p>Madsen unterschreibt bis 2030 bei den St\u00f6rchen<\/p>\n<p>Der 24 Jahre alte d\u00e4nische Innenverteidiger wechselt vom portugiesischen Erstligisten <a href=\"https:\/\/www.fussballdaten.de\/vereine\/maritimo-madeira\/\" target=\"_blank\" rel=\"nofollow noopener\">CS Maritimo<\/a> in die 2. Bundesliga. Madsen unterschreibt bei <a href=\"https:\/\/www.fussballdaten.de\/vereine\/holstein-kiel\/\" target=\"_blank\" rel=\"nofollow noopener\">Holstein Kiel<\/a> einen langfristigen Vertrag bis zum 30. Juni 2030.<\/p>\n<p class=\"mb20 mt30\"><a href=\"https:\/\/www.fussballdaten.de\/person\/noah-madsen\/\" target=\"_blank\" rel=\"nofollow noopener\">Madsen<\/a> verbrachte die vergangenen Jahre in Portugal. Nach Stationen im Nachwuchs von CD Nacional und bei CF Estrela Amadora wechselte er 2021 zu Mar\u00edtimo.<\/p>\n<p class=\"mb20 mt30\">Gesch\u00e4ftsf\u00fchrer Sport Olaf Rebbe hebt insbesondere Madsens Robustheit und Spielintelligenz hervor. Zudem sieht der Kieler Verantwortliche St\u00e4rken im Zweikampf, Kopfballspiel und Spielaufbau.<\/p>\n<p>Kiel erwartet von Madsen Zweik\u00e4mpfe K\u00f6pfchen und Spielaufbau<\/p>\n<p class=\"mb20 mt30\">Der D\u00e4ne erkl\u00e4rte nach seiner Verpflichtung, dass ihm die Spielweise in der 2. Bundesliga entgegenkommen d\u00fcrfte. Gleichzeitig freut er sich darauf, nach seinen Jahren in Portugal wieder n\u00e4her an seiner d\u00e4nischen Heimat zu spielen.<\/p>\n<p class=\"mb20 mt30\">Madsen ist bereits der zweite Kieler Neuzugang des Tages. Zuvor hatte die KSV Gyan de Regt von Excelsior Rotterdam verpflichtet. Auch der niederl\u00e4ndische Fl\u00fcgelspieler erhielt einen Vertrag bis 2030.<\/p>\n","protected":false},"excerpt":{"rendered":"Madsen unterschreibt bis 2030 bei den St\u00f6rchen Der 24 Jahre alte d\u00e4nische Innenverteidiger wechselt vom portugiesischen Erstligisten CS&hellip;\n","protected":false},"author":2,"featured_media":1247428,"comment_status":"","ping_status":"","sticky":false,"template":"","format":"standard","meta":{"footnotes":"","_share_on_mastodon":"0"},"categories":[1852],"tags":[258374,299,3364,29,548,663,3934,7847,347,30,13,40643,4949,14,15,7118,12,1971],"class_list":["post-1247427","post","type-post","status-publish","format-standard","has-post-thumbnail","category-kiel","tag-abwehr-huenen","tag-bundesliga","tag-de","tag-deutschland","tag-eu","tag-europa","tag-europe","tag-football","tag-fussball","tag-germany","tag-headlines","tag-holt","tag-kiel","tag-nachrichten","tag-news","tag-portugal","tag-schlagzeilen","tag-schleswig-holstein"],"share_on_mastodon":{"url":"https:\/\/pubeurope.com\/@de\/117123384986179982","error":""},"_links":{"self":[{"href":"https:\/\/www.europesays.com\/de\/wp-json\/wp\/v2\/posts\/1247427","targetHints":{"allow":["GET"]}}],"collection":[{"href":"https:\/\/www.europesays.com\/de\/wp-json\/wp\/v2\/posts"}],"about":[{"href":"https:\/\/www.europesays.com\/de\/wp-json\/wp\/v2\/types\/post"}],"author":[{"embeddable":true,"href":"https:\/\/www.europesays.com\/de\/wp-json\/wp\/v2\/users\/2"}],"replies":[{"embeddable":true,"href":"https:\/\/www.europesays.com\/de\/wp-json\/wp\/v2\/comments?post=1247427"}],"version-history":[{"count":0,"href":"https:\/\/www.europesays.com\/de\/wp-json\/wp\/v2\/posts\/1247427\/revisions"}],"wp:featuredmedia":[{"embeddable":true,"href":"https:\/\/www.europesays.com\/de\/wp-json\/wp\/v2\/media\/1247428"}],"wp:attachment":[{"href":"https:\/\/www.europesays.com\/de\/wp-json\/wp\/v2\/media?parent=1247427"}],"wp:term":[{"taxonomy":"category","embeddable":true,"href":"https:\/\/www.europesays.com\/de\/wp-json\/wp\/v2\/categories?post=1247427"},{"taxonomy":"post_tag","embeddable":true,"href":"https:\/\/www.europesays.com\/de\/wp-json\/wp\/v2\/tags?post=1247427"}],"curies":[{"name":"wp","href":"https:\/\/api.w.org\/{rel}","templated":true}]}}