{"id":1247511,"date":"2026-08-19T18:41:18","date_gmt":"2026-08-19T18:41:18","guid":{"rendered":"https:\/\/www.europesays.com\/de\/1247511\/"},"modified":"2026-08-19T18:41:18","modified_gmt":"2026-08-19T18:41:18","slug":"koeln-star-auf-leipzig-liste-was-klopp-mit-dem-el-mala-deal-zu-tun-hat-fussball","status":"publish","type":"post","link":"https:\/\/www.europesays.com\/de\/1247511\/","title":{"rendered":"K\u00f6ln-Star auf Leipzig-Liste: Was Klopp mit dem El-Mala-Deal zu tun hat | Fu\u00dfball"},"content":{"rendered":"<p><b>In den vergangenen Jahren konnte sich Marcel Sch\u00e4fer (42) einen ausgezeichneten Ruf als Sparfuchs erarbeiten. Er schaffte es schon bei seinem Ex-Klub <\/b><a href=\"https:\/\/sportbild.bild.de\/bundesliga\/vereine\/vfl-wolfsburg\/home-33283940.sport.html\" class=\"text-link\" rel=\"nofollow noopener\" target=\"_blank\"><b>VfL Wolfsburg<\/b><\/a><b>, das Budget f\u00fcr Spieler geringer zu halten: F\u00fcr viel Geld verkaufte er damals unter anderem Micky van de Ven (25) und Felix Nmecha (25). Auch bei <\/b><a href=\"https:\/\/sportbild.bild.de\/bundesliga\/vereine\/rb-leipzig\/home-46775824.sport.html\" class=\"text-link\" rel=\"nofollow noopener\" target=\"_blank\"><b>RB Leipzig<\/b><\/a><b> hielt er an den Einsparungen fest. In seiner Manager-Zeit achtete er auf Geh\u00e4lter, die Limits der Abl\u00f6se und teure Verk\u00e4ufe. Zuletzt brachte der Rekord-Transfer von Yan Diomande (19) zu Real Madrid mindestens 125 Millionen Euro ein. Jetzt jedoch scheint es so, als w\u00fcrde der ehemalige Bundesliga-Verteidiger auch Geld offensiv ausgeben. Ein Diomande-Ersatz soll her: Red Bull soll bereit sein, den Abl\u00f6se-Rekord auszugleichen oder sogar leicht zu \u00fcberbieten. <\/b><\/p>\n<p>Mehr zum ThemaRekordverd\u00e4chtig: Leipzig an El Mala und Moreira dran<\/p>\n<p>Der Rekord, den die Sachsen f\u00fcr die Abl\u00f6se eines Spielers zahlten, lag bisher bei 50 Millionen Euro. Im Januar 2025 zahlte der Verein das an <a href=\"https:\/\/sportbild.bild.de\/fussball\/vereine\/paris-saint-germain\/psg-aktuelle-news-und-videos-85081346.sport.html\" class=\"text-link\" rel=\"nofollow noopener\" target=\"_blank\">Paris St-Germain<\/a> f\u00fcr Xavi Simons (23). Die Abl\u00f6se-Obergrenze lag nach der verpassten Champions-League-Qualifikation bei 30 Mio. Euro. Daher wurden eher Spieler f\u00fcr 20 Mio. Euro gescoutet. RB hat nach Diomandes Verkauf aber pl\u00f6tzlich Alternativen auf der Favoritenliste, die teurer sind! <\/p>\n<p>Racing Stra\u00dfburg w\u00fcrde f\u00fcr den Belgier Diego Moreira (22) wohl rund 70 Mio. Euro Abl\u00f6se verlangen. Durch geschickte Verhandlungen k\u00f6nnte die Summe nochmal auf \u00fcber 40 Mio. Euro schrumpfen. F\u00fcr Supertalent Sa\u00efd El Mala (19) m\u00f6chte der <a href=\"https:\/\/sportbild.bild.de\/bundesliga\/vereine\/1-fc-koeln\/home-36649352.sport.html\" class=\"text-link\" rel=\"nofollow noopener\" target=\"_blank\">1. FC K\u00f6ln<\/a> mindestens 50 Mio. Euro bekommen. Dazu w\u00fcrden noch f\u00fcnf Mio. Euro Boni kommen sowie weitere f\u00fcnf Mio. Euro f\u00fcr au\u00dfergew\u00f6hnliche Erfolge. Eine Weiterverkaufsbeteiligung f\u00fcr den FC w\u00fcrde ebenfalls noch dazukommen. Die Leipziger waren sowohl bei Moreira als auch bei El Mala am Anfang der Woche im Rennen, obwohl die Zahlen eigentlich zu hoch sind. <\/p>\n<p>\u201eWas steckt dahinter?\u201c: DAS wurde in der Musiala-Erkl\u00e4rung nicht erw\u00e4hnt<a class=\"anchor video-teaser__anchor\" href=\"https:\/\/sportbild.bild.de\/fussball\/1-bundesliga\/fc-bayern-das-wird-in-jamal-musialas-erklaerung-nicht-erwaehnt-6a856613c9a2e30783dab52a\" rel=\"nofollow noopener\" target=\"_blank\"><img decoding=\"async\" width=\"992\" height=\"558\" alt=\"FC Bayern: DAS wird in Jamal Musialas Erkl\u00e4rung nicht erw\u00e4hnt\" loading=\"lazy\" src=\"https:\/\/www.europesays.com\/de\/wp-content\/uploads\/2026\/08\/643a32cb8ac66a4a8f2ffb93d2bf56a2,94fc3ba9.jpeg\"   class=\"landscape teaser__image\"\/><\/a><\/p>\n<p>Quelle: WELT19.08.2026<\/p>\n<p>Darum sind Fl\u00fcgelspieler gerade besonders teuer <\/p>\n<p>F\u00fcr Top-Spieler mit der dementsprechenden Qualit\u00e4t m\u00fcsse tiefer in die Tasche gegriffen werden als urspr\u00fcnglich intern vereinbart. Das wissen sowohl RB als auch der Gesellschafter Red Bull. Insider sprechen von einem Fl\u00fcgel-Markt: Die Preise f\u00fcr die Au\u00dfenst\u00fcrmer sind so hoch, weil die Nachfrage so hoch ist. Deswegen steigen die Preise f\u00fcr die Spieler auf der Position stark an. Leipzig selbst hatte beim Diomande-Transfer davon profitiert. <\/p>\n<p>F\u00fcr die Sachsen kam die Frage auf, ob sie aus guten Nachwuchsspielern, die um die 20 Mio. Euro wert sind, selbst Stammspieler machen wollen, jedoch mit dem Risiko, dass es l\u00e4nger dauern k\u00f6nnte oder sogar scheitern k\u00f6nnte. Die Alternative ist: Sie kaufen sich Top-Talente f\u00fcr eine deutlich h\u00f6here Summe, die aber sofort helfen und bei einem Weiterverkauf wahrscheinlich eine weitere Mega-Abl\u00f6se versprechen.<\/p>\n<p>Mehr zum ThemaKlopp: Gespr\u00e4ch mit El Mala<\/p>\n<p>El Mala wird bereits in England als der kommende Star gehandelt. Dem Au\u00dfenst\u00fcrmer fehlt eine konstante Einsatzzeit auf diesem hohen Niveau. Deswegen schlagen die Top-Vereine aus England noch nicht zu. Au\u00dferdem w\u00fcrde der K\u00f6lner lieber in der Bundesliga bleiben. Borussia Dortmund war bereits an dem K\u00f6lner dran, doch der Wechsel scheiterte, da der BVB die geforderte Abl\u00f6se von 50 Mio. Euro nicht zahlen wollte. In der K\u00f6lner Kabine sprach El Mala aber auch schon vor dem Angebot aus Dortmund davon, dass er auch f\u00fcr Leipzig spielen w\u00fcrde. <\/p>\n<p>F\u00fcr Insider nicht \u00fcberraschend: Der U-21-Nationalspieler steht schon l\u00e4nger auf der Wunschliste der Leipziger. RB-Sportkoordinator Daniel Baier (42) ist mit El Malas Familie schon \u00fcber ein Jahr im Kontakt. Bereits im Winter war das Interesse konkret: El Mala kam nach Leipzig und schaute sich die Trainingsbedingungen am Cottaweg an. J\u00fcrgen Klopp (59), der ehemalige Red-Bull-Fu\u00dfball-Chef, sprach mit dem K\u00f6lner und zeigte ihm die Entwicklungsm\u00f6glichkeiten bei RB Leipzig auf.<\/p>\n<p><img decoding=\"async\" width=\"992\" height=\"558\" alt=\"J\u00fcrgen Klopp (59)\" loading=\"lazy\" src=\"https:\/\/www.europesays.com\/de\/wp-content\/uploads\/2026\/08\/e215ea5f338a19fc3085936d8aa671c5,626ab89a.jpeg\"   class=\"landscape\"\/><\/p>\n<p class=\"fig__caption__text\">J\u00fcrgen Klopp (59)<\/p>\n<p>Foto: Getty Images<\/p>\n<p>Teurer Transfer soll eine Ausnahme bleiben<\/p>\n<p>F\u00fcr Leipzig ist wichtig: In das Limit des Grundgehaltes von f\u00fcnf Mio. Euro, wie RB es vorsieht, w\u00fcrde El Mala gut reinpassen. \u00c4hnlich verdient h\u00e4tte das Talent auch bei Brentford, Brighton und Dortmund. <\/p>\n<p>Bei RB ist intern klar: Solche Transfers von Top-Spielern wie Moreira und El Mala, die die Abl\u00f6se-Grenze deutlich sprengen, sollen die Ausnahme bleiben. Generell soll die bisherige Gr\u00f6\u00dfenordnung von Abl\u00f6sen bis zu 30 Mio. Euro bestehen bleiben. <\/p>\n","protected":false},"excerpt":{"rendered":"In den vergangenen Jahren konnte sich Marcel Sch\u00e4fer (42) einen ausgezeichneten Ruf als Sparfuchs erarbeiten. Er schaffte es&hellip;\n","protected":false},"author":2,"featured_media":1247512,"comment_status":"","ping_status":"","sticky":false,"template":"","format":"standard","meta":{"footnotes":"","_share_on_mastodon":"0"},"categories":[1832],"tags":[623,3364,29,253980,538,30,7645,71,9662,1655,1651,23680,859,10779,803,3460],"class_list":["post-1247511","post","type-post","status-publish","format-standard","has-post-thumbnail","category-leipzig","tag-1-fc-koeln","tag-de","tag-deutschland","tag-el-mala-said","tag-erste-bundesliga","tag-germany","tag-klopp-juergen","tag-leipzig","tag-no-sport-app","tag-rb-leipzig","tag-red-bull","tag-regio-sport-leipzig","tag-sachsen","tag-schaefer-marcel","tag-spielertransfer","tag-sport-leuchtturm-leipzig"],"share_on_mastodon":{"url":"","error":""},"_links":{"self":[{"href":"https:\/\/www.europesays.com\/de\/wp-json\/wp\/v2\/posts\/1247511","targetHints":{"allow":["GET"]}}],"collection":[{"href":"https:\/\/www.europesays.com\/de\/wp-json\/wp\/v2\/posts"}],"about":[{"href":"https:\/\/www.europesays.com\/de\/wp-json\/wp\/v2\/types\/post"}],"author":[{"embeddable":true,"href":"https:\/\/www.europesays.com\/de\/wp-json\/wp\/v2\/users\/2"}],"replies":[{"embeddable":true,"href":"https:\/\/www.europesays.com\/de\/wp-json\/wp\/v2\/comments?post=1247511"}],"version-history":[{"count":0,"href":"https:\/\/www.europesays.com\/de\/wp-json\/wp\/v2\/posts\/1247511\/revisions"}],"wp:featuredmedia":[{"embeddable":true,"href":"https:\/\/www.europesays.com\/de\/wp-json\/wp\/v2\/media\/1247512"}],"wp:attachment":[{"href":"https:\/\/www.europesays.com\/de\/wp-json\/wp\/v2\/media?parent=1247511"}],"wp:term":[{"taxonomy":"category","embeddable":true,"href":"https:\/\/www.europesays.com\/de\/wp-json\/wp\/v2\/categories?post=1247511"},{"taxonomy":"post_tag","embeddable":true,"href":"https:\/\/www.europesays.com\/de\/wp-json\/wp\/v2\/tags?post=1247511"}],"curies":[{"name":"wp","href":"https:\/\/api.w.org\/{rel}","templated":true}]}}