{"id":1247542,"date":"2026-08-19T19:05:18","date_gmt":"2026-08-19T19:05:18","guid":{"rendered":"https:\/\/www.europesays.com\/de\/1247542\/"},"modified":"2026-08-19T19:05:18","modified_gmt":"2026-08-19T19:05:18","slug":"satou-sabally-ihr-wm-traum-in-berlin-ist-geplatzt","status":"publish","type":"post","link":"https:\/\/www.europesays.com\/de\/1247542\/","title":{"rendered":"Satou Sabally: Ihr WM-Traum in Berlin ist geplatzt"},"content":{"rendered":"<p>Emotionales Aus f\u00fcr die SportlerinWM-Traum zerplatzt! Satou Sabally kann nicht in Berlin spielen<img alt=\"CHICAGO, USA - June 7: Satou Sabally 0 New York Liberty is seen before the WNBA, Basketball Damen, USA Commissioners Cup game between the Chicago Sky and New York Liberty at Wintrust Arena on Wednesday, June 17 in Chicago, USA PUBLICATIONxNOTxINxBRAxMEX Copyright: xShainaxBenhiyoun\/SPPx Sportspressphoto_SPR169248\" fetchpriority=\"high\" width=\"940\" height=\"529\" decoding=\"async\" data-nimg=\"1\" class=\"Image_image__SdgLQ Picture_image__vGN9W\" style=\"color:transparent\"   src=\"https:\/\/www.europesays.com\/de\/wp-content\/uploads\/2026\/08\/chicago-usa-june-7-satou-sabally-0-new-york-liberty-is-seen-before-the-wnba-basketball-damen-usa-com.webp\"\/><\/p>\n<p>Satou Sabally wird die Basketball-WM in Berlin verpassen.<\/p>\n<p>IMAGO\/Sports Press Photo \/ IMAGO\/Shaina Benhiyoun\/SPP<\/p>\n<p class=\"AnnotatedMarkup_paragraph__IUT9l\">Es hatte sich schon angedeutet, jetzt ist klar: Basketballstar Satou Sabally verpasst die WM in ihrer Heimatstadt Berlin. Das Aus ist ein herber D\u00e4mpfer f\u00fcr die Medaillenhoffnungen der deutschen Mannschaft.<\/p>\n<p class=\"AnnotatedMarkup_paragraph__IUT9l\">Es h\u00e4tte ein \u201eabsolutes Highlight\u201c ihrer Karriere werden sollen, doch Satou Saballys Traum von einer Teilnahme an der WM in ihrer Heimatstadt Berlin ist endg\u00fcltig geplatzt. Der deutsche Basketballstar musste schweren Herzens f\u00fcr das in gut zwei Wochen beginnende Turnier (4. bis 13. September) absagen, auch wenn sich schon l\u00e4nger angek\u00fcndigt hatte, dass es mit ihrer Teilnahme wohl nichts werden wird.<\/p>\n<p class=\"AnnotatedMarkup_paragraph__IUT9l\">\u201eEs f\u00e4llt mir unglaublich schwer, euch mitteilen zu m\u00fcssen, dass ich nicht bei der WM in Berlin dabei sein kann\u201c, schrieb die WNBA-Spielerin von New York Liberty bei Instagram: \u201eDarauf habe ich jahrelang hingearbeitet und immer alles gegeben.\u201c Am Ende war alles umsonst.<\/p>\n<p class=\"AnnotatedMarkup_paragraph__IUT9l\">Sabally leidet weiter unter den Folgen einer Gehirnersch\u00fctterung, die 28-J\u00e4hrige hat seit dem 24. Juni nicht mehr gespielt. Es ist f\u00fcr sie die zweite in recht kurzer Zeit, bereits Anfang Oktober 2025, damals noch in Diensten von Phoenix Mercury, hatte es Sabally in der WNBA-Finalserie erwischt. \u201eIch muss jetzt auf meinen K\u00f6rper h\u00f6ren, meine Gesundheit an erste Stelle setzen und mich auf mein vollst\u00e4ndige Genesung konzentrieren\u201c, hie\u00df es im Post.<\/p>\n<p>Schlag f\u00fcr deutsche Mannschaft<\/p>\n<p class=\"AnnotatedMarkup_paragraph__IUT9l\">Die Absage kommt nicht \u00fcberraschend, ist aber ein harter Schlag f\u00fcr die deutsche Mannschaft. Sabally, dreimal WNBA-Allstar, w\u00e4re eine Schl\u00fcsselspielerin im Kampf um die angestrebte Medaille gewesen. Die Berlinerin hatte das Team des Deutschen Basketball Bundes (DBB) etwa 2024 in der Qualifikation zu Olympia in Paris getragen.<\/p>\n<p class=\"AnnotatedMarkup_paragraph__IUT9l\">Und es k\u00f6nnte den DBB noch h\u00e4rter treffen. Denn ob Saballys j\u00fcngere Schwester Nyara spielen kann, steht ebenfalls in den Sternen. Die 26-J\u00e4hrige von Toronto Tempo laboriert derzeit an einer Wadenverletzung und f\u00e4llt wochenlang aus. Tendenziell ist es unwahrscheinlich, dass sie dabei sein kann. Ausgeschlossen ist ein Einsatz aber (noch) nicht.<\/p>\n<p class=\"AnnotatedMarkup_paragraph__IUT9l\">Doch damit nicht genug. Auch Leonie Fiebich, Satou Saballys Teamkollegin in New York und 2024 mit der Liberty an der Seite von Nyara WNBA-Champion, kann derzeit wegen Kn\u00f6chelproblemen ebenfalls nicht spielen. Sie stand zuletzt Anfang Juli auf dem Parkett, hat aber wohl noch Chancen, fit zu werden.<\/p>\n<p class=\"AnnotatedMarkup_paragraph__IUT9l\">F\u00fcr Satou Sabally ist diese Hoffnung vorbei, verfolgen will sie das Turnier aber unbedingt. \u201eIch bin unfassbar stolz auf dieses Team und werde aus der Ferne unterst\u00fctzen, mit allem, was ich habe\u201c, schrieb sie. Es wird schwierig sein, tatenlos vor dem Bildschirm zu sitzen, wenn in Berlin das Highlight beginnt.<\/p>\n<p class=\"AnnotatedMarkup_paragraph__IUT9l\">Verwendete Quellen: mbl\/sid<\/p>\n","protected":false},"excerpt":{"rendered":"Emotionales Aus f\u00fcr die SportlerinWM-Traum zerplatzt! Satou Sabally kann nicht in Berlin spielen Satou Sabally wird die Basketball-WM&hellip;\n","protected":false},"author":2,"featured_media":1247543,"comment_status":"","ping_status":"","sticky":false,"template":"","format":"standard","meta":{"footnotes":"","_share_on_mastodon":"0"},"categories":[1825],"tags":[296,299,468,29,1572,347,30,4550,107259,265],"class_list":["post-1247542","post","type-post","status-publish","format-standard","has-post-thumbnail","category-berlin","tag-berlin","tag-bundesliga","tag-champions-league","tag-deutschland","tag-formel-1","tag-fussball","tag-germany","tag-nfl","tag-oktagon-mma","tag-sport"],"share_on_mastodon":{"url":"https:\/\/pubeurope.com\/@de\/117123741233530796","error":""},"_links":{"self":[{"href":"https:\/\/www.europesays.com\/de\/wp-json\/wp\/v2\/posts\/1247542","targetHints":{"allow":["GET"]}}],"collection":[{"href":"https:\/\/www.europesays.com\/de\/wp-json\/wp\/v2\/posts"}],"about":[{"href":"https:\/\/www.europesays.com\/de\/wp-json\/wp\/v2\/types\/post"}],"author":[{"embeddable":true,"href":"https:\/\/www.europesays.com\/de\/wp-json\/wp\/v2\/users\/2"}],"replies":[{"embeddable":true,"href":"https:\/\/www.europesays.com\/de\/wp-json\/wp\/v2\/comments?post=1247542"}],"version-history":[{"count":0,"href":"https:\/\/www.europesays.com\/de\/wp-json\/wp\/v2\/posts\/1247542\/revisions"}],"wp:featuredmedia":[{"embeddable":true,"href":"https:\/\/www.europesays.com\/de\/wp-json\/wp\/v2\/media\/1247543"}],"wp:attachment":[{"href":"https:\/\/www.europesays.com\/de\/wp-json\/wp\/v2\/media?parent=1247542"}],"wp:term":[{"taxonomy":"category","embeddable":true,"href":"https:\/\/www.europesays.com\/de\/wp-json\/wp\/v2\/categories?post=1247542"},{"taxonomy":"post_tag","embeddable":true,"href":"https:\/\/www.europesays.com\/de\/wp-json\/wp\/v2\/tags?post=1247542"}],"curies":[{"name":"wp","href":"https:\/\/api.w.org\/{rel}","templated":true}]}}