{"id":1247558,"date":"2026-08-19T19:15:17","date_gmt":"2026-08-19T19:15:17","guid":{"rendered":"https:\/\/www.europesays.com\/de\/1247558\/"},"modified":"2026-08-19T19:15:17","modified_gmt":"2026-08-19T19:15:17","slug":"vor-der-heim-wm-verletzungsschock-bei-unseren-basketballerinnen-sport","status":"publish","type":"post","link":"https:\/\/www.europesays.com\/de\/1247558\/","title":{"rendered":"Vor der Heim-WM: Verletzungsschock bei unseren Basketballerinnen | Sport"},"content":{"rendered":"<p><a class=\"skip-content skip-content--link\" href=\"#in-content-skip-link-target-v-0-0\">TTS-Player \u00fcberspringen\u21b5<\/a><a id=\"in-content-skip-link-target-v-0-0\" class=\"skip-content--target-link-hidden skip-content skip-content--target-link\" href=\"#in-content-skip-link-target-v-0-0\">Artikel weiterlesen<\/a><\/p>\n<p data-21134c99=\"0-1953\"><b>Richtig schlechte Nachrichten f\u00fcr den Deutschen <\/b><a href=\"https:\/\/www.bild.de\/sport\/mehr-sport\/basketball\/startseite-sport-sport-mix-basketball-26394584.bild.html\" class=\"text-link\" rel=\"nofollow noopener\" target=\"_blank\"><b>Basketball<\/b><\/a><b> Bund kurz vor der Heim-WM der Frauen in Berlin (4. bis 13. September)! Eine der Starspielerinnen von Bundestrainer Olaf Lange (53) verpasst mit einer Verletzung das Turnier. <\/b><\/p>\n<p data-21134c99=\"0-1953\">WNBA-Profi Satou Sabally (28) leidet immer noch an einer Gehirnersch\u00fctterung. Seit dem 24. Juni hat sie deshalb kein Spiel mehr bestritten. <\/p>\n<p data-21134c99=\"0-1953\">Die Blessur macht ihr eine Teilnahme unm\u00f6glich. In einem Statement schreibt die Spielerin von New York Liberty: \u201eIch muss mit gro\u00dfem Bedauern mitteilen, dass ich leider bei der WM in Berlin nicht dabei sein kann. Eine Heim-WM vor eigenem Publikum, vor meiner Familie und mit diesem Team, war eines meiner gr\u00f6\u00dften sportlichen Ziele. Diese Entscheidung f\u00e4llt mir sehr schwer, aber ich muss meine Gesundheit priorisieren und den gesamten Fokus darauf richten, vollst\u00e4ndig gesund zu werden. Ich w\u00fcnsche dem gesamten Team von Herzen viel Erfolg bei der WM. In Gedanken bin ich bei euch.\u201c<\/p>\n<p>Basketball: WNBA-Profi Satou Sabally sagt Teilnahme an Heim-WM ab<\/p>\n<p data-21134c99=\"0-1953\">Sabally wurde dreimal ins All-Star-Team der WNBA berufen. 16 Mal spielte die geb\u00fcrtige New Yorkerin (Vater aus Gambia, Mutter Deutsche) bereits f\u00fcr den DBB. Gr\u00f6\u00dfter Erfolg bislang war die Qualifikation f\u00fcr die Olympischen Spiele in Paris 2024. Dort erreichte die Mannschaft das Viertelfinale, beendete das Turnier auf Platz 7.<\/p>\n<p data-21134c99=\"0-1953\">F\u00fcr die Heim-WM, bei der Deutschland in der Vorrunde auf Spanien (4. September), Japan (5. September) und Mali (7. September) trifft, galt Sabally als Hoffnungstr\u00e4gerin. <\/p>\n<p data-21134c99=\"0-1953\">Auch um zwei weitere WNBA-Profis sorgt sich der Bundestrainer aktuell. Nyara Sabally (26\/Toronto Tempo), Satous Schwester, leidet an einer Wadenverletzung. Und Leonie Fiebich (26\/New York Liberty) setzt in der Frauen-NBA derzeit mit einer Fu\u00dfverletzung aus. Der Spielbetrieb in der Liga l\u00e4uft noch bis kurz vor Beginn der WM.<\/p>\n<p data-21134c99=\"0-1953\">Ihr erstes Testspiel verloren die deutschen Damen am Samstag gegen Spanien mit 60:65.<\/p>\n","protected":false},"excerpt":{"rendered":"TTS-Player \u00fcberspringen\u21b5Artikel weiterlesen Richtig schlechte Nachrichten f\u00fcr den Deutschen Basketball Bund kurz vor der Heim-WM der Frauen in&hellip;\n","protected":false},"author":2,"featured_media":1247559,"comment_status":"","ping_status":"","sticky":false,"template":"","format":"standard","meta":{"footnotes":"","_share_on_mastodon":"0"},"categories":[136],"tags":[1263,2493,9954,29,11403,30,656,265,67309],"class_list":["post-1247558","post","type-post","status-publish","format-standard","has-post-thumbnail","category-sport","tag-aufmacher-bereich","tag-basketball","tag-dbb","tag-deutschland","tag-em","tag-germany","tag-olympia","tag-sport","tag-wnba"],"share_on_mastodon":{"url":"https:\/\/pubeurope.com\/@de\/117123778604963223","error":""},"_links":{"self":[{"href":"https:\/\/www.europesays.com\/de\/wp-json\/wp\/v2\/posts\/1247558","targetHints":{"allow":["GET"]}}],"collection":[{"href":"https:\/\/www.europesays.com\/de\/wp-json\/wp\/v2\/posts"}],"about":[{"href":"https:\/\/www.europesays.com\/de\/wp-json\/wp\/v2\/types\/post"}],"author":[{"embeddable":true,"href":"https:\/\/www.europesays.com\/de\/wp-json\/wp\/v2\/users\/2"}],"replies":[{"embeddable":true,"href":"https:\/\/www.europesays.com\/de\/wp-json\/wp\/v2\/comments?post=1247558"}],"version-history":[{"count":0,"href":"https:\/\/www.europesays.com\/de\/wp-json\/wp\/v2\/posts\/1247558\/revisions"}],"wp:featuredmedia":[{"embeddable":true,"href":"https:\/\/www.europesays.com\/de\/wp-json\/wp\/v2\/media\/1247559"}],"wp:attachment":[{"href":"https:\/\/www.europesays.com\/de\/wp-json\/wp\/v2\/media?parent=1247558"}],"wp:term":[{"taxonomy":"category","embeddable":true,"href":"https:\/\/www.europesays.com\/de\/wp-json\/wp\/v2\/categories?post=1247558"},{"taxonomy":"post_tag","embeddable":true,"href":"https:\/\/www.europesays.com\/de\/wp-json\/wp\/v2\/tags?post=1247558"}],"curies":[{"name":"wp","href":"https:\/\/api.w.org\/{rel}","templated":true}]}}