{"id":1247624,"date":"2026-08-19T19:56:21","date_gmt":"2026-08-19T19:56:21","guid":{"rendered":"https:\/\/www.europesays.com\/de\/1247624\/"},"modified":"2026-08-19T19:56:21","modified_gmt":"2026-08-19T19:56:21","slug":"trotz-ferienzeit-umsatz-bei-deutschen-freizeitparks-eingebrochen-news","status":"publish","type":"post","link":"https:\/\/www.europesays.com\/de\/1247624\/","title":{"rendered":"Trotz Ferienzeit: Umsatz bei deutschen Freizeitparks eingebrochen | News"},"content":{"rendered":"<p><a class=\"skip-content skip-content--link\" href=\"#in-content-skip-link-target-v-0-0\">TTS-Player \u00fcberspringen\u21b5<\/a><a id=\"in-content-skip-link-target-v-0-0\" class=\"skip-content--target-link-hidden skip-content skip-content--target-link\" href=\"#in-content-skip-link-target-v-0-0\">Artikel weiterlesen<\/a><\/p>\n<p data-bbd632a7=\"0-1323\">Berlin \u2013 <b>Achterbahn, Karussell und Riesenrad. Freizeitparks boomen in Deutschland. Ein Milliardengesch\u00e4ft, das rund 75 Millionen Besucher j\u00e4hrlich gl\u00fccklich macht. Doch in diesem Sommer verzeichnen die Parks R\u00fcckg\u00e4nge. <\/b><\/p>\n<p data-bbd632a7=\"0-1323\">Grund f\u00fcr den Einbruch soll die heftige Hitzewelle sein. Der Verband Deutscher Freizeitparks und Freizeitunternehmen (VDFU) in Berlin spricht von \u201eextremen Belastungen f\u00fcr die Betreiber\u201c, die hohe Einbu\u00dfen f\u00fcr das so wichtige Sommergesch\u00e4ft der <a href=\"https:\/\/www.bild.de\/themen\/organisationen\/freizeitparks\/news-fotos-videos-17023298.bild.html\" class=\"text-link\" rel=\"nofollow noopener\" target=\"_blank\">Freizeitparks<\/a> bedeuteten. <\/p>\n<p>So stark bricht das Gesch\u00e4ft ein<\/p>\n<p data-bbd632a7=\"0-1323\">VDFU-Gesch\u00e4ftsf\u00fchrer J\u00fcrgen Gevers (49) zu BILD: \u201eWir rechnen mit einem zweistelligen Minus, das nicht selten 20 Prozent erreicht.\u201c Das Gesch\u00e4ft sei generell vom Wetter abh\u00e4ngig, aber bei extremen Hitzewellen wie zuletzt mitten in den Sommerferien gehen nat\u00fcrlich kaum noch Leute in die Parks. Das best\u00e4tigt Fabrizio Sepe (56), Besitzer des Serengeti Parks in Hodenhagen (Niedersachsen): \u201eAlles \u00fcber 30 Grad ist Gift f\u00fcr unser Gesch\u00e4ft. Letzten Samstag lagen wir bei \u00fcber 35 Grad. 20 Prozent Minus haben wir locker erreicht\u201c, sagt er zu BILD. <\/p>\n<p><img decoding=\"async\" width=\"992\" height=\"558\" alt=\"Der Kumna-Twister ist eines der top Fahrgesch\u00e4fte des Serengeti Parks in Hodenhagen\" loading=\"lazy\" src=\"https:\/\/www.europesays.com\/de\/wp-content\/uploads\/2026\/08\/31d55ef958340d0464bb0ebff799df0d,492920aa.jpeg\"   class=\"landscape\"\/><\/p>\n<p class=\"fig__caption__text\">Der Kumba-Twister ist eines der Top-Fahrgesch\u00e4fte des Serengeti-Parks in Hodenhagen<\/p>\n<p>Foto: Serengeti-Park Hodenhagen<\/p>\n<p>Kosten f\u00fcr Freizeitparks immer h\u00f6her<\/p>\n<p data-bbd632a7=\"0-1323\">Die schmerzlich fehlenden Besucher sind das eine, die durch die <a href=\"https:\/\/www.bild.de\/news\/wetter\/hitzewelle\/thema-hitzewelle-alle-infos-80747866.bild.html\" class=\"text-link\" rel=\"nofollow noopener\" target=\"_blank\">Hitze<\/a> steigenden Kosten das andere, so der Verband. \u201eDer Verbrauch an Energie, aber z.\u00a0B. auch an Wasser schnellt bei derart langen Hitzewellen in die H\u00f6he. Viele unserer Mitglieder \u00e4chzen \u00fcber explodierende Kosten f\u00fcr die Pflege ihrer Anlagen.\u201c B\u00e4ume und Pflanzen w\u00fcrden leiden und m\u00fcssten bew\u00e4ssert werden.<\/p>\n<p data-bbd632a7=\"1324-2942\">\u201eSie kriegen sofort Druck von allen Seiten. Die einen sagen, pflegt bitte mal euren Park. Die anderen sind entsetzt, wenn wir w\u00e4ssern\u201c, sagt Matthias M\u00f6lter (42) vom Freizeitpark Geiselwind, einem der gr\u00f6\u00dften Familienunternehmen in Bayern. B\u00fcsche und Hecken s\u00e4hen schlimm aus. Die Hitzewelle habe sehr geschadet. M\u00f6lter zu BILD: \u201eAls <a href=\"https:\/\/www.bild.de\/themen\/organisationen\/unternehmen\/news-fotos-videos-5n9Nevv68FAFS89DJteg\" class=\"text-link\" rel=\"nofollow noopener\" target=\"_blank\">Unternehmer<\/a> und Eigent\u00fcmer gehe ich jedes Jahr mit Investitionen von bis zu 10 Millionen alleine ins Risiko, Wetterextreme inklusive.\u201c Alleine der neue Dark Ride \u201eRavemoore\u201c habe \u00fcber vier Millionen gekostet. <\/p>\n<p><img decoding=\"async\" width=\"992\" height=\"558\" alt=\"Der Dark Ride \u201eRavemoore\u201c ist die neue Indoorattraktion vom Freizeitpark Geiselwind\" loading=\"lazy\" src=\"https:\/\/www.europesays.com\/de\/wp-content\/uploads\/2026\/08\/8f8776553941b962ece10649641e7274,5bd14bbb.jpeg\"   class=\"landscape\"\/><\/p>\n<p class=\"fig__caption__text\">Der Dark Ride \u201eRavemoore\u201c ist die neue Indoorattraktion vom Freizeitpark Geiselwind <\/p>\n<p>Foto: Freizeit-Land Geiselwind<\/p>\n<p>Was die steigenden Kosten bedeuten<\/p>\n<p data-bbd632a7=\"1324-2942\">Sein Freizeitpark habe 2024 und 2025 gute Jahre gehabt. 2025 habe aber wegen gestiegener <a href=\"https:\/\/www.bild.de\/themen\/specials\/kosten\/news-fotos-videos-23670088.bild.html\" class=\"text-link\" rel=\"nofollow noopener\" target=\"_blank\">Kosten<\/a> fast 40 Prozent weniger Gewinn eingebracht. Matthias M\u00f6lter: \u201eS\u00e4mtliche Kosten f\u00fcr Wartung, Instandhaltung, Wareneinkauf, aber auch B\u00fcrokratie, sind nochmal drastisch gestiegen.\u201c <\/p>\n<p data-bbd632a7=\"1324-2942\">Die dramatisch ansteigenden Kosten belasten auch den Freizeitpark Plohn in Sachsen, der in 30 Jahren viele H\u00f6hen und Tiefen erlebt hat. Gesch\u00e4ftsf\u00fchrer und Eigent\u00fcmer Jan V\u00f6lkel (45): \u201eDie Schmerzgrenze ist erreicht. Wir sind f\u00fcr Familien da, k\u00f6nnen nicht ewig diese Preissteigerungen weitergeben.\u201c <\/p>\n<p>Mehr zum Thema<\/p>\n<p data-bbd632a7=\"1324-2942\">Der Verband fordert, die Mehrwertsteuer auf Ticketpreise zu senken. Verbandschef J\u00fcrgen Gevers zu BILD: \u201eWir sind die einzige Freizeitbranche in <a href=\"https:\/\/www.bild.de\/themen\/orte\/deutschland\/nachrichten-news-fotos-videos-17266634.bild.html\" class=\"text-link\" rel=\"nofollow noopener\" target=\"_blank\">Deutschland<\/a>, die die volle Mehrwertsteuer von 19 Prozent zahlt. Selbst auf dem Hamburger Dom oder dem Oktoberfest werden nur 7 Prozent f\u00e4llig.\u201c<\/p>\n","protected":false},"excerpt":{"rendered":"TTS-Player \u00fcberspringen\u21b5Artikel weiterlesen Berlin \u2013 Achterbahn, Karussell und Riesenrad. Freizeitparks boomen in Deutschland. Ein Milliardengesch\u00e4ft, das rund 75&hellip;\n","protected":false},"author":2,"featured_media":1247625,"comment_status":"","ping_status":"","sticky":false,"template":"","format":"standard","meta":{"footnotes":"","_share_on_mastodon":"0"},"categories":[5],"tags":[7024,331,332,3364,7760,29,7022,53588,7759,30,13,18113,1114,2985,22513,14,15,1158,7023,12,2715,11290,17591,27822,55],"class_list":["post-1247624","post","type-post","status-publish","format-standard","has-post-thumbnail","category-nachrichten","tag-achterbahn","tag-aktuelle-nachrichten","tag-aktuelle-news","tag-de","tag-deutsche-freizeitparks","tag-deutschland","tag-fahrgeschaefte","tag-freizeitgestaltung","tag-freizeitparks","tag-germany","tag-headlines","tag-hitzewelle","tag-kinder","tag-kosten","tag-mehrwertsteuer","tag-nachrichten","tag-news","tag-organisationen","tag-riesenrad","tag-schlagzeilen","tag-sommer","tag-sommerferien","tag-unternehmensformen","tag-unternehmer","tag-wirtschaft"],"share_on_mastodon":{"url":"https:\/\/pubeurope.com\/@de\/117123942092846376","error":""},"_links":{"self":[{"href":"https:\/\/www.europesays.com\/de\/wp-json\/wp\/v2\/posts\/1247624","targetHints":{"allow":["GET"]}}],"collection":[{"href":"https:\/\/www.europesays.com\/de\/wp-json\/wp\/v2\/posts"}],"about":[{"href":"https:\/\/www.europesays.com\/de\/wp-json\/wp\/v2\/types\/post"}],"author":[{"embeddable":true,"href":"https:\/\/www.europesays.com\/de\/wp-json\/wp\/v2\/users\/2"}],"replies":[{"embeddable":true,"href":"https:\/\/www.europesays.com\/de\/wp-json\/wp\/v2\/comments?post=1247624"}],"version-history":[{"count":0,"href":"https:\/\/www.europesays.com\/de\/wp-json\/wp\/v2\/posts\/1247624\/revisions"}],"wp:featuredmedia":[{"embeddable":true,"href":"https:\/\/www.europesays.com\/de\/wp-json\/wp\/v2\/media\/1247625"}],"wp:attachment":[{"href":"https:\/\/www.europesays.com\/de\/wp-json\/wp\/v2\/media?parent=1247624"}],"wp:term":[{"taxonomy":"category","embeddable":true,"href":"https:\/\/www.europesays.com\/de\/wp-json\/wp\/v2\/categories?post=1247624"},{"taxonomy":"post_tag","embeddable":true,"href":"https:\/\/www.europesays.com\/de\/wp-json\/wp\/v2\/tags?post=1247624"}],"curies":[{"name":"wp","href":"https:\/\/api.w.org\/{rel}","templated":true}]}}