{"id":1247715,"date":"2026-08-19T20:51:26","date_gmt":"2026-08-19T20:51:26","guid":{"rendered":"https:\/\/www.europesays.com\/de\/1247715\/"},"modified":"2026-08-19T20:51:26","modified_gmt":"2026-08-19T20:51:26","slug":"reaktionen-hoeness-zweiter-musiala-kollaps-hat-mich-vom-hocker-gehauen","status":"publish","type":"post","link":"https:\/\/www.europesays.com\/de\/1247715\/","title":{"rendered":"Reaktionen: Hoene\u00df: Zweiter Musiala-Kollaps &#8222;hat mich vom Hocker gehauen&#8220;"},"content":{"rendered":"<p>            <img loading=\"lazy\" decoding=\"async\" class=\"ts-image\" src=\"https:\/\/www.europesays.com\/de\/wp-content\/uploads\/2026\/08\/br-die-spieler-bildeten-einen-sichtschutz-um-den-am-boden-liegenden-jamal-musiala-100.jpg\" alt=\"Die Spieler bildeten einen Sichtschutz um den am Boden liegenden Jamal Musiala\" title=\"Die Spieler bildeten einen Sichtschutz um den am Boden liegenden Jamal Musiala | picture alliance \/ Eibner-Pressefoto | Jani Pless\"\/><\/p>\n<p class=\"metatextline\">Stand: 19.08.2026 \u2022 19:25 Uhr<\/p>\n<p class=\"article-head__shorttext\">\n        <strong>Zahlreiche Fu\u00dfballstars haben Jamal Musiala nach seinem erneuten Kollaps und dem anschlie\u00dfenden Diagnose-Statement ihre Unterst\u00fctzung zugesichert. Unter ihnen: Uli Hoene\u00df, Harry Kane, Jude Bellingham, Manuel Neuer, Florian Wirtz und Thomas M\u00fcller.<\/strong>\n    <\/p>\n<p class=\"textabsatz m-ten m-offset-one l-eight l-offset-two columns twelve\">Die Anteilnahme und der Support f\u00fcr Jamal Musiala nach seinem zweiten Zusammenbruch binnen vier Tagen im Testspiel gegen den 1. FC Heidenheim sind gro\u00df. Nachdem sich der FC-Bayern-Star am Dienstagabend mit <a href=\"https:\/\/www.br.de\/nachrichten\/sport\/fc-bayern-musiala-teilt-nach-schwaecheanfall-diagnose-mit,VSegh4q\" title=\"einem ausf\u00fchrlichen Statement und einer Diagnose auf Instagram zu Wort gemeldet hatte\" class=\"textlink--extern\" target=\"_blank\" rel=\"noopener nofollow\">einem ausf\u00fchrlichen Statement und einer Diagnose auf Instagram zu Wort gemeldet hatte<\/a>, folgten zahlreiche Genesungsw\u00fcnsche von Fans, Teamkollegen und prominenten Weggef\u00e4hrten.<\/p>\n<p class=\"textabsatz m-ten m-offset-one l-eight l-offset-two columns twelve\">Auch innerhalb des FC Bayern war die Anteilnahme gro\u00df. Joshua Kimmich reagierte mit zwei Herzen in den Vereinsfarben. Manuel Neuer, Konrad Laimer und Co. hinterlie\u00dfen ebenfalls Herz-Emojis. Aleksandar Pavlovic schrieb: &#8222;Wir werden alle hinter dir stehen.&#8220; Der offizielle FC-Bayern-Account kommentierte: &#8222;Wir stehen immer an deiner Seite, Jamal.&#8220;<\/p>\n<p>    Hoene\u00df \u00fcber Musiala: &#8222;Hat mich vom Hocker gehauen&#8220;<\/p>\n<p class=\"textabsatz m-ten m-offset-one l-eight l-offset-two columns twelve\">Ehrenpr\u00e4sident Uli Hoene\u00df verlieh gegen\u00fcber &#8222;RTL&#8220; seiner Anteilnahme f\u00fcr Musiala Ausdruck. &#8222;Dass das vier Tage sp\u00e4ter wieder passiert, das hat mich vom Hocker gehauen&#8220;, sagte der Klub-Patron und schob hinterher: &#8222;Da war ich sprachlos, was selten genug vorkommt.&#8220;<\/p>\n<p class=\"textabsatz m-ten m-offset-one l-eight l-offset-two columns twelve\">Musialas Fall besch\u00e4ftigt Hoene\u00df auch menschlich. &#8222;Ich gehe mit dem Gedanken abends ins Bett und wache morgens mit dem Gedanken an ihn auf&#8220;, erkl\u00e4rte der 74-J\u00e4hrige. Einen Abschied des Youngsters schloss er aus: &#8222;Es gibt eine bedingungslose Unterst\u00fctzung f\u00fcr Jamal.&#8220;<\/p>\n<p>    Harry Kane spricht von Frust<\/p>\n<p class=\"textabsatz m-ten m-offset-one l-eight l-offset-two columns twelve\">Teamkollege Harry Kane sagte am Rande der Verleihung des Goldenen Schuhs als bester Torj\u00e4ger Europas: &#8222;Wenn man die Szenen von gestern und von Samstag sieht, ist das nicht sch\u00f6n, denn er ist unser Teamkollege und Freund.&#8220; Die Situation sei frustrierend. &#8222;Er will einfach so schnell wie m\u00f6glich wieder normal auf den Platz zur\u00fcckkehren.&#8220; Die Mannschaft stehe an Musialas Seite, der seit der Verletzung 2025 hart daran arbeite, wieder Toplevel zu erreichen.<\/p>\n<p class=\"textabsatz m-ten m-offset-one l-eight l-offset-two columns twelve\">Auch aus der Nationalmannschaft erhielt Musiala Zuspruch. Florian Wirtz, mit dem er immer wieder gemeinsam f\u00fcr offensive Glanzmomente sorgte, reagierte mit einem Herz. Leroy San\u00e9 und der ehemalige FC-Bayern-Star David Alaba schlossen sich den Genesungsw\u00fcnschen an.<\/p>\n<p>    Jugendfreund Jude Bellingham meldet sich mit Emoji<\/p>\n<p class=\"textabsatz m-ten m-offset-one l-eight l-offset-two columns twelve\">Auch international sorgte Musialas Diagnose einer &#8222;neurologischen Dysfunktion&#8220; f\u00fcr gro\u00dfe Anteilnahme. Jude Bellingham, mit dem der 23-J\u00e4hrige einst in den englischen Jugendnationalmannschaften zusammenspielte, kommentierte den Beitrag mit drei Herzen. Chelsea-Profi Morgan Rogers hinterlie\u00df ebenfalls eine Nachricht. Bayern-Legende Lothar Matth\u00e4us schrieb: &#8222;Stay strong.&#8220; Thomas M\u00fcller kommentierte &#8222;Keine Sorge, Jamal, wir sind an deiner Seite.&#8220;<\/p>\n<p>    Zweiter Zusammenbruch innerhalb weniger Tage<\/p>\n<p class=\"textabsatz m-ten m-offset-one l-eight l-offset-two columns twelve\">Der Grund f\u00fcr die gro\u00dfe Anteilnahme: <a href=\"https:\/\/www.br.de\/nachrichten\/sport\/fussball-testspiel-fc-bayern-muenchen-gewinnt-4-2-gegen-1-fc-heidenheim-musiala-bricht-zusammen,VSfjZJI\" title=\"Musiala war innerhalb weniger Tage gleich zweimal w\u00e4hrend eines Spiels kollabiert. \" class=\"textlink--extern\" target=\"_blank\" rel=\"noopener nofollow\">Musiala war innerhalb weniger Tage gleich zweimal w\u00e4hrend eines Spiels kollabiert. <\/a>Am Samstag war er im Testspiel gegen RB Leipzig zusammengebrochen und musste mehrere Minuten behandelt werden. Zun\u00e4chst gab es Entwarnung, der Offensivspieler habe lediglich einen Schw\u00e4cheanfall erlitten \u2013 m\u00f6glicherweise beg\u00fcnstigt durch die Temperaturen von mehr als 30 Grad.<\/p>\n<p class=\"textabsatz m-ten m-offset-one l-eight l-offset-two columns twelve\">Nach einem Regenerationstraining stand Musiala nur wenige Tage sp\u00e4ter beim n\u00e4chsten Test gegen den 1. FC Heidenheim wieder im Kader. Doch bereits vier Minuten nach seiner Einwechslung folgte der n\u00e4chste Schock: Der Offensivspieler kollabierte erneut und musste das Spielfeld verlassen.<\/p>\n<p class=\"textabsatz m-ten m-offset-one l-eight l-offset-two columns twelve\">Wenig sp\u00e4ter meldete sich Musiala selbst zu Wort und machte eine &#8222;neurologische Dysfunktion&#8220; \u00f6ffentlich. Auch der offizielle Instagram-Account des 1. FC Heidenheim reagierte auf seinen Beitrag: &#8222;Gute Besserung, Jamal Musiala. Die Gesundheit steht \u00fcber allem, deshalb w\u00fcnschen wir dir nur das Beste!&#8220;<\/p>\n<p class=\"textabsatz m-ten m-offset-one l-eight l-offset-two columns twelve\">Tabellenf\u00fchrung und Abstiegskampf, aktuelle Spielpaarungen, Ergebnisse und Liveticker, Torj\u00e4gerlisten, Laufleistung- sowie Zweikampfstatistiken und noch viel mehr: Fu\u00dfball im Ergebniscenter von BR24Sport.<\/p>\n<p class=\"textabsatz m-ten m-offset-one l-eight l-offset-two columns twelve\">Das ist die Europ\u00e4ische Perspektive bei BR24.<\/p>\n<p class=\"textabsatz m-ten m-offset-one l-eight l-offset-two columns twelve\">&#8222;Hier ist Bayern&#8220;: Der BR24 Newsletter informiert Sie immer montags bis freitags zum Feierabend \u00fcber das Wichtigste vom Tag auf einen Blick \u2013 kompakt und direkt in Ihrem privaten Postfach. Hier geht\u2019s zur Anmeldung!<\/p>\n<p class=\"textabsatz m-ten m-offset-one l-eight l-offset-two columns twelve\">Quelle: BR24Sport 18.08.2026 &#8211; 17:54 Uhr<\/p>\n<p>                                        <a class=\"backlink__link\" href=\"https:\/\/www.br.de\/nachrichten\/sport\/fc-bayern-fussball-stars-melden-sich-nach-diagnose-von-jamal-musiala-darunter-jude-bellingham,VSg7jcb\" rel=\"nofollow noopener\" target=\"_blank\"><\/p>\n<p>                                                <img decoding=\"async\" src=\"https:\/\/images.sportschau.de\/image\/05fe9eb0-903d-4c3a-83ba-894c6893cc80\/AAABlap_YQI\/AAABnR8VW9w\/original\/lra-br-logo-100.svg\" alt=\"Bayerischer Rundfunk\"\/><\/p>\n<p>                                        <\/a><\/p>\n","protected":false},"excerpt":{"rendered":"Stand: 19.08.2026 \u2022 19:25 Uhr Zahlreiche Fu\u00dfballstars haben Jamal Musiala nach seinem erneuten Kollaps und dem anschlie\u00dfenden Diagnose-Statement&hellip;\n","protected":false},"author":2,"featured_media":1247716,"comment_status":"","ping_status":"","sticky":false,"template":"","format":"standard","meta":{"footnotes":"","_share_on_mastodon":"0"},"categories":[5],"tags":[3204,458,347,13,35856,14,15,12,10,8,9,11],"class_list":["post-1247715","post","type-post","status-publish","format-standard","has-post-thumbnail","category-nachrichten","tag-br","tag-fc-bayern-muenchen","tag-fussball","tag-headlines","tag-jamal-musiala","tag-nachrichten","tag-news","tag-schlagzeilen","tag-top-news","tag-top-meldungen","tag-topmeldungen","tag-topnews"],"share_on_mastodon":{"url":"https:\/\/pubeurope.com\/@de\/117124157879212198","error":""},"_links":{"self":[{"href":"https:\/\/www.europesays.com\/de\/wp-json\/wp\/v2\/posts\/1247715","targetHints":{"allow":["GET"]}}],"collection":[{"href":"https:\/\/www.europesays.com\/de\/wp-json\/wp\/v2\/posts"}],"about":[{"href":"https:\/\/www.europesays.com\/de\/wp-json\/wp\/v2\/types\/post"}],"author":[{"embeddable":true,"href":"https:\/\/www.europesays.com\/de\/wp-json\/wp\/v2\/users\/2"}],"replies":[{"embeddable":true,"href":"https:\/\/www.europesays.com\/de\/wp-json\/wp\/v2\/comments?post=1247715"}],"version-history":[{"count":0,"href":"https:\/\/www.europesays.com\/de\/wp-json\/wp\/v2\/posts\/1247715\/revisions"}],"wp:featuredmedia":[{"embeddable":true,"href":"https:\/\/www.europesays.com\/de\/wp-json\/wp\/v2\/media\/1247716"}],"wp:attachment":[{"href":"https:\/\/www.europesays.com\/de\/wp-json\/wp\/v2\/media?parent=1247715"}],"wp:term":[{"taxonomy":"category","embeddable":true,"href":"https:\/\/www.europesays.com\/de\/wp-json\/wp\/v2\/categories?post=1247715"},{"taxonomy":"post_tag","embeddable":true,"href":"https:\/\/www.europesays.com\/de\/wp-json\/wp\/v2\/tags?post=1247715"}],"curies":[{"name":"wp","href":"https:\/\/api.w.org\/{rel}","templated":true}]}}